{"id":5627,"date":"2022-04-29T09:11:55","date_gmt":"2022-04-29T12:11:55","guid":{"rendered":"https:\/\/blogs.correiobraziliense.com.br\/lianasabo\/?p=5627"},"modified":"2022-04-29T09:11:55","modified_gmt":"2022-04-29T12:11:55","slug":"saiu-mais-uma-edicao-da-revista-vinum","status":"publish","type":"post","link":"https:\/\/blogs.correiobraziliense.com.br\/lianasabo\/saiu-mais-uma-edicao-da-revista-vinum\/","title":{"rendered":"Saiu mais uma edi\u00e7\u00e3o da revista Vinum"},"content":{"rendered":"<p>Por falar em vinhos brasileiros \u00e9 exclusivamente sobre eles que trata a revista <em>Vinum Brasilis<\/em>, que acaba de lan\u00e7ar mais uma edi\u00e7\u00e3o repleta de material in\u00e9dito colhido em visitas a vinhedos e vin\u00edcolas, viagens a regi\u00f5es produtoras e garrafas adquiridas pelos editores e colaboradores, \u201ccom o inesgot\u00e1vel compromisso da autonomia de opini\u00e3o\u201d, explica o especialista Eug\u00eanio Oliveira, a frente da publica\u00e7\u00e3o. Para adquirir o exemplar, contato pelo instagram <a href=\"https:\/\/www.instagram.com\/eugeniodcv\/\">@eugeniodcv<\/a>.<\/p>\n","protected":false},"excerpt":{"rendered":"<p>Por falar em vinhos brasileiros \u00e9 exclusivamente sobre eles que trata a revista Vinum Brasilis, que acaba de lan\u00e7ar mais uma edi\u00e7\u00e3o repleta de material in\u00e9dito colhido em visitas a vinhedos e vin\u00edcolas, viagens a regi\u00f5es produtoras e garrafas adquiridas pelos editores e colaboradores, \u201ccom o inesgot\u00e1vel compromisso da autonomia de opini\u00e3o\u201d, explica o especialista Eug\u00eanio Oliveira, a frente da [&hellip;]<\/p>\n","protected":false},"author":54,"featured_media":0,"comment_status":"open","ping_status":"open","sticky":false,"template":"","format":"standard","meta":{"footnotes":""},"categories":[1],"tags":[],"class_list":["post-5627","post","type-post","status-publish","format-standard","hentry","category-sem-categoria"],"_links":{"self":[{"href":"https:\/\/blogs.correiobraziliense.com.br\/lianasabo\/wp-json\/wp\/v2\/posts\/5627","targetHints":{"allow":["GET"]}}],"collection":[{"href":"https:\/\/blogs.correiobraziliense.com.br\/lianasabo\/wp-json\/wp\/v2\/posts"}],"about":[{"href":"https:\/\/blogs.correiobraziliense.com.br\/lianasabo\/wp-json\/wp\/v2\/types\/post"}],"author":[{"embeddable":true,"href":"https:\/\/blogs.correiobraziliense.com.br\/lianasabo\/wp-json\/wp\/v2\/users\/54"}],"replies":[{"embeddable":true,"href":"https:\/\/blogs.correiobraziliense.com.br\/lianasabo\/wp-json\/wp\/v2\/comments?post=5627"}],"version-history":[{"count":2,"href":"https:\/\/blogs.correiobraziliense.com.br\/lianasabo\/wp-json\/wp\/v2\/posts\/5627\/revisions"}],"predecessor-version":[{"id":5629,"href":"https:\/\/blogs.correiobraziliense.com.br\/lianasabo\/wp-json\/wp\/v2\/posts\/5627\/revisions\/5629"}],"wp:attachment":[{"href":"https:\/\/blogs.correiobraziliense.com.br\/lianasabo\/wp-json\/wp\/v2\/media?parent=5627"}],"wp:term":[{"taxonomy":"category","embeddable":true,"href":"https:\/\/blogs.correiobraziliense.com.br\/lianasabo\/wp-json\/wp\/v2\/categories?post=5627"},{"taxonomy":"post_tag","embeddable":true,"href":"https:\/\/blogs.correiobraziliense.com.br\/lianasabo\/wp-json\/wp\/v2\/tags?post=5627"}],"curies":[{"name":"wp","href":"https:\/\/api.w.org\/{rel}","templated":true}]}}