{"id":5619,"date":"2022-04-29T09:02:53","date_gmt":"2022-04-29T12:02:53","guid":{"rendered":"https:\/\/blogs.correiobraziliense.com.br\/lianasabo\/?p=5619"},"modified":"2022-04-29T09:08:32","modified_gmt":"2022-04-29T12:08:32","slug":"historia-para-se-ver-mostra-do-correio-braziliense-esta-em-cartaz-no-ccbb","status":"publish","type":"post","link":"https:\/\/blogs.correiobraziliense.com.br\/lianasabo\/historia-para-se-ver-mostra-do-correio-braziliense-esta-em-cartaz-no-ccbb\/","title":{"rendered":"Hist\u00f3ria para se ver: Mostra do Correio Braziliense est\u00e1 em cartaz no CCBB"},"content":{"rendered":"<figure id=\"attachment_5625\" aria-describedby=\"caption-attachment-5625\" style=\"width: 225px\" class=\"wp-caption alignright\"><a href=\"https:\/\/blogs.correiobraziliense.com.br\/lianasabo\/wp-content\/uploads\/sites\/25\/2022\/04\/WhatsApp-Image-2022-04-29-at-09.06.06.jpeg\"><img loading=\"lazy\" decoding=\"async\" class=\"size-medium wp-image-5625\" src=\"https:\/\/blogs.correiobraziliense.com.br\/lianasabo\/wp-content\/uploads\/sites\/25\/2022\/04\/WhatsApp-Image-2022-04-29-at-09.06.06-225x300.jpeg\" alt=\"\" width=\"225\" height=\"300\" srcset=\"https:\/\/blogs.correiobraziliense.com.br\/lianasabo\/wp-content\/uploads\/sites\/25\/2022\/04\/WhatsApp-Image-2022-04-29-at-09.06.06-225x300.jpeg 225w, https:\/\/blogs.correiobraziliense.com.br\/lianasabo\/wp-content\/uploads\/sites\/25\/2022\/04\/WhatsApp-Image-2022-04-29-at-09.06.06.jpeg 768w, https:\/\/blogs.correiobraziliense.com.br\/lianasabo\/wp-content\/uploads\/sites\/25\/2022\/04\/WhatsApp-Image-2022-04-29-at-09.06.06-800x1067.jpeg 800w, https:\/\/blogs.correiobraziliense.com.br\/lianasabo\/wp-content\/uploads\/sites\/25\/2022\/04\/WhatsApp-Image-2022-04-29-at-09.06.06-550x734.jpeg 550w, https:\/\/blogs.correiobraziliense.com.br\/lianasabo\/wp-content\/uploads\/sites\/25\/2022\/04\/WhatsApp-Image-2022-04-29-at-09.06.06-230x307.jpeg 230w\" sizes=\"auto, (max-width: 225px) 100vw, 225px\" \/><\/a><figcaption id=\"caption-attachment-5625\" class=\"wp-caption-text\">Arquivo pessoal<\/figcaption><\/figure>\n<p>Nada conta melhor a hist\u00f3ria de uma cidade do que um jornal di\u00e1rio. Essa \u00e9 a inten\u00e7\u00e3o da expo <em>Bras\u00edlia e Correio Braziliense: 61 + 1 anos<\/em> de hist\u00f3ria montada no Centro Cultural Banco do Brasil para ser vista at\u00e9 o dia 20 de maio em 62 pain\u00e9is que exibem todas capas de 21 de abril at\u00e9 hoje. Foi mesmo muito legal \u201cdescobrir\u201d a not\u00edcia que escrevi h\u00e1 quadro d\u00e9cadas registrada na capa de 1972.<\/p>\n<p>Al\u00e9m da mostra, h\u00e1 atra\u00e7\u00f5es gastron\u00f4micas no local, como o buf\u00ea no almo\u00e7o de fim de semana servido no Carpe Diem do CCBB. Aos s\u00e1bados, vem completo com feijoada e, no domingo, em vez da feijoada tem jambalaia, a paella de frutos do mar e frango. \u00c0 noite, o servi\u00e7o e \u00e0 la carte. Reservas: 99655-2002.<\/p>\n","protected":false},"excerpt":{"rendered":"<p>Nada conta melhor a hist\u00f3ria de uma cidade do que um jornal di\u00e1rio. Essa \u00e9 a inten\u00e7\u00e3o da expo Bras\u00edlia e Correio Braziliense: 61 + 1 anos de hist\u00f3ria montada no Centro Cultural Banco do Brasil para ser vista at\u00e9 o dia 20 de maio em 62 pain\u00e9is que exibem todas capas de 21 de abril at\u00e9 hoje. Foi mesmo [&hellip;]<\/p>\n","protected":false},"author":54,"featured_media":5620,"comment_status":"open","ping_status":"open","sticky":false,"template":"","format":"standard","meta":{"footnotes":""},"categories":[73],"tags":[58,429,430],"class_list":["post-5619","post","type-post","status-publish","format-standard","has-post-thumbnail","hentry","category-materia","tag-ccbb","tag-correio-braziliense","tag-exposicao"],"_links":{"self":[{"href":"https:\/\/blogs.correiobraziliense.com.br\/lianasabo\/wp-json\/wp\/v2\/posts\/5619","targetHints":{"allow":["GET"]}}],"collection":[{"href":"https:\/\/blogs.correiobraziliense.com.br\/lianasabo\/wp-json\/wp\/v2\/posts"}],"about":[{"href":"https:\/\/blogs.correiobraziliense.com.br\/lianasabo\/wp-json\/wp\/v2\/types\/post"}],"author":[{"embeddable":true,"href":"https:\/\/blogs.correiobraziliense.com.br\/lianasabo\/wp-json\/wp\/v2\/users\/54"}],"replies":[{"embeddable":true,"href":"https:\/\/blogs.correiobraziliense.com.br\/lianasabo\/wp-json\/wp\/v2\/comments?post=5619"}],"version-history":[{"count":2,"href":"https:\/\/blogs.correiobraziliense.com.br\/lianasabo\/wp-json\/wp\/v2\/posts\/5619\/revisions"}],"predecessor-version":[{"id":5626,"href":"https:\/\/blogs.correiobraziliense.com.br\/lianasabo\/wp-json\/wp\/v2\/posts\/5619\/revisions\/5626"}],"wp:featuredmedia":[{"embeddable":true,"href":"https:\/\/blogs.correiobraziliense.com.br\/lianasabo\/wp-json\/wp\/v2\/media\/5620"}],"wp:attachment":[{"href":"https:\/\/blogs.correiobraziliense.com.br\/lianasabo\/wp-json\/wp\/v2\/media?parent=5619"}],"wp:term":[{"taxonomy":"category","embeddable":true,"href":"https:\/\/blogs.correiobraziliense.com.br\/lianasabo\/wp-json\/wp\/v2\/categories?post=5619"},{"taxonomy":"post_tag","embeddable":true,"href":"https:\/\/blogs.correiobraziliense.com.br\/lianasabo\/wp-json\/wp\/v2\/tags?post=5619"}],"curies":[{"name":"wp","href":"https:\/\/api.w.org\/{rel}","templated":true}]}}