{"id":5609,"date":"2022-04-29T08:53:18","date_gmt":"2022-04-29T11:53:18","guid":{"rendered":"https:\/\/blogs.correiobraziliense.com.br\/lianasabo\/?p=5609"},"modified":"2022-04-29T10:32:21","modified_gmt":"2022-04-29T13:32:21","slug":"preciosidade-da-coreia-embaixada-promove-em-maio-o-festival-de-kimchi-em-brasilia","status":"publish","type":"post","link":"https:\/\/blogs.correiobraziliense.com.br\/lianasabo\/preciosidade-da-coreia-embaixada-promove-em-maio-o-festival-de-kimchi-em-brasilia\/","title":{"rendered":"Preciosidade da Coreia: Embaixada promove em maio o Festival de Kimchi em Bras\u00edlia"},"content":{"rendered":"<p>Pa\u00eds amigo do Brasil desde 1959, quando foram estabelecidas as rela\u00e7\u00f5es diplom\u00e1ticas, a Coreia todos os anos desenvolve a\u00e7\u00f5es no sentido de envolver os brasilienses que queiram conhecer mais sobre o pa\u00eds de tradi\u00e7\u00e3o milenar nos ramos da tecnologia, cultura e culin\u00e1ria. Em 2021, evento online mostrou a onda coreana (hallyu) com destaque para o k-pop, que se tornou coqueluche, tamb\u00e9m da juventude ocidental.<\/p>\n<p>Este ano, o governo democr\u00e1tico de Seul focou no elemento mais precioso da gastronomia coreana: o kimchi. Preparado \u00e0 base de hortali\u00e7as, o kimchi est\u00e1 presente em todas as refei\u00e7\u00f5es h\u00e1 quase cinco s\u00e9culos. Por esta raz\u00e3o, foi decretado patrim\u00f4nio cultural imaterial da humanidade, em 2013.<\/p>\n<p>A fim de difundir a tradicional iguaria, a Embaixada da Rep\u00fablica da Coreia promove de 6 a 15 de maio o Festival de Kimchi em Bras\u00edlia, maratona gastron\u00f4mica da qual participam 11 restaurantes com diferentes vertentes culin\u00e1rias \u201cpara mostrar justamente que o kimchi pode ser usado em diversos tipos de preparo e n\u00e3o somente nos pratos tradicionais coreanos\u201d, afirma a diplomata Yu Hyun Kim, respons\u00e1vel pelos assuntos culturais da embaixada.<\/p>\n<figure id=\"attachment_5611\" aria-describedby=\"caption-attachment-5611\" style=\"width: 800px\" class=\"wp-caption aligncenter\"><a href=\"https:\/\/blogs.correiobraziliense.com.br\/lianasabo\/wp-content\/uploads\/sites\/25\/2022\/04\/RIC08086.jpg\"><img loading=\"lazy\" decoding=\"async\" class=\"size-full wp-image-5611\" src=\"https:\/\/blogs.correiobraziliense.com.br\/lianasabo\/wp-content\/uploads\/sites\/25\/2022\/04\/RIC08086.jpg\" alt=\"\" width=\"800\" height=\"533\" srcset=\"https:\/\/blogs.correiobraziliense.com.br\/lianasabo\/wp-content\/uploads\/sites\/25\/2022\/04\/RIC08086.jpg 800w, https:\/\/blogs.correiobraziliense.com.br\/lianasabo\/wp-content\/uploads\/sites\/25\/2022\/04\/RIC08086-300x200.jpg 300w, https:\/\/blogs.correiobraziliense.com.br\/lianasabo\/wp-content\/uploads\/sites\/25\/2022\/04\/RIC08086-768x512.jpg 768w, https:\/\/blogs.correiobraziliense.com.br\/lianasabo\/wp-content\/uploads\/sites\/25\/2022\/04\/RIC08086-550x366.jpg 550w, https:\/\/blogs.correiobraziliense.com.br\/lianasabo\/wp-content\/uploads\/sites\/25\/2022\/04\/RIC08086-230x153.jpg 230w\" sizes=\"auto, (max-width: 800px) 100vw, 800px\" \/><\/a><figcaption id=\"caption-attachment-5611\" class=\"wp-caption-text\">Cr\u00e9dito: Ricardo Martins\/N4 Filmes. Paulo Shin<\/figcaption><\/figure>\n<p>E adivinhem quem veio demonstrar o preparo da iguaria? O chef paulistano Paulo Shin, de 36 anos, um mestre no assunto. Filho de pais coreanos, em 2016 ele fundou o Komah, que fica na Barra Funda, bairro da capital paulista. Formado em gastronomia no Senac, Paulo passou por v\u00e1rios restaurantes da capital paulista antes de trabalhar na Coreia e em Nova York. Komah, que no idioma coreano significa ca\u00e7ula, tem sido muito premiado e entrou at\u00e9 no ranking dos 100 melhores restaurantes da Am\u00e9rica Latina, no 88\u00ba lugar. Ele se orgulha disso porque na avalia\u00e7\u00e3o de 2021 apenas duas cozinhas orientais foram contempladas: a do Maido, de Lima, e a do Komah, que come\u00e7ou com a ajuda da m\u00e3e, reconhece o chef.<\/p>\n<p><strong>Muitos usos<\/strong><\/p>\n<div id='gallery-1' class='gallery galleryid-5609 gallery-columns-3 gallery-size-full'><figure class='gallery-item'>\n\t\t\t<div class='gallery-icon portrait'>\n\t\t\t\t<a href='https:\/\/blogs.correiobraziliense.com.br\/lianasabo\/preciosidade-da-coreia-embaixada-promove-em-maio-o-festival-de-kimchi-em-brasilia\/whatsapp-image-2022-04-29-at-10-26-27\/'><img loading=\"lazy\" decoding=\"async\" width=\"768\" height=\"1024\" src=\"https:\/\/blogs.correiobraziliense.com.br\/lianasabo\/wp-content\/uploads\/sites\/25\/2022\/04\/WhatsApp-Image-2022-04-29-at-10.26.27.jpeg\" class=\"attachment-full size-full\" alt=\"\" aria-describedby=\"gallery-1-5630\" srcset=\"https:\/\/blogs.correiobraziliense.com.br\/lianasabo\/wp-content\/uploads\/sites\/25\/2022\/04\/WhatsApp-Image-2022-04-29-at-10.26.27.jpeg 768w, https:\/\/blogs.correiobraziliense.com.br\/lianasabo\/wp-content\/uploads\/sites\/25\/2022\/04\/WhatsApp-Image-2022-04-29-at-10.26.27-225x300.jpeg 225w, https:\/\/blogs.correiobraziliense.com.br\/lianasabo\/wp-content\/uploads\/sites\/25\/2022\/04\/WhatsApp-Image-2022-04-29-at-10.26.27-800x1067.jpeg 800w, https:\/\/blogs.correiobraziliense.com.br\/lianasabo\/wp-content\/uploads\/sites\/25\/2022\/04\/WhatsApp-Image-2022-04-29-at-10.26.27-550x734.jpeg 550w, https:\/\/blogs.correiobraziliense.com.br\/lianasabo\/wp-content\/uploads\/sites\/25\/2022\/04\/WhatsApp-Image-2022-04-29-at-10.26.27-230x307.jpeg 230w\" sizes=\"auto, (max-width: 768px) 100vw, 768px\" \/><\/a>\n\t\t\t<\/div>\n\t\t\t\t<figcaption class='wp-caption-text gallery-caption' id='gallery-1-5630'>\n\t\t\t\tCeviche misto de peixe branco e camar\u00e3o com Kimchi, leite de tigre, abacate e milho chullpi\n\t\t\t\t<\/figcaption><\/figure><figure class='gallery-item'>\n\t\t\t<div class='gallery-icon portrait'>\n\t\t\t\t<a href='https:\/\/blogs.correiobraziliense.com.br\/lianasabo\/preciosidade-da-coreia-embaixada-promove-em-maio-o-festival-de-kimchi-em-brasilia\/chungmu-kimbap-rolinhos-de-arroz-envoltos-em-alga-com-refogado-de-kimchi-e-frutos-do-mar\/'><img loading=\"lazy\" decoding=\"async\" width=\"683\" height=\"1024\" src=\"https:\/\/blogs.correiobraziliense.com.br\/lianasabo\/wp-content\/uploads\/sites\/25\/2022\/04\/Chungmu-Kimbap-Rolinhos-de-arroz-envoltos-em-alga-com-refogado-de-kimchi-e-frutos-do-mar.jpg\" class=\"attachment-full size-full\" alt=\"\" aria-describedby=\"gallery-1-5612\" srcset=\"https:\/\/blogs.correiobraziliense.com.br\/lianasabo\/wp-content\/uploads\/sites\/25\/2022\/04\/Chungmu-Kimbap-Rolinhos-de-arroz-envoltos-em-alga-com-refogado-de-kimchi-e-frutos-do-mar.jpg 683w, https:\/\/blogs.correiobraziliense.com.br\/lianasabo\/wp-content\/uploads\/sites\/25\/2022\/04\/Chungmu-Kimbap-Rolinhos-de-arroz-envoltos-em-alga-com-refogado-de-kimchi-e-frutos-do-mar-200x300.jpg 200w, https:\/\/blogs.correiobraziliense.com.br\/lianasabo\/wp-content\/uploads\/sites\/25\/2022\/04\/Chungmu-Kimbap-Rolinhos-de-arroz-envoltos-em-alga-com-refogado-de-kimchi-e-frutos-do-mar-768x1152.jpg 768w, https:\/\/blogs.correiobraziliense.com.br\/lianasabo\/wp-content\/uploads\/sites\/25\/2022\/04\/Chungmu-Kimbap-Rolinhos-de-arroz-envoltos-em-alga-com-refogado-de-kimchi-e-frutos-do-mar-800x1200.jpg 800w, https:\/\/blogs.correiobraziliense.com.br\/lianasabo\/wp-content\/uploads\/sites\/25\/2022\/04\/Chungmu-Kimbap-Rolinhos-de-arroz-envoltos-em-alga-com-refogado-de-kimchi-e-frutos-do-mar-550x825.jpg 550w, https:\/\/blogs.correiobraziliense.com.br\/lianasabo\/wp-content\/uploads\/sites\/25\/2022\/04\/Chungmu-Kimbap-Rolinhos-de-arroz-envoltos-em-alga-com-refogado-de-kimchi-e-frutos-do-mar-230x345.jpg 230w\" sizes=\"auto, (max-width: 683px) 100vw, 683px\" \/><\/a>\n\t\t\t<\/div>\n\t\t\t\t<figcaption class='wp-caption-text gallery-caption' id='gallery-1-5612'>\n\t\t\t\tChungmu Kimbap: Rolinhos de arroz envoltos em alga com refogado de kimchi e frutos do mar\n\t\t\t\t<\/figcaption><\/figure>\n\t\t<\/div>\n\n<p>Ingrediente vers\u00e1til, o kimchi \u00e9 um acompanhamento nacional. Ele pode ir muito bem num bife cortado em tiras finas, como em saladas, sopas, ensopados, peixes, frutos do mar, arroz e at\u00e9 pizzas, da\u00ed ser considerado \u201cum dos pilares da gastronomia coreana\u201d, como definiu o chef Paulo Shin.<\/p>\n<p>Segundo ele, uma das melhores combina\u00e7\u00f5es \u00e9 com a carne su\u00edna, op\u00e7\u00e3o eleita por quatro das 11 casas participantes: Authoral, com quesadilla de porco na lata (R$ 39); Casa Baco, barriga de porco crocante (R$ 69); Soban, cozido de costelinha com molho apimentado (R$ 160 para compartilhar) e Xamam, a vers\u00e3o brasiliense de A Casa do Porco paulistana, que optou por barriga de porco glaceada (R$ 72).<\/p>\n<p>A base do kimchi pode ser acelga ou repolho, tamb\u00e9m pode-se fazer de nabo, rabanete, pepino e outros legumes que ficam por 12 horas num processo de salmoura. \u00c0 parte \u00e9 feita a pasta de alho, cebola, pimenta e molho de peixe. Depois de tudo misturado, ocorre a fermenta\u00e7\u00e3o num pote limpo e bem fechado. Com uma semana o preparado j\u00e1 pode ser consumido, ensina Shin, que veio pela primeira vez a Bras\u00edlia, na ter\u00e7a-feira, 26, e transmitiu suas li\u00e7\u00f5es \u00e0 tarde para os chefs participantes do festival e, \u00e0 noite, para os alunos do curso de gastronomia do Iesb. Oito duplas ter\u00e3o que elaborar o kimchi \u00e9 um prato autoral a partir deste preparo.<\/p>\n<p>Na ter\u00e7a-feira, 3 de maio, \u00e0s 19h, as duplas apresentar\u00e3o um prato que contenha o kimchi para a avalia\u00e7\u00e3o de tr\u00eas jurados, entre os quais, a colunista. Para o coordenador do curso, Sebasti\u00e1n Parasole, trata-se de \u201cuma oportunidade para os alunos conhecerem mais sobre a cultura coreana e estreitarem os la\u00e7os com aquele pa\u00eds\u201d.<\/p>\n<figure id=\"attachment_5614\" aria-describedby=\"caption-attachment-5614\" style=\"width: 800px\" class=\"wp-caption aligncenter\"><a href=\"https:\/\/blogs.correiobraziliense.com.br\/lianasabo\/wp-content\/uploads\/sites\/25\/2022\/04\/WhatsApp-Image-2022-04-28-at-20.41.30.jpeg\"><img loading=\"lazy\" decoding=\"async\" class=\"size-full wp-image-5614\" src=\"https:\/\/blogs.correiobraziliense.com.br\/lianasabo\/wp-content\/uploads\/sites\/25\/2022\/04\/WhatsApp-Image-2022-04-28-at-20.41.30.jpeg\" alt=\"\" width=\"800\" height=\"600\" srcset=\"https:\/\/blogs.correiobraziliense.com.br\/lianasabo\/wp-content\/uploads\/sites\/25\/2022\/04\/WhatsApp-Image-2022-04-28-at-20.41.30.jpeg 800w, https:\/\/blogs.correiobraziliense.com.br\/lianasabo\/wp-content\/uploads\/sites\/25\/2022\/04\/WhatsApp-Image-2022-04-28-at-20.41.30-300x225.jpeg 300w, https:\/\/blogs.correiobraziliense.com.br\/lianasabo\/wp-content\/uploads\/sites\/25\/2022\/04\/WhatsApp-Image-2022-04-28-at-20.41.30-768x576.jpeg 768w, https:\/\/blogs.correiobraziliense.com.br\/lianasabo\/wp-content\/uploads\/sites\/25\/2022\/04\/WhatsApp-Image-2022-04-28-at-20.41.30-550x413.jpeg 550w, https:\/\/blogs.correiobraziliense.com.br\/lianasabo\/wp-content\/uploads\/sites\/25\/2022\/04\/WhatsApp-Image-2022-04-28-at-20.41.30-230x173.jpeg 230w\" sizes=\"auto, (max-width: 800px) 100vw, 800px\" \/><\/a><figcaption id=\"caption-attachment-5614\" class=\"wp-caption-text\">Kimchi preparado pelo chef Paulo Shin durante aula em Bras\u00edlia. Cr\u00e9dito: Liana Sabo\/CB\/D.A Press<\/figcaption><\/figure>\n<p><strong>Etiqueta<\/strong><\/p>\n<p>Toda comida coreana \u00e9 servida com um par de palitinhos (jeotgarak) e uma colher, o primeiro para os s\u00f3lidos, a segunda para as sopas. No festival brasiliense, por\u00e9m, predominam talheres ocidentais em todas as casas, desde a Comedoria Sazonal que servir\u00e1 ceviche misto de peixe branco com camar\u00e3o e leite de tigre (R$ 56) at\u00e9 o Ouri\u00e7o, com arroz frito de camar\u00f5es (R$ 72).<\/p>\n<p>O mexicano El Paso optou por uma dupla de tacos de frango e carne seca (R$ 69), enquanto o chef Komiya elaborou omelete com arroz e maionese no izakaya (R$ 50) e teishoku no New Koto (R$ 94). N\u00e3o faltar\u00e3o espetinho de camar\u00f5es crocantes com pur\u00ea de batatas, apresentado pelo Sallva (R$ 109), nem sanduba de p\u00e3o franc\u00eas com cupim de panela no Conca (R$ 42). Kimchi garante a festa. Veja o card\u00e1pio no instagram: <a href=\"https:\/\/www.instagram.com\/embaixadacoreia\/\">@embaixadacoreia<\/a><\/p>\n","protected":false},"excerpt":{"rendered":"<p>Pa\u00eds amigo do Brasil desde 1959, quando foram estabelecidas as rela\u00e7\u00f5es diplom\u00e1ticas, a Coreia todos os anos desenvolve a\u00e7\u00f5es no sentido de envolver os brasilienses que queiram conhecer mais sobre o pa\u00eds de tradi\u00e7\u00e3o milenar nos ramos da tecnologia, cultura e culin\u00e1ria. Em 2021, evento online mostrou a onda coreana (hallyu) com destaque para o k-pop, que se tornou coqueluche, [&hellip;]<\/p>\n","protected":false},"author":54,"featured_media":5610,"comment_status":"open","ping_status":"open","sticky":false,"template":"","format":"standard","meta":{"footnotes":""},"categories":[426],"tags":[427,54,428],"class_list":["post-5609","post","type-post","status-publish","format-standard","has-post-thumbnail","hentry","category-festival-gastronomico","tag-embaixada-da-coreia","tag-festival","tag-kimchi"],"_links":{"self":[{"href":"https:\/\/blogs.correiobraziliense.com.br\/lianasabo\/wp-json\/wp\/v2\/posts\/5609","targetHints":{"allow":["GET"]}}],"collection":[{"href":"https:\/\/blogs.correiobraziliense.com.br\/lianasabo\/wp-json\/wp\/v2\/posts"}],"about":[{"href":"https:\/\/blogs.correiobraziliense.com.br\/lianasabo\/wp-json\/wp\/v2\/types\/post"}],"author":[{"embeddable":true,"href":"https:\/\/blogs.correiobraziliense.com.br\/lianasabo\/wp-json\/wp\/v2\/users\/54"}],"replies":[{"embeddable":true,"href":"https:\/\/blogs.correiobraziliense.com.br\/lianasabo\/wp-json\/wp\/v2\/comments?post=5609"}],"version-history":[{"count":4,"href":"https:\/\/blogs.correiobraziliense.com.br\/lianasabo\/wp-json\/wp\/v2\/posts\/5609\/revisions"}],"predecessor-version":[{"id":5631,"href":"https:\/\/blogs.correiobraziliense.com.br\/lianasabo\/wp-json\/wp\/v2\/posts\/5609\/revisions\/5631"}],"wp:featuredmedia":[{"embeddable":true,"href":"https:\/\/blogs.correiobraziliense.com.br\/lianasabo\/wp-json\/wp\/v2\/media\/5610"}],"wp:attachment":[{"href":"https:\/\/blogs.correiobraziliense.com.br\/lianasabo\/wp-json\/wp\/v2\/media?parent=5609"}],"wp:term":[{"taxonomy":"category","embeddable":true,"href":"https:\/\/blogs.correiobraziliense.com.br\/lianasabo\/wp-json\/wp\/v2\/categories?post=5609"},{"taxonomy":"post_tag","embeddable":true,"href":"https:\/\/blogs.correiobraziliense.com.br\/lianasabo\/wp-json\/wp\/v2\/tags?post=5609"}],"curies":[{"name":"wp","href":"https:\/\/api.w.org\/{rel}","templated":true}]}}