{"id":5561,"date":"2022-04-08T06:56:01","date_gmt":"2022-04-08T09:56:01","guid":{"rendered":"https:\/\/blogs.correiobraziliense.com.br\/lianasabo\/?p=5561"},"modified":"2022-04-07T21:58:58","modified_gmt":"2022-04-08T00:58:58","slug":"cinco-novos-ovos-da-kinder-para-as-criancas","status":"publish","type":"post","link":"https:\/\/blogs.correiobraziliense.com.br\/lianasabo\/cinco-novos-ovos-da-kinder-para-as-criancas\/","title":{"rendered":"Cinco novos ovos da Kinder para as crian\u00e7as"},"content":{"rendered":"<p>O grupo italiano Ferrero, dono da marca Kinder, traz cinco novos ovos para as crian\u00e7as, com diferentes surpresas feitos com o chocolate ao leite v\u00eam com duas op\u00e7\u00f5es de tamanho: 100g e 150g. Al\u00e9m das fof\u00edssimas pel\u00facias de animais Natoons, os ovos cont\u00e9m os brinquedos da cole\u00e7\u00e3o Aventura na Savana e Floresta Encantada, todos tr\u00eas por R$ 71,99 cada de 150g. J\u00e1 os que trazem os personagens muito amados Miraculous e Minions saem por R$ 52,99 cada unidade de 100g.<\/p>\n","protected":false},"excerpt":{"rendered":"<p>O grupo italiano Ferrero, dono da marca Kinder, traz cinco novos ovos para as crian\u00e7as, com diferentes surpresas feitos com o chocolate ao leite v\u00eam com duas op\u00e7\u00f5es de tamanho: 100g e 150g. Al\u00e9m das fof\u00edssimas pel\u00facias de animais Natoons, os ovos cont\u00e9m os brinquedos da cole\u00e7\u00e3o Aventura na Savana e Floresta Encantada, todos tr\u00eas por R$ 71,99 cada de [&hellip;]<\/p>\n","protected":false},"author":54,"featured_media":5562,"comment_status":"open","ping_status":"open","sticky":false,"template":"","format":"standard","meta":{"footnotes":""},"categories":[1],"tags":[414,413],"class_list":["post-5561","post","type-post","status-publish","format-standard","has-post-thumbnail","hentry","category-sem-categoria","tag-kinder-ovo","tag-pascoa"],"_links":{"self":[{"href":"https:\/\/blogs.correiobraziliense.com.br\/lianasabo\/wp-json\/wp\/v2\/posts\/5561","targetHints":{"allow":["GET"]}}],"collection":[{"href":"https:\/\/blogs.correiobraziliense.com.br\/lianasabo\/wp-json\/wp\/v2\/posts"}],"about":[{"href":"https:\/\/blogs.correiobraziliense.com.br\/lianasabo\/wp-json\/wp\/v2\/types\/post"}],"author":[{"embeddable":true,"href":"https:\/\/blogs.correiobraziliense.com.br\/lianasabo\/wp-json\/wp\/v2\/users\/54"}],"replies":[{"embeddable":true,"href":"https:\/\/blogs.correiobraziliense.com.br\/lianasabo\/wp-json\/wp\/v2\/comments?post=5561"}],"version-history":[{"count":1,"href":"https:\/\/blogs.correiobraziliense.com.br\/lianasabo\/wp-json\/wp\/v2\/posts\/5561\/revisions"}],"predecessor-version":[{"id":5563,"href":"https:\/\/blogs.correiobraziliense.com.br\/lianasabo\/wp-json\/wp\/v2\/posts\/5561\/revisions\/5563"}],"wp:featuredmedia":[{"embeddable":true,"href":"https:\/\/blogs.correiobraziliense.com.br\/lianasabo\/wp-json\/wp\/v2\/media\/5562"}],"wp:attachment":[{"href":"https:\/\/blogs.correiobraziliense.com.br\/lianasabo\/wp-json\/wp\/v2\/media?parent=5561"}],"wp:term":[{"taxonomy":"category","embeddable":true,"href":"https:\/\/blogs.correiobraziliense.com.br\/lianasabo\/wp-json\/wp\/v2\/categories?post=5561"},{"taxonomy":"post_tag","embeddable":true,"href":"https:\/\/blogs.correiobraziliense.com.br\/lianasabo\/wp-json\/wp\/v2\/tags?post=5561"}],"curies":[{"name":"wp","href":"https:\/\/api.w.org\/{rel}","templated":true}]}}