{"id":5544,"date":"2022-04-07T09:59:59","date_gmt":"2022-04-07T12:59:59","guid":{"rendered":"https:\/\/blogs.correiobraziliense.com.br\/lianasabo\/?p=5544"},"modified":"2022-04-07T09:59:59","modified_gmt":"2022-04-07T12:59:59","slug":"vem-ai-a-segunda-edicao-do-festival-brasas","status":"publish","type":"post","link":"https:\/\/blogs.correiobraziliense.com.br\/lianasabo\/vem-ai-a-segunda-edicao-do-festival-brasas\/","title":{"rendered":"Vem a\u00ed a segunda edi\u00e7\u00e3o do Festival Brasas"},"content":{"rendered":"<p>\u00c9 chegada a hora da segunda edi\u00e7\u00e3o do maior festival de churrasco da capital. Ap\u00f3s mais de dois anos da estreia, o Brasas volta nos dias 28 e 29 de maio reunindo mais\u00a0de 30 mestres parrilleros no\u00a0Estacionamento 3 do Parque da Cidade. Ser\u00e3o apresentadas in\u00fameras formas de se fazer churrasco, desde parrillas argentinas, pit smokers americanos at\u00e9 fogo de ch\u00e3o e brasa.<\/p>\n<figure id=\"attachment_5548\" aria-describedby=\"caption-attachment-5548\" style=\"width: 300px\" class=\"wp-caption alignright\"><a href=\"https:\/\/blogs.correiobraziliense.com.br\/lianasabo\/wp-content\/uploads\/sites\/25\/2022\/04\/Brasas_Top7Entretenimento_Divulga\u00e7\u00e3o3-1.jpeg\"><img loading=\"lazy\" decoding=\"async\" class=\"size-medium wp-image-5548\" src=\"https:\/\/blogs.correiobraziliense.com.br\/lianasabo\/wp-content\/uploads\/sites\/25\/2022\/04\/Brasas_Top7Entretenimento_Divulga\u00e7\u00e3o3-1-300x200.jpeg\" alt=\"\" width=\"300\" height=\"200\" srcset=\"https:\/\/blogs.correiobraziliense.com.br\/lianasabo\/wp-content\/uploads\/sites\/25\/2022\/04\/Brasas_Top7Entretenimento_Divulga\u00e7\u00e3o3-1-300x200.jpeg 300w, https:\/\/blogs.correiobraziliense.com.br\/lianasabo\/wp-content\/uploads\/sites\/25\/2022\/04\/Brasas_Top7Entretenimento_Divulga\u00e7\u00e3o3-1-768x512.jpeg 768w, https:\/\/blogs.correiobraziliense.com.br\/lianasabo\/wp-content\/uploads\/sites\/25\/2022\/04\/Brasas_Top7Entretenimento_Divulga\u00e7\u00e3o3-1.jpeg 800w, https:\/\/blogs.correiobraziliense.com.br\/lianasabo\/wp-content\/uploads\/sites\/25\/2022\/04\/Brasas_Top7Entretenimento_Divulga\u00e7\u00e3o3-1-550x366.jpeg 550w, https:\/\/blogs.correiobraziliense.com.br\/lianasabo\/wp-content\/uploads\/sites\/25\/2022\/04\/Brasas_Top7Entretenimento_Divulga\u00e7\u00e3o3-1-230x153.jpeg 230w\" sizes=\"auto, (max-width: 300px) 100vw, 300px\" \/><\/a><figcaption id=\"caption-attachment-5548\" class=\"wp-caption-text\">Brasas Festival\/Divulga\u00e7\u00e3o<\/figcaption><\/figure>\n<p>Entre os confirmados est\u00e3o o ex-Masterchef Vitor Bourguignon, Paula Labaki, Jimmy Ogro, Marcelo FM Parrillas, Mario Resende, Tom, Lu\u00eds Semeraro, Helv\u00e9cio Maciel, Tenente, Bruninho, Renato Carv\u00e3o e Brasa, Master Churras, H\u00e9rcules e Casal Fusue.<\/p>\n<p>O evento organizado pela produtora brasiliense Top7Entretenimento \u00e9 considerado um dos maiores do Centro-Oeste e ser\u00e1 open food e open bar de cerveja Colorado Ribeir\u00e3o Lager e Stella Artois, gin, vodca e drinques. Apresenta\u00e7\u00f5es musicais tamb\u00e9m est\u00e3o previstas, entre os m\u00fasicos confirmados est\u00e3o Ra\u00ed Saia Rodada, Bloco Eduardo e M\u00f4nica, O Bardo e o Banjo, e a banda Folker\u2019s.<\/p>\n<p>Os ingressos j\u00e1 est\u00e3o \u00e0 venda pelo site <a href=\"http:\/\/www.top7entretenimento.com.br\">www.top7entretenimento.com.br<\/a> e custam a partir de R$ 50 (inteira, referente a s\u00e1bado &#8211; n\u00e3o incluso open bar e food), e R$ 270 (inteira, referente a domingo &#8211; incluso open bar e food).<\/p>\n<p><strong>Servi\u00e7o <\/strong><br \/>\n<strong>Festival Brasas<\/strong><\/p>\n<p><strong>Quando:<\/strong> 28 e 29 de maio<br \/>\n<strong>Onde:<\/strong> Estacionamento 3 do Parque da Cidade<br \/>\n<strong>Ingressos:<\/strong> <a href=\"http:\/\/www.top7entretenimento.com.br\">www.top7entretenimento.com.br<\/a><br \/>\n<strong>Para mais informa\u00e7\u00f5es:<\/strong> <a href=\"https:\/\/www.instagram.com\/brasasfestival\/\">@brasasfestival<\/a><\/p>\n","protected":false},"excerpt":{"rendered":"<p>\u00c9 chegada a hora da segunda edi\u00e7\u00e3o do maior festival de churrasco da capital. Ap\u00f3s mais de dois anos da estreia, o Brasas volta nos dias 28 e 29 de maio reunindo mais\u00a0de 30 mestres parrilleros no\u00a0Estacionamento 3 do Parque da Cidade. Ser\u00e3o apresentadas in\u00fameras formas de se fazer churrasco, desde parrillas argentinas, pit smokers americanos at\u00e9 fogo de ch\u00e3o [&hellip;]<\/p>\n","protected":false},"author":54,"featured_media":5547,"comment_status":"open","ping_status":"open","sticky":false,"template":"","format":"standard","meta":{"footnotes":""},"categories":[201],"tags":[408,14,54],"class_list":["post-5544","post","type-post","status-publish","format-standard","has-post-thumbnail","hentry","category-festival","tag-brasas","tag-churrasco","tag-festival"],"_links":{"self":[{"href":"https:\/\/blogs.correiobraziliense.com.br\/lianasabo\/wp-json\/wp\/v2\/posts\/5544","targetHints":{"allow":["GET"]}}],"collection":[{"href":"https:\/\/blogs.correiobraziliense.com.br\/lianasabo\/wp-json\/wp\/v2\/posts"}],"about":[{"href":"https:\/\/blogs.correiobraziliense.com.br\/lianasabo\/wp-json\/wp\/v2\/types\/post"}],"author":[{"embeddable":true,"href":"https:\/\/blogs.correiobraziliense.com.br\/lianasabo\/wp-json\/wp\/v2\/users\/54"}],"replies":[{"embeddable":true,"href":"https:\/\/blogs.correiobraziliense.com.br\/lianasabo\/wp-json\/wp\/v2\/comments?post=5544"}],"version-history":[{"count":1,"href":"https:\/\/blogs.correiobraziliense.com.br\/lianasabo\/wp-json\/wp\/v2\/posts\/5544\/revisions"}],"predecessor-version":[{"id":5549,"href":"https:\/\/blogs.correiobraziliense.com.br\/lianasabo\/wp-json\/wp\/v2\/posts\/5544\/revisions\/5549"}],"wp:featuredmedia":[{"embeddable":true,"href":"https:\/\/blogs.correiobraziliense.com.br\/lianasabo\/wp-json\/wp\/v2\/media\/5547"}],"wp:attachment":[{"href":"https:\/\/blogs.correiobraziliense.com.br\/lianasabo\/wp-json\/wp\/v2\/media?parent=5544"}],"wp:term":[{"taxonomy":"category","embeddable":true,"href":"https:\/\/blogs.correiobraziliense.com.br\/lianasabo\/wp-json\/wp\/v2\/categories?post=5544"},{"taxonomy":"post_tag","embeddable":true,"href":"https:\/\/blogs.correiobraziliense.com.br\/lianasabo\/wp-json\/wp\/v2\/tags?post=5544"}],"curies":[{"name":"wp","href":"https:\/\/api.w.org\/{rel}","templated":true}]}}