{"id":5531,"date":"2022-04-01T09:07:44","date_gmt":"2022-04-01T12:07:44","guid":{"rendered":"https:\/\/blogs.correiobraziliense.com.br\/lianasabo\/?p=5531"},"modified":"2022-04-01T09:07:44","modified_gmt":"2022-04-01T12:07:44","slug":"que-pasta-e-o-novo-italiano-da-cidade-sob-comando-de-ana-clara-carvalho-e-andre-sampaio","status":"publish","type":"post","link":"https:\/\/blogs.correiobraziliense.com.br\/lianasabo\/que-pasta-e-o-novo-italiano-da-cidade-sob-comando-de-ana-clara-carvalho-e-andre-sampaio\/","title":{"rendered":"Que Pasta? \u00e9 o novo italiano da cidade sob comando de Ana Clara Carvalho e Andr\u00e9 Sampaio"},"content":{"rendered":"<p>H\u00e1 quase 20 anos, o expert no ramo de restaurantes Andr\u00e9 Sampaio e a sommeli\u00e8re Ana Clara Carvalho se conheceram no Grupo Fasano em S\u00e3o Paulo, onde ela j\u00e1 trabalhava na fornaria quando ele chegou em 2003. Em 2010, os dois vieram com a equipe que inaugurou o Gero Bras\u00edlia, no Iguatemi, de onde ela saiu primeiro para se casar, enquanto Andr\u00e9 ficou at\u00e9 a cria\u00e7\u00e3o do \u00c0 Mano, na 411 Sul, onde chamou a amiga a assumir a adega.<\/p>\n<p>\u201cJ\u00e1 na \u00e9poca, Ana dizia quero abrir meu pr\u00f3prio neg\u00f3cio\u201d, lembra ele. A oportunidade veio agora quando os dois se lan\u00e7am na produ\u00e7\u00e3o de massas frescas no estilo fast food de alta qualidade, denominado Que Pasta? Na pra\u00e7a de alimenta\u00e7\u00e3o do Shopping Iguatemi, a partir do dia 10 de abril com servi\u00e7o de entrega. No menu, nhoque de ab\u00f3bora, cappelletti, espaguete ao funghi e ravi\u00f3li de ricota entre outros pratos.<\/p>\n","protected":false},"excerpt":{"rendered":"<p>H\u00e1 quase 20 anos, o expert no ramo de restaurantes Andr\u00e9 Sampaio e a sommeli\u00e8re Ana Clara Carvalho se conheceram no Grupo Fasano em S\u00e3o Paulo, onde ela j\u00e1 trabalhava na fornaria quando ele chegou em 2003. Em 2010, os dois vieram com a equipe que inaugurou o Gero Bras\u00edlia, no Iguatemi, de onde ela saiu primeiro para se casar, [&hellip;]<\/p>\n","protected":false},"author":54,"featured_media":5532,"comment_status":"open","ping_status":"open","sticky":false,"template":"","format":"standard","meta":{"footnotes":""},"categories":[129],"tags":[405],"class_list":["post-5531","post","type-post","status-publish","format-standard","has-post-thumbnail","hentry","category-restaurantes-italianos","tag-que-pasta"],"_links":{"self":[{"href":"https:\/\/blogs.correiobraziliense.com.br\/lianasabo\/wp-json\/wp\/v2\/posts\/5531","targetHints":{"allow":["GET"]}}],"collection":[{"href":"https:\/\/blogs.correiobraziliense.com.br\/lianasabo\/wp-json\/wp\/v2\/posts"}],"about":[{"href":"https:\/\/blogs.correiobraziliense.com.br\/lianasabo\/wp-json\/wp\/v2\/types\/post"}],"author":[{"embeddable":true,"href":"https:\/\/blogs.correiobraziliense.com.br\/lianasabo\/wp-json\/wp\/v2\/users\/54"}],"replies":[{"embeddable":true,"href":"https:\/\/blogs.correiobraziliense.com.br\/lianasabo\/wp-json\/wp\/v2\/comments?post=5531"}],"version-history":[{"count":1,"href":"https:\/\/blogs.correiobraziliense.com.br\/lianasabo\/wp-json\/wp\/v2\/posts\/5531\/revisions"}],"predecessor-version":[{"id":5533,"href":"https:\/\/blogs.correiobraziliense.com.br\/lianasabo\/wp-json\/wp\/v2\/posts\/5531\/revisions\/5533"}],"wp:featuredmedia":[{"embeddable":true,"href":"https:\/\/blogs.correiobraziliense.com.br\/lianasabo\/wp-json\/wp\/v2\/media\/5532"}],"wp:attachment":[{"href":"https:\/\/blogs.correiobraziliense.com.br\/lianasabo\/wp-json\/wp\/v2\/media?parent=5531"}],"wp:term":[{"taxonomy":"category","embeddable":true,"href":"https:\/\/blogs.correiobraziliense.com.br\/lianasabo\/wp-json\/wp\/v2\/categories?post=5531"},{"taxonomy":"post_tag","embeddable":true,"href":"https:\/\/blogs.correiobraziliense.com.br\/lianasabo\/wp-json\/wp\/v2\/tags?post=5531"}],"curies":[{"name":"wp","href":"https:\/\/api.w.org\/{rel}","templated":true}]}}