{"id":5524,"date":"2022-04-01T09:00:33","date_gmt":"2022-04-01T12:00:33","guid":{"rendered":"https:\/\/blogs.correiobraziliense.com.br\/lianasabo\/?p=5524"},"modified":"2022-04-01T09:03:55","modified_gmt":"2022-04-01T12:03:55","slug":"conheca-o-sabor-do-vietna-no-festival-mundo-gastro","status":"publish","type":"post","link":"https:\/\/blogs.correiobraziliense.com.br\/lianasabo\/conheca-o-sabor-do-vietna-no-festival-mundo-gastro\/","title":{"rendered":"Conhe\u00e7a o sabor do Vietn\u00e3 no Festival Mundo Gastr\u00f4"},"content":{"rendered":"<p>Por influ\u00eancia de monges budistas, a gastronomia vietnamita \u00e9 dona de uma variedade muito grande de vegetais. Quando recebe o aporte de peixes e carnes, j\u00e1 est\u00e1 de tal modo baseada em produtos frescos, uso m\u00ednimo de \u00f3leo, e dependente de ervas que o equil\u00edbrio entre os ingredientes mais o emprego seleto de especiarias para garantir o bom gosto a transformam numa das culin\u00e1rias mais saud\u00e1veis do mundo!<\/p>\n<figure id=\"attachment_5527\" aria-describedby=\"caption-attachment-5527\" style=\"width: 200px\" class=\"wp-caption alignleft\"><a href=\"https:\/\/blogs.correiobraziliense.com.br\/lianasabo\/wp-content\/uploads\/sites\/25\/2022\/04\/WhatsApp-Image-2022-03-31-at-16.33.02.jpeg\"><img loading=\"lazy\" decoding=\"async\" class=\"size-medium wp-image-5527\" src=\"https:\/\/blogs.correiobraziliense.com.br\/lianasabo\/wp-content\/uploads\/sites\/25\/2022\/04\/WhatsApp-Image-2022-03-31-at-16.33.02-200x300.jpeg\" alt=\"\" width=\"200\" height=\"300\" srcset=\"https:\/\/blogs.correiobraziliense.com.br\/lianasabo\/wp-content\/uploads\/sites\/25\/2022\/04\/WhatsApp-Image-2022-03-31-at-16.33.02-200x300.jpeg 200w, https:\/\/blogs.correiobraziliense.com.br\/lianasabo\/wp-content\/uploads\/sites\/25\/2022\/04\/WhatsApp-Image-2022-03-31-at-16.33.02-768x1153.jpeg 768w, https:\/\/blogs.correiobraziliense.com.br\/lianasabo\/wp-content\/uploads\/sites\/25\/2022\/04\/WhatsApp-Image-2022-03-31-at-16.33.02.jpeg 682w, https:\/\/blogs.correiobraziliense.com.br\/lianasabo\/wp-content\/uploads\/sites\/25\/2022\/04\/WhatsApp-Image-2022-03-31-at-16.33.02-800x1201.jpeg 800w, https:\/\/blogs.correiobraziliense.com.br\/lianasabo\/wp-content\/uploads\/sites\/25\/2022\/04\/WhatsApp-Image-2022-03-31-at-16.33.02-550x826.jpeg 550w, https:\/\/blogs.correiobraziliense.com.br\/lianasabo\/wp-content\/uploads\/sites\/25\/2022\/04\/WhatsApp-Image-2022-03-31-at-16.33.02-230x345.jpeg 230w\" sizes=\"auto, (max-width: 200px) 100vw, 200px\" \/><\/a><figcaption id=\"caption-attachment-5527\" class=\"wp-caption-text\">Raquel Siqueira, embaixadora Pham Thi Kim Hoa e Jael Silva. Cr\u00e9dito: Raphael Carmona\/Divulga\u00e7\u00e3o<\/figcaption><\/figure>\n<p>\u00c9 isto que voc\u00ea vai poder comprovar a partir do dia 21, anivers\u00e1rio da cidade, quando ter\u00e1 in\u00edcio o Festival Mundo Gastr\u00f4: Conex\u00e3o Vietn\u00e3, que vai at\u00e9 8 de maio em diversos restaurantes da capital. A iniciativa \u00e9 do Sindhobar, cujo presidente Jael Silva buscou parceria com o pa\u00eds asi\u00e1tico para estabelecer uma conex\u00e3o com o Distrito Federal, \u201cunindo sabores, saberes e turismo\u201d, afirmou. O menu, que ser\u00e1 oferecido no almo\u00e7o e jantar, \u00e9 composto de entrada e prato principal e ter\u00e1 duas faixas de pre\u00e7o: R$ 69 e R$ 89, ficando a cargo de cada estabelecimento escolher aquela que melhor se adequar a sua cria\u00e7\u00e3o no prato.<\/p>\n<p>O festival conta com o apoio efetivo da embaixada vietnamita, cuja embaixadora Pham Thi Kim Hoa, nascida em Han\u00f3i, capital do pa\u00eds, \u00e9 profunda conhecedora dos segredos e t\u00e9cnicas da cozinha, a ponto de orientar a execu\u00e7\u00e3o dos pratos, como fez semana passada num breve ensaio, no qual estiveram presentes alguns chefs e a equipe da embaixadora no restaurante Same Same, especializado na culin\u00e1ria do Sudeste Asi\u00e1tico.<\/p>\n<p>Al\u00e9m do Same Same, que tem tr\u00eas opera\u00e7\u00f5es (711 Norte, Pont\u00e3o e 402 Sul), est\u00e3o inscritos no evento os restaurantes Dom Francisco (Asbac e 402 Sul), Makisan, Grande Muralha, Fred, Tayp\u00e1, Gran Bier, Sagres, Mayer, Downtown, Capim Dourado (hotel Grand Mercure), Ticiana Werner e Universal. Apoiam tamb\u00e9m o festival o Senac, BRB e BAT Brasil (antiga Souza Cruz).<\/p>\n<p><strong>Buda estilizado<\/strong><\/p>\n<p>Desde o caldo de cana, passando pelo ch\u00e1 com leite de coco e chegando aos camar\u00f5es salteados no molho de tamarindo, ao arroz jasmim com carne de porco, al\u00e9m do macarr\u00e3o bifum e chips de alho e cebola roxa, fazem parte do ex\u00f3tico card\u00e1pio do Same Same, comandado pela chef Raquel Siqueira, que colocou sua expertise \u00e0 disposi\u00e7\u00e3o dos chefs convidados para o ensaio. Fundado por ela h\u00e1 apenas tr\u00eas anos na 711 Norte, o restaurante deu t\u00e3o certo que atraiu dois s\u00f3cios Rodrigo Angelin e Murilo Hypolito, ex-donos do Together, envolvidos na expans\u00e3o da marca com quatro opera\u00e7\u00f5es, inclusive em Goi\u00e2nia.<\/p>\n<figure id=\"attachment_5529\" aria-describedby=\"caption-attachment-5529\" style=\"width: 800px\" class=\"wp-caption aligncenter\"><a href=\"https:\/\/blogs.correiobraziliense.com.br\/lianasabo\/wp-content\/uploads\/sites\/25\/2022\/04\/WhatsApp-Image-2022-03-31-at-16.33.38.jpeg\"><img loading=\"lazy\" decoding=\"async\" class=\"size-full wp-image-5529\" src=\"https:\/\/blogs.correiobraziliense.com.br\/lianasabo\/wp-content\/uploads\/sites\/25\/2022\/04\/WhatsApp-Image-2022-03-31-at-16.33.38.jpeg\" alt=\"\" width=\"800\" height=\"533\" srcset=\"https:\/\/blogs.correiobraziliense.com.br\/lianasabo\/wp-content\/uploads\/sites\/25\/2022\/04\/WhatsApp-Image-2022-03-31-at-16.33.38.jpeg 800w, https:\/\/blogs.correiobraziliense.com.br\/lianasabo\/wp-content\/uploads\/sites\/25\/2022\/04\/WhatsApp-Image-2022-03-31-at-16.33.38-300x200.jpeg 300w, https:\/\/blogs.correiobraziliense.com.br\/lianasabo\/wp-content\/uploads\/sites\/25\/2022\/04\/WhatsApp-Image-2022-03-31-at-16.33.38-768x512.jpeg 768w, https:\/\/blogs.correiobraziliense.com.br\/lianasabo\/wp-content\/uploads\/sites\/25\/2022\/04\/WhatsApp-Image-2022-03-31-at-16.33.38-550x366.jpeg 550w, https:\/\/blogs.correiobraziliense.com.br\/lianasabo\/wp-content\/uploads\/sites\/25\/2022\/04\/WhatsApp-Image-2022-03-31-at-16.33.38-230x153.jpeg 230w\" sizes=\"auto, (max-width: 800px) 100vw, 800px\" \/><\/a><figcaption id=\"caption-attachment-5529\" class=\"wp-caption-text\">Cr\u00e9dito: Raphael Carmona\/Divulga\u00e7\u00e3o<\/figcaption><\/figure>\n<p>S\u00f3 agora, por\u00e9m, a grife tem um vinho para chamar de seu. Trata-se do Chardonnay da Valmarino, fundada em 1997 em Pinto Bandeira, cujo nome \u00e9 uma homenagem aos antepassados que vieram de Cison di Valmarino, na It\u00e1lia. De cor amarelo claro e tons esverdeados, o vinho branco ostenta no r\u00f3tulo um buda estilizado como os que enfeitam a rede.<\/p>\n","protected":false},"excerpt":{"rendered":"<p>Por influ\u00eancia de monges budistas, a gastronomia vietnamita \u00e9 dona de uma variedade muito grande de vegetais. Quando recebe o aporte de peixes e carnes, j\u00e1 est\u00e1 de tal modo baseada em produtos frescos, uso m\u00ednimo de \u00f3leo, e dependente de ervas que o equil\u00edbrio entre os ingredientes mais o emprego seleto de especiarias para garantir o bom gosto a [&hellip;]<\/p>\n","protected":false},"author":54,"featured_media":5525,"comment_status":"open","ping_status":"open","sticky":false,"template":"","format":"standard","meta":{"footnotes":""},"categories":[320],"tags":[404,403],"class_list":["post-5524","post","type-post","status-publish","format-standard","has-post-thumbnail","hentry","category-culinaria-internacional","tag-festival-mundo-gastro","tag-vietna"],"_links":{"self":[{"href":"https:\/\/blogs.correiobraziliense.com.br\/lianasabo\/wp-json\/wp\/v2\/posts\/5524","targetHints":{"allow":["GET"]}}],"collection":[{"href":"https:\/\/blogs.correiobraziliense.com.br\/lianasabo\/wp-json\/wp\/v2\/posts"}],"about":[{"href":"https:\/\/blogs.correiobraziliense.com.br\/lianasabo\/wp-json\/wp\/v2\/types\/post"}],"author":[{"embeddable":true,"href":"https:\/\/blogs.correiobraziliense.com.br\/lianasabo\/wp-json\/wp\/v2\/users\/54"}],"replies":[{"embeddable":true,"href":"https:\/\/blogs.correiobraziliense.com.br\/lianasabo\/wp-json\/wp\/v2\/comments?post=5524"}],"version-history":[{"count":2,"href":"https:\/\/blogs.correiobraziliense.com.br\/lianasabo\/wp-json\/wp\/v2\/posts\/5524\/revisions"}],"predecessor-version":[{"id":5530,"href":"https:\/\/blogs.correiobraziliense.com.br\/lianasabo\/wp-json\/wp\/v2\/posts\/5524\/revisions\/5530"}],"wp:featuredmedia":[{"embeddable":true,"href":"https:\/\/blogs.correiobraziliense.com.br\/lianasabo\/wp-json\/wp\/v2\/media\/5525"}],"wp:attachment":[{"href":"https:\/\/blogs.correiobraziliense.com.br\/lianasabo\/wp-json\/wp\/v2\/media?parent=5524"}],"wp:term":[{"taxonomy":"category","embeddable":true,"href":"https:\/\/blogs.correiobraziliense.com.br\/lianasabo\/wp-json\/wp\/v2\/categories?post=5524"},{"taxonomy":"post_tag","embeddable":true,"href":"https:\/\/blogs.correiobraziliense.com.br\/lianasabo\/wp-json\/wp\/v2\/tags?post=5524"}],"curies":[{"name":"wp","href":"https:\/\/api.w.org\/{rel}","templated":true}]}}