{"id":5464,"date":"2022-03-18T06:37:26","date_gmt":"2022-03-18T09:37:26","guid":{"rendered":"https:\/\/blogs.correiobraziliense.com.br\/lianasabo\/?p=5464"},"modified":"2022-03-17T18:42:13","modified_gmt":"2022-03-17T21:42:13","slug":"o-retorno-de-uma-lenda-tampinha-volta-a-brasilia-com-novo-projeto","status":"publish","type":"post","link":"https:\/\/blogs.correiobraziliense.com.br\/lianasabo\/o-retorno-de-uma-lenda-tampinha-volta-a-brasilia-com-novo-projeto\/","title":{"rendered":"O retorno de uma lenda: Tampinha volta a Bras\u00edlia com novo projeto"},"content":{"rendered":"<p>Quem n\u00e3o se lembra do Tampinha, folcl\u00f3rico gar\u00e7om dos bares de Jorge Ferreira, que circulava com muitas adere\u00e7os e condecora\u00e7\u00f5es no uniforme, oferecendo pasteizinhos fritos na hora numa enorme bandeja erguida muito acima de sua cabe\u00e7a? Depois de uma despedida, na qual chorou copiosamente no ombro de Jorge, ele voltou para o Piau\u00ed, onde chorou mais ainda quando recebeu a not\u00edcia de que seu \u00eddolo patr\u00e3o havia morrido.<\/p>\n<p>Tampinha est\u00e1 de volta a Bras\u00edlia e domingo protagoniza uma feijoada (R$ 60) para \u201cajudar o lan\u00e7amento do projeto o Buteco do Tampinha, para o qual espero que voc\u00eas estejam firmes e fortes igual prego no angu\u201d. Ser\u00e1 no espa\u00e7o O Curral, no Lago Norte. Ingressos \u00e0 venda no <a href=\"https:\/\/www.sympla.com.br\/feijoada-do-tampinha__1517621\">www.sympla.com.br\/feijoada-do-tampinha-1517621.<\/a><\/p>\n","protected":false},"excerpt":{"rendered":"<p>Quem n\u00e3o se lembra do Tampinha, folcl\u00f3rico gar\u00e7om dos bares de Jorge Ferreira, que circulava com muitas adere\u00e7os e condecora\u00e7\u00f5es no uniforme, oferecendo pasteizinhos fritos na hora numa enorme bandeja erguida muito acima de sua cabe\u00e7a? Depois de uma despedida, na qual chorou copiosamente no ombro de Jorge, ele voltou para o Piau\u00ed, onde chorou mais ainda quando recebeu a [&hellip;]<\/p>\n","protected":false},"author":54,"featured_media":5467,"comment_status":"open","ping_status":"open","sticky":false,"template":"","format":"standard","meta":{"footnotes":""},"categories":[326],"tags":[387,386],"class_list":["post-5464","post","type-post","status-publish","format-standard","has-post-thumbnail","hentry","category-restaurantes","tag-buteco-do-tampinha","tag-tampinha"],"_links":{"self":[{"href":"https:\/\/blogs.correiobraziliense.com.br\/lianasabo\/wp-json\/wp\/v2\/posts\/5464","targetHints":{"allow":["GET"]}}],"collection":[{"href":"https:\/\/blogs.correiobraziliense.com.br\/lianasabo\/wp-json\/wp\/v2\/posts"}],"about":[{"href":"https:\/\/blogs.correiobraziliense.com.br\/lianasabo\/wp-json\/wp\/v2\/types\/post"}],"author":[{"embeddable":true,"href":"https:\/\/blogs.correiobraziliense.com.br\/lianasabo\/wp-json\/wp\/v2\/users\/54"}],"replies":[{"embeddable":true,"href":"https:\/\/blogs.correiobraziliense.com.br\/lianasabo\/wp-json\/wp\/v2\/comments?post=5464"}],"version-history":[{"count":3,"href":"https:\/\/blogs.correiobraziliense.com.br\/lianasabo\/wp-json\/wp\/v2\/posts\/5464\/revisions"}],"predecessor-version":[{"id":5468,"href":"https:\/\/blogs.correiobraziliense.com.br\/lianasabo\/wp-json\/wp\/v2\/posts\/5464\/revisions\/5468"}],"wp:featuredmedia":[{"embeddable":true,"href":"https:\/\/blogs.correiobraziliense.com.br\/lianasabo\/wp-json\/wp\/v2\/media\/5467"}],"wp:attachment":[{"href":"https:\/\/blogs.correiobraziliense.com.br\/lianasabo\/wp-json\/wp\/v2\/media?parent=5464"}],"wp:term":[{"taxonomy":"category","embeddable":true,"href":"https:\/\/blogs.correiobraziliense.com.br\/lianasabo\/wp-json\/wp\/v2\/categories?post=5464"},{"taxonomy":"post_tag","embeddable":true,"href":"https:\/\/blogs.correiobraziliense.com.br\/lianasabo\/wp-json\/wp\/v2\/tags?post=5464"}],"curies":[{"name":"wp","href":"https:\/\/api.w.org\/{rel}","templated":true}]}}