{"id":5435,"date":"2022-03-11T06:49:03","date_gmt":"2022-03-11T09:49:03","guid":{"rendered":"https:\/\/blogs.correiobraziliense.com.br\/lianasabo\/?p=5435"},"modified":"2022-03-11T16:44:55","modified_gmt":"2022-03-11T19:44:55","slug":"brasilia-tera-quatro-voos-semanais-diretos-para-buenos-aires","status":"publish","type":"post","link":"https:\/\/blogs.correiobraziliense.com.br\/lianasabo\/brasilia-tera-quatro-voos-semanais-diretos-para-buenos-aires\/","title":{"rendered":"Bras\u00edlia ter\u00e1 quatro voos semanais diretos para Buenos Aires"},"content":{"rendered":"<p><span style=\"font-weight: 400\">Tango, Malbec e doce de leite, al\u00e9m da inigual\u00e1vel carne argentina, agora est\u00e3o mais perto dos brasilienses. A partir de 5 de abril, Aerolineas Argentinas p\u00f5em no ar a rota Buenos Aires\/Bras\u00edlia\/Buenos Aires em quatro voos diretos semanais (ter\u00e7as, quartas, s\u00e1bados e domingos) que \u201cabrem mais uma porta internacional para a cidade\u201d, afirmou a secret\u00e1ria de Turismo do DF, Vanessa Mendon\u00e7a, durante o an\u00fancio da retomada da a\u00e9rea portenha \u2013 que esteve ausente do Brasil por seis anos &#8211;, feito quinta-feira na embaixada da Argentina. <\/span><\/p>\n<p><span style=\"font-weight: 400\">J\u00e1 o embaixador Daniel Scioli destacou que a iniciativa \u201cfortalece a integra\u00e7\u00e3o\u00a0<\/span><span style=\"font-weight: 400\">entre os dois pa\u00edses em todas as \u00e1reas.\u201d O voo direto entre as duas capitais ter\u00e1 a dura\u00e7\u00e3o de 3 horas e meia.<\/span><\/p>\n<figure id=\"attachment_5436\" aria-describedby=\"caption-attachment-5436\" style=\"width: 800px\" class=\"wp-caption alignleft\"><a href=\"https:\/\/blogs.correiobraziliense.com.br\/lianasabo\/wp-content\/uploads\/sites\/25\/2022\/03\/WhatsApp-Image-2022-03-10-at-15.55.55.jpeg\"><img loading=\"lazy\" decoding=\"async\" class=\"size-full wp-image-5436\" src=\"https:\/\/blogs.correiobraziliense.com.br\/lianasabo\/wp-content\/uploads\/sites\/25\/2022\/03\/WhatsApp-Image-2022-03-10-at-15.55.55.jpeg\" alt=\"\" width=\"800\" height=\"600\" srcset=\"https:\/\/blogs.correiobraziliense.com.br\/lianasabo\/wp-content\/uploads\/sites\/25\/2022\/03\/WhatsApp-Image-2022-03-10-at-15.55.55.jpeg 800w, https:\/\/blogs.correiobraziliense.com.br\/lianasabo\/wp-content\/uploads\/sites\/25\/2022\/03\/WhatsApp-Image-2022-03-10-at-15.55.55-300x225.jpeg 300w, https:\/\/blogs.correiobraziliense.com.br\/lianasabo\/wp-content\/uploads\/sites\/25\/2022\/03\/WhatsApp-Image-2022-03-10-at-15.55.55-768x576.jpeg 768w, https:\/\/blogs.correiobraziliense.com.br\/lianasabo\/wp-content\/uploads\/sites\/25\/2022\/03\/WhatsApp-Image-2022-03-10-at-15.55.55-550x413.jpeg 550w, https:\/\/blogs.correiobraziliense.com.br\/lianasabo\/wp-content\/uploads\/sites\/25\/2022\/03\/WhatsApp-Image-2022-03-10-at-15.55.55-230x173.jpeg 230w\" sizes=\"auto, (max-width: 800px) 100vw, 800px\" \/><\/a><figcaption id=\"caption-attachment-5436\" class=\"wp-caption-text\">Cr\u00e9dito: Liana Sabo\/CB\/D.A Press<\/figcaption><\/figure>\n<p><strong>Homenagem<\/strong><\/p>\n<p><span style=\"font-weight: 400\">O governador Ibaneis Rocha n\u00e3o pode ir, mas\u00a0<\/span><span style=\"font-weight: 400\">enviou o vice Paco Britto para represent\u00e1-lo na solenidade, que contou com a presen\u00e7a de representantes dos setores hoteleiro, de transportes, gastronomia e agentes de viagens, que atuam na capital e em outras cidades do Norte e do Nordeste, beneficiadas com o lan\u00e7amento da nova rota. Britto comemorou o fato de Bras\u00edlia ser contemplada com novos voos internacionais e informou que a presen\u00e7a de turistas por tr\u00eas dias na cidade pode gerar uma receita de R$ 55 milh\u00f5es por ano.<\/span><\/p>\n<figure id=\"attachment_5453\" aria-describedby=\"caption-attachment-5453\" style=\"width: 1200px\" class=\"wp-caption aligncenter\"><a href=\"https:\/\/blogs.correiobraziliense.com.br\/lianasabo\/wp-content\/uploads\/sites\/25\/2022\/03\/IMG-20220311-WA0135.jpg\"><img loading=\"lazy\" decoding=\"async\" class=\"size-full wp-image-5453\" src=\"https:\/\/blogs.correiobraziliense.com.br\/lianasabo\/wp-content\/uploads\/sites\/25\/2022\/03\/IMG-20220311-WA0135.jpg\" alt=\"\" width=\"1200\" height=\"1600\" srcset=\"https:\/\/blogs.correiobraziliense.com.br\/lianasabo\/wp-content\/uploads\/sites\/25\/2022\/03\/IMG-20220311-WA0135.jpg 768w, https:\/\/blogs.correiobraziliense.com.br\/lianasabo\/wp-content\/uploads\/sites\/25\/2022\/03\/IMG-20220311-WA0135-225x300.jpg 225w, https:\/\/blogs.correiobraziliense.com.br\/lianasabo\/wp-content\/uploads\/sites\/25\/2022\/03\/IMG-20220311-WA0135-800x1067.jpg 800w, https:\/\/blogs.correiobraziliense.com.br\/lianasabo\/wp-content\/uploads\/sites\/25\/2022\/03\/IMG-20220311-WA0135-550x733.jpg 550w, https:\/\/blogs.correiobraziliense.com.br\/lianasabo\/wp-content\/uploads\/sites\/25\/2022\/03\/IMG-20220311-WA0135-230x307.jpg 230w\" sizes=\"auto, (max-width: 1200px) 100vw, 1200px\" \/><\/a><figcaption id=\"caption-attachment-5453\" class=\"wp-caption-text\">Jornalistas Marlene Galeazzi e Eldo Gomes<\/figcaption><\/figure>\n<p><span style=\"font-weight: 400\">O vice-governador aproveitou ainda para prestar uma homenagem \u00e0 jornalista Marlene Galeazzi, dona da coluna hom\u00f4nima no jornal <em>Al\u00f4 Bras\u00edlia<\/em>, que atua na cidade desde os primeiros anos da funda\u00e7\u00e3o, tendo passado por diversas reda\u00e7\u00f5es nacionais. Britto tamb\u00e9m destacou o trabalho de outro jornalista Eldo Gomes, que como Marlene, promove em seu blog as atra\u00e7\u00f5es da capital.<\/span><\/p>\n<p><span style=\"font-weight: 400\">Os avi\u00f5es da Aerolineas sair\u00e3o de Buenos Aires ap\u00f3s conex\u00f5es vindas de C\u00f3rdoba, Mendoza e Rosario, sendo que as decolagens ao contr\u00e1rio do aeroporto Ezeiza, distante da cidade, ser\u00e3o pelo Aeropark, no centro da capital vizinha. O avi\u00e3o escolhido para esta rota \u00e9 o modelo Boeing 737-700, com 120 assentos e duas classes.<\/span><\/p>\n","protected":false},"excerpt":{"rendered":"<p>Tango, Malbec e doce de leite, al\u00e9m da inigual\u00e1vel carne argentina, agora est\u00e3o mais perto dos brasilienses. A partir de 5 de abril, Aerolineas Argentinas p\u00f5em no ar a rota Buenos Aires\/Bras\u00edlia\/Buenos Aires em quatro voos diretos semanais (ter\u00e7as, quartas, s\u00e1bados e domingos) que \u201cabrem mais uma porta internacional para a cidade\u201d, afirmou a secret\u00e1ria de Turismo do DF, Vanessa [&hellip;]<\/p>\n","protected":false},"author":54,"featured_media":5450,"comment_status":"open","ping_status":"open","sticky":false,"template":"","format":"standard","meta":{"footnotes":""},"categories":[1],"tags":[],"class_list":["post-5435","post","type-post","status-publish","format-standard","has-post-thumbnail","hentry","category-sem-categoria"],"_links":{"self":[{"href":"https:\/\/blogs.correiobraziliense.com.br\/lianasabo\/wp-json\/wp\/v2\/posts\/5435","targetHints":{"allow":["GET"]}}],"collection":[{"href":"https:\/\/blogs.correiobraziliense.com.br\/lianasabo\/wp-json\/wp\/v2\/posts"}],"about":[{"href":"https:\/\/blogs.correiobraziliense.com.br\/lianasabo\/wp-json\/wp\/v2\/types\/post"}],"author":[{"embeddable":true,"href":"https:\/\/blogs.correiobraziliense.com.br\/lianasabo\/wp-json\/wp\/v2\/users\/54"}],"replies":[{"embeddable":true,"href":"https:\/\/blogs.correiobraziliense.com.br\/lianasabo\/wp-json\/wp\/v2\/comments?post=5435"}],"version-history":[{"count":5,"href":"https:\/\/blogs.correiobraziliense.com.br\/lianasabo\/wp-json\/wp\/v2\/posts\/5435\/revisions"}],"predecessor-version":[{"id":5454,"href":"https:\/\/blogs.correiobraziliense.com.br\/lianasabo\/wp-json\/wp\/v2\/posts\/5435\/revisions\/5454"}],"wp:featuredmedia":[{"embeddable":true,"href":"https:\/\/blogs.correiobraziliense.com.br\/lianasabo\/wp-json\/wp\/v2\/media\/5450"}],"wp:attachment":[{"href":"https:\/\/blogs.correiobraziliense.com.br\/lianasabo\/wp-json\/wp\/v2\/media?parent=5435"}],"wp:term":[{"taxonomy":"category","embeddable":true,"href":"https:\/\/blogs.correiobraziliense.com.br\/lianasabo\/wp-json\/wp\/v2\/categories?post=5435"},{"taxonomy":"post_tag","embeddable":true,"href":"https:\/\/blogs.correiobraziliense.com.br\/lianasabo\/wp-json\/wp\/v2\/tags?post=5435"}],"curies":[{"name":"wp","href":"https:\/\/api.w.org\/{rel}","templated":true}]}}