{"id":5422,"date":"2022-03-08T13:16:14","date_gmt":"2022-03-08T16:16:14","guid":{"rendered":"https:\/\/blogs.correiobraziliense.com.br\/lianasabo\/?p=5422"},"modified":"2022-03-08T13:35:02","modified_gmt":"2022-03-08T16:35:02","slug":"confira-o-que-os-restaurantes-da-cidade-prepararam-para-celebrar-o-dia-da-mulher","status":"publish","type":"post","link":"https:\/\/blogs.correiobraziliense.com.br\/lianasabo\/confira-o-que-os-restaurantes-da-cidade-prepararam-para-celebrar-o-dia-da-mulher\/","title":{"rendered":"Confira o que os restaurantes da cidade prepararam para celebrar o Dia da Mulher"},"content":{"rendered":"<p style=\"text-align: center\">O Dia da Mulher n\u00e3o passa em branco em muitos bons endere\u00e7os da cidade que programaram com m\u00fasica, menu especial ou desconto comemorar a data. Veja algumas sugest\u00f5es que o Blog garimpou:<\/p>\n<p><strong>Tudo rosa<\/strong><\/p>\n<p>O restaurante Paris 6, que pertence a uma rede do mesmo nome com opera\u00e7\u00f5es em diversas cidades, oferece hoje (8\/3) uma sobremesa de cortesia \u00e0s mulheres que almo\u00e7arem ou jantarem no bistr\u00f4, situado no Shopping ID, desde que elas pe\u00e7am o salm\u00e3o \u00e0 Bianca Andrade. Trata-se de um prato desenvolvido com o peixe rosa ao molho de camar\u00f5es, acompanhado de legumes e pur\u00ea de batata baroa ao toque de azeite trufado (R$ 95). A receita \u00e9 uma homenagem \u00e0 empres\u00e1ria e influenciadora digital eleita madrinha da campanha. E a sobremesa \u00e9 de dar \u00e1gua na boca: mil folhas de brigadeiro rosa.<\/p>\n<p><strong>R\u00facula no burger<\/strong><\/p>\n<figure id=\"attachment_5424\" aria-describedby=\"caption-attachment-5424\" style=\"width: 300px\" class=\"wp-caption alignright\"><a href=\"https:\/\/blogs.correiobraziliense.com.br\/lianasabo\/wp-content\/uploads\/sites\/25\/2022\/03\/Hamburgueria-Bob-Beef-Bob-Caprese-Foto_-Tomas-Rangel.jpg\"><img loading=\"lazy\" decoding=\"async\" class=\"size-medium wp-image-5424\" src=\"https:\/\/blogs.correiobraziliense.com.br\/lianasabo\/wp-content\/uploads\/sites\/25\/2022\/03\/Hamburgueria-Bob-Beef-Bob-Caprese-Foto_-Tomas-Rangel-300x200.jpg\" alt=\"\" width=\"300\" height=\"200\" srcset=\"https:\/\/blogs.correiobraziliense.com.br\/lianasabo\/wp-content\/uploads\/sites\/25\/2022\/03\/Hamburgueria-Bob-Beef-Bob-Caprese-Foto_-Tomas-Rangel-300x200.jpg 300w, https:\/\/blogs.correiobraziliense.com.br\/lianasabo\/wp-content\/uploads\/sites\/25\/2022\/03\/Hamburgueria-Bob-Beef-Bob-Caprese-Foto_-Tomas-Rangel-768x512.jpg 768w, https:\/\/blogs.correiobraziliense.com.br\/lianasabo\/wp-content\/uploads\/sites\/25\/2022\/03\/Hamburgueria-Bob-Beef-Bob-Caprese-Foto_-Tomas-Rangel-1024x683.jpg 1024w, https:\/\/blogs.correiobraziliense.com.br\/lianasabo\/wp-content\/uploads\/sites\/25\/2022\/03\/Hamburgueria-Bob-Beef-Bob-Caprese-Foto_-Tomas-Rangel-800x533.jpg 800w, https:\/\/blogs.correiobraziliense.com.br\/lianasabo\/wp-content\/uploads\/sites\/25\/2022\/03\/Hamburgueria-Bob-Beef-Bob-Caprese-Foto_-Tomas-Rangel-550x367.jpg 550w, https:\/\/blogs.correiobraziliense.com.br\/lianasabo\/wp-content\/uploads\/sites\/25\/2022\/03\/Hamburgueria-Bob-Beef-Bob-Caprese-Foto_-Tomas-Rangel-230x153.jpg 230w, https:\/\/blogs.correiobraziliense.com.br\/lianasabo\/wp-content\/uploads\/sites\/25\/2022\/03\/Hamburgueria-Bob-Beef-Bob-Caprese-Foto_-Tomas-Rangel.jpg 1200w\" sizes=\"auto, (max-width: 300px) 100vw, 300px\" \/><\/a><figcaption id=\"caption-attachment-5424\" class=\"wp-caption-text\">Cr\u00e9dito: Tomas Rangel\/Divulga\u00e7\u00e3o. Bob Caprese<\/figcaption><\/figure>\n<p>Chama-se Bob Caprese o sandu\u00edche com o qual a Hamburgueria Bob Beef homenageia a mulher n\u00e3o s\u00f3 neste dia, mas durante todo o m\u00eas de mar\u00e7o. Criada pela chef Renata Domingues, a iguaria \u00e9 feita com um disco de 120g de costela bovina Angus, uma camada de queijo mu\u00e7arela, tomate tostado na chapa, salada de r\u00facula fresca e maionese de manjeric\u00e3o servida no p\u00e3o brioche selado na manteiga. Tem uma op\u00e7\u00e3o vegetariana. A nova loja fica na 307 Norte, Bloco A. Telefone: 99517-1673.<\/p>\n<p><strong>Bate-papo com brinde<\/strong><\/p>\n<p>Ser\u00e1 no Gentil Caf\u00e9 (410 Sul) que a mentora de mulheres de neg\u00f3cios e treinadora de l\u00edderes Natascha Valente conversa hoje (8\/3), a partir das 18h30, com mulheres interessadas em saber mais sobre empreendedorismo feminino. A jornalista Cristine Gentil, uma das propriet\u00e1rias do caf\u00e9, promete sortear alguns brindes. \u00c9 bom fazer reserva pelo 9968-1504.<\/p>\n<p><strong>Espumante facilitado<br \/>\n<\/strong><br \/>\nJ\u00e1 \u00e9 praxe programa\u00e7\u00e3o especial nas quartas-feiras, mas nesta <em>Quartas Delas<\/em>, projeto do Cantucci Osteria, Grano &amp; Oliva e Inforno Burger, todo o lucro da a\u00e7\u00e3o &#8212; n\u00e3o s\u00f3 amanh\u00e3 (9), mas tamb\u00e9m hoje (8) &#8212; ser\u00e1 revertido em prol da ong Sobreviver, que trabalha no aux\u00edlio a mulheres v\u00edtimas de viol\u00eancia. \u201cQuem for aos restaurantes jantar nos dias 8 e 9 e pedir um prato principal do menu pagando mais R$ 39 poder\u00e1 consumir espumante \u00e0 vontade, entre 18h \u00e0s 22h\u201d, explica Rodrigo Melo, chef de cozinha e s\u00f3cio das casas instaladas na 403 Norte, Bloco E.<\/p>\n<p><strong>Inspira\u00e7\u00e3o espanhola<\/strong><\/p>\n<figure id=\"attachment_5423\" aria-describedby=\"caption-attachment-5423\" style=\"width: 300px\" class=\"wp-caption alignleft\"><a href=\"https:\/\/blogs.correiobraziliense.com.br\/lianasabo\/wp-content\/uploads\/sites\/25\/2022\/03\/unnamed.jpg\"><img loading=\"lazy\" decoding=\"async\" class=\"size-medium wp-image-5423\" src=\"https:\/\/blogs.correiobraziliense.com.br\/lianasabo\/wp-content\/uploads\/sites\/25\/2022\/03\/unnamed-300x200.jpg\" alt=\"\" width=\"300\" height=\"200\" srcset=\"https:\/\/blogs.correiobraziliense.com.br\/lianasabo\/wp-content\/uploads\/sites\/25\/2022\/03\/unnamed-300x200.jpg 300w, https:\/\/blogs.correiobraziliense.com.br\/lianasabo\/wp-content\/uploads\/sites\/25\/2022\/03\/unnamed-768x513.jpg 768w, https:\/\/blogs.correiobraziliense.com.br\/lianasabo\/wp-content\/uploads\/sites\/25\/2022\/03\/unnamed.jpg 800w, https:\/\/blogs.correiobraziliense.com.br\/lianasabo\/wp-content\/uploads\/sites\/25\/2022\/03\/unnamed-550x367.jpg 550w, https:\/\/blogs.correiobraziliense.com.br\/lianasabo\/wp-content\/uploads\/sites\/25\/2022\/03\/unnamed-230x154.jpg 230w\" sizes=\"auto, (max-width: 300px) 100vw, 300px\" \/><\/a><figcaption id=\"caption-attachment-5423\" class=\"wp-caption-text\">Cr\u00e9dito: Fernando Pires\/Divulga\u00e7\u00e3o<\/figcaption><\/figure>\n<p>J\u00e1 o chef do Aroma (407 Sul), Ronny Peterson, escolheu a quarta-feira, 9 de mar\u00e7o, para executar um super menu que evoca a Espanha, pa\u00eds que encanta as mulheres pela gastronomia, m\u00fasica, dan\u00e7a e vinho. \u201cSer\u00e1 um encontro bem rico culturalmente tamb\u00e9m\u201d, adianta o chef, que desenvolveu cinco etapas do jantar em parceria com o en\u00f3logo espanhol Pablo Miranda, que assina todos os vinhos importados pela Del Maipo.<\/p>\n<p>Na primeira, o menu de entradinhas vai contar com o trio de pan tomaca, sal\u00e3o com maionese de alho negro, aliche com aioli de cebolinha, presunto de parma e gel figo fresco, acompanhado do Vizar Verdejo Ecol\u00f3gico e Charlat\u00e1n. J\u00e1 a segunda etapa, que serve o Vizar Selecci\u00f3n Especial 2009, vem com croquetes de jam\u00f3n com emuls\u00e3o de alcachofra, galinha caipira e creme de aspargos. Na terceira etapa, o destaque ficas para o R\u00e9quiem combinado com piment\u00e3o recheado com rabada bovina e crocante de alho-por\u00f3.<\/p>\n<p>Paella valenciana ser\u00e1 o ponto alto do jantar com o vinho C\u00e9sar Principe na ta\u00e7a, enquanto a quinta etapa vai trazer degusta\u00e7\u00e3o de sobremesas com o bolo tr\u00eas leches. Sai por R$ 350 o menu completo com vagas limitadas, da\u00ed a necessidade de reservas antecipadas. Telefone: 99208-5392.<\/p>\n","protected":false},"excerpt":{"rendered":"<p>O Dia da Mulher n\u00e3o passa em branco em muitos bons endere\u00e7os da cidade que programaram com m\u00fasica, menu especial ou desconto comemorar a data. Veja algumas sugest\u00f5es que o Blog garimpou: Tudo rosa O restaurante Paris 6, que pertence a uma rede do mesmo nome com opera\u00e7\u00f5es em diversas cidades, oferece hoje (8\/3) uma sobremesa de cortesia \u00e0s mulheres [&hellip;]<\/p>\n","protected":false},"author":54,"featured_media":5425,"comment_status":"open","ping_status":"open","sticky":false,"template":"","format":"standard","meta":{"footnotes":""},"categories":[326],"tags":[378,381,380,379],"class_list":["post-5422","post","type-post","status-publish","format-standard","has-post-thumbnail","hentry","category-restaurantes","tag-dia-da-mulher","tag-programacao","tag-promocoes","tag-restaurantes"],"_links":{"self":[{"href":"https:\/\/blogs.correiobraziliense.com.br\/lianasabo\/wp-json\/wp\/v2\/posts\/5422","targetHints":{"allow":["GET"]}}],"collection":[{"href":"https:\/\/blogs.correiobraziliense.com.br\/lianasabo\/wp-json\/wp\/v2\/posts"}],"about":[{"href":"https:\/\/blogs.correiobraziliense.com.br\/lianasabo\/wp-json\/wp\/v2\/types\/post"}],"author":[{"embeddable":true,"href":"https:\/\/blogs.correiobraziliense.com.br\/lianasabo\/wp-json\/wp\/v2\/users\/54"}],"replies":[{"embeddable":true,"href":"https:\/\/blogs.correiobraziliense.com.br\/lianasabo\/wp-json\/wp\/v2\/comments?post=5422"}],"version-history":[{"count":2,"href":"https:\/\/blogs.correiobraziliense.com.br\/lianasabo\/wp-json\/wp\/v2\/posts\/5422\/revisions"}],"predecessor-version":[{"id":5427,"href":"https:\/\/blogs.correiobraziliense.com.br\/lianasabo\/wp-json\/wp\/v2\/posts\/5422\/revisions\/5427"}],"wp:featuredmedia":[{"embeddable":true,"href":"https:\/\/blogs.correiobraziliense.com.br\/lianasabo\/wp-json\/wp\/v2\/media\/5425"}],"wp:attachment":[{"href":"https:\/\/blogs.correiobraziliense.com.br\/lianasabo\/wp-json\/wp\/v2\/media?parent=5422"}],"wp:term":[{"taxonomy":"category","embeddable":true,"href":"https:\/\/blogs.correiobraziliense.com.br\/lianasabo\/wp-json\/wp\/v2\/categories?post=5422"},{"taxonomy":"post_tag","embeddable":true,"href":"https:\/\/blogs.correiobraziliense.com.br\/lianasabo\/wp-json\/wp\/v2\/tags?post=5422"}],"curies":[{"name":"wp","href":"https:\/\/api.w.org\/{rel}","templated":true}]}}