{"id":5410,"date":"2022-03-04T16:02:23","date_gmt":"2022-03-04T19:02:23","guid":{"rendered":"https:\/\/blogs.correiobraziliense.com.br\/lianasabo\/?p=5410"},"modified":"2022-03-04T16:50:32","modified_gmt":"2022-03-04T19:50:32","slug":"vinicola-aurora-lanca-suco-de-uva-integral-em-lata","status":"publish","type":"post","link":"https:\/\/blogs.correiobraziliense.com.br\/lianasabo\/vinicola-aurora-lanca-suco-de-uva-integral-em-lata\/","title":{"rendered":"Vin\u00edcola Aurora lan\u00e7a suco de uva integral em lata"},"content":{"rendered":"<p>Sem adi\u00e7\u00e3o de \u00e1gua, a\u00e7\u00facar ou corante o puro suco de uva integral gaseificado ganha op\u00e7\u00e3o em lata na Vin\u00edcola Aurora, que come\u00e7a a distribuir a bebida em todo o pa\u00eds. Produzido h\u00e1 dois anos o suco, que guarda todas as propriedades da uva, at\u00e9 ent\u00e3o era comercializado apenas em garrafas de vidro.<\/p>\n<p>\u201cAs latas s\u00e3o leves e de descarte f\u00e1cil, ampliando o leque de locais em que pode ser consumido\u201d, observa o gerente de marketing, Rodrigo Valerio. Maior produtora nacional de suco de uva integral, a ga\u00facha Aurora est\u00e1 presente na Super Adega, que em breve receber\u00e1 o lan\u00e7amento em lata com um pre\u00e7o m\u00e9dio de R$ 5.<\/p>\n<figure id=\"attachment_5411\" aria-describedby=\"caption-attachment-5411\" style=\"width: 1024px\" class=\"wp-caption aligncenter\"><a href=\"https:\/\/blogs.correiobraziliense.com.br\/lianasabo\/wp-content\/uploads\/sites\/25\/2022\/03\/Suco-de-Uva-Aurora-Gaseificado-Cr\u00e9dito-Z\u00e9to-Tel\u00f6ken.jpg\"><img loading=\"lazy\" decoding=\"async\" class=\"wp-image-5411 size-large\" src=\"https:\/\/blogs.correiobraziliense.com.br\/lianasabo\/wp-content\/uploads\/sites\/25\/2022\/03\/Suco-de-Uva-Aurora-Gaseificado-Cr\u00e9dito-Z\u00e9to-Tel\u00f6ken-1024x683.jpg\" alt=\"\" width=\"1024\" height=\"683\" srcset=\"https:\/\/blogs.correiobraziliense.com.br\/lianasabo\/wp-content\/uploads\/sites\/25\/2022\/03\/Suco-de-Uva-Aurora-Gaseificado-Cr\u00e9dito-Z\u00e9to-Tel\u00f6ken-1024x683.jpg 1024w, https:\/\/blogs.correiobraziliense.com.br\/lianasabo\/wp-content\/uploads\/sites\/25\/2022\/03\/Suco-de-Uva-Aurora-Gaseificado-Cr\u00e9dito-Z\u00e9to-Tel\u00f6ken-300x200.jpg 300w, https:\/\/blogs.correiobraziliense.com.br\/lianasabo\/wp-content\/uploads\/sites\/25\/2022\/03\/Suco-de-Uva-Aurora-Gaseificado-Cr\u00e9dito-Z\u00e9to-Tel\u00f6ken-768x512.jpg 768w, https:\/\/blogs.correiobraziliense.com.br\/lianasabo\/wp-content\/uploads\/sites\/25\/2022\/03\/Suco-de-Uva-Aurora-Gaseificado-Cr\u00e9dito-Z\u00e9to-Tel\u00f6ken.jpg 1440w, https:\/\/blogs.correiobraziliense.com.br\/lianasabo\/wp-content\/uploads\/sites\/25\/2022\/03\/Suco-de-Uva-Aurora-Gaseificado-Cr\u00e9dito-Z\u00e9to-Tel\u00f6ken-800x534.jpg 800w, https:\/\/blogs.correiobraziliense.com.br\/lianasabo\/wp-content\/uploads\/sites\/25\/2022\/03\/Suco-de-Uva-Aurora-Gaseificado-Cr\u00e9dito-Z\u00e9to-Tel\u00f6ken-550x367.jpg 550w, https:\/\/blogs.correiobraziliense.com.br\/lianasabo\/wp-content\/uploads\/sites\/25\/2022\/03\/Suco-de-Uva-Aurora-Gaseificado-Cr\u00e9dito-Z\u00e9to-Tel\u00f6ken-230x153.jpg 230w\" sizes=\"auto, (max-width: 1024px) 100vw, 1024px\" \/><\/a><figcaption id=\"caption-attachment-5411\" class=\"wp-caption-text\">Cr\u00e9dito: Vin\u00edcola Aurora\/Divulga\u00e7\u00e3o<\/figcaption><\/figure>\n","protected":false},"excerpt":{"rendered":"<p>Sem adi\u00e7\u00e3o de \u00e1gua, a\u00e7\u00facar ou corante o puro suco de uva integral gaseificado ganha op\u00e7\u00e3o em lata na Vin\u00edcola Aurora, que come\u00e7a a distribuir a bebida em todo o pa\u00eds. Produzido h\u00e1 dois anos o suco, que guarda todas as propriedades da uva, at\u00e9 ent\u00e3o era comercializado apenas em garrafas de vidro. \u201cAs latas s\u00e3o leves e de descarte [&hellip;]<\/p>\n","protected":false},"author":54,"featured_media":5414,"comment_status":"open","ping_status":"open","sticky":false,"template":"","format":"standard","meta":{"footnotes":""},"categories":[1],"tags":[376,377],"class_list":["post-5410","post","type-post","status-publish","format-standard","has-post-thumbnail","hentry","category-sem-categoria","tag-suco","tag-vinicola-aurora"],"_links":{"self":[{"href":"https:\/\/blogs.correiobraziliense.com.br\/lianasabo\/wp-json\/wp\/v2\/posts\/5410","targetHints":{"allow":["GET"]}}],"collection":[{"href":"https:\/\/blogs.correiobraziliense.com.br\/lianasabo\/wp-json\/wp\/v2\/posts"}],"about":[{"href":"https:\/\/blogs.correiobraziliense.com.br\/lianasabo\/wp-json\/wp\/v2\/types\/post"}],"author":[{"embeddable":true,"href":"https:\/\/blogs.correiobraziliense.com.br\/lianasabo\/wp-json\/wp\/v2\/users\/54"}],"replies":[{"embeddable":true,"href":"https:\/\/blogs.correiobraziliense.com.br\/lianasabo\/wp-json\/wp\/v2\/comments?post=5410"}],"version-history":[{"count":2,"href":"https:\/\/blogs.correiobraziliense.com.br\/lianasabo\/wp-json\/wp\/v2\/posts\/5410\/revisions"}],"predecessor-version":[{"id":5416,"href":"https:\/\/blogs.correiobraziliense.com.br\/lianasabo\/wp-json\/wp\/v2\/posts\/5410\/revisions\/5416"}],"wp:featuredmedia":[{"embeddable":true,"href":"https:\/\/blogs.correiobraziliense.com.br\/lianasabo\/wp-json\/wp\/v2\/media\/5414"}],"wp:attachment":[{"href":"https:\/\/blogs.correiobraziliense.com.br\/lianasabo\/wp-json\/wp\/v2\/media?parent=5410"}],"wp:term":[{"taxonomy":"category","embeddable":true,"href":"https:\/\/blogs.correiobraziliense.com.br\/lianasabo\/wp-json\/wp\/v2\/categories?post=5410"},{"taxonomy":"post_tag","embeddable":true,"href":"https:\/\/blogs.correiobraziliense.com.br\/lianasabo\/wp-json\/wp\/v2\/tags?post=5410"}],"curies":[{"name":"wp","href":"https:\/\/api.w.org\/{rel}","templated":true}]}}