{"id":5293,"date":"2022-01-06T09:37:38","date_gmt":"2022-01-06T12:37:38","guid":{"rendered":"https:\/\/blogs.correiobraziliense.com.br\/lianasabo\/?p=5293"},"modified":"2022-01-06T09:41:43","modified_gmt":"2022-01-06T12:41:43","slug":"la-boulangerie-celebra-dia-de-reis-com-iguaria-em-versao-francesa","status":"publish","type":"post","link":"https:\/\/blogs.correiobraziliense.com.br\/lianasabo\/la-boulangerie-celebra-dia-de-reis-com-iguaria-em-versao-francesa\/","title":{"rendered":"La Boulangerie celebra Dia de Reis com iguaria em vers\u00e3o francesa"},"content":{"rendered":"<p>\u00c9 hoje o dia em que se comemora a Epifania (em grego, significa apari\u00e7\u00e3o, revela\u00e7\u00e3o) data consagrada ao aparecimento dos Reis Magos como primeira manifesta\u00e7\u00e3o de Cristo aos gentios, tornando-se a data de 6 de janeiro o Dia dos Reis, embora Gaspar, Belchior e Baltazar fossem astr\u00f3logos vindos do Oriente. Guiando-se pela estrela alcan\u00e7aram a manjedoura em Bel\u00e9m, onde estava o menino. Levaram para ele ouro, incenso e mirra (perfume).<\/p>\n<p>Quase todas as culturas ocidentais comemoram a data. Da tradi\u00e7\u00e3o portuguesa faz parte um bolo festivo em forma de coroa que se come neste dia. Na Espanha, o Dia de Reis \u00e9 mais festejado que o Natal, chega a ser feriado com desfile de carros aleg\u00f3ricos nas ruas. Na v\u00e9spera, h\u00e1 uma cavalgada dos \u201creis\u201d que distribuem confeitos para as crian\u00e7as, mas elas precisam ir cedo para a cama que, dia seguinte, receber\u00e3o os presentes trazidos por eles. A comida t\u00edpica \u00e9 uma rosca com frutas cristalizadas recheadas com chantilly, trufa ou chocolate e dentro h\u00e1 uma surpresinha.<\/p>\n<p>Surpresa que vem na vers\u00e3o francesa da iguaria de reis. H\u00e1 14 anos, desde que fundou La Boulangerie, o chef p\u00e2tissier Guillaume Petitgas desenvolve a receita da gallette des rois, que j\u00e1 conquistou o brasiliense, da\u00ed o elevado n\u00famero de encomendas feitas por fam\u00edlias de diversas origens, que passaram a conhecer a tradi\u00e7\u00e3o da Fran\u00e7a, que as crian\u00e7as adoram.<\/p>\n<p><strong>Rei por um ano<\/strong><\/p>\n<p>Este ano, por\u00e9m, o confeiteiro decidiu n\u00e3o colocar a surpresa \u2013 uma fava de porcelana pintada \u00e0 m\u00e3o, importada da Fran\u00e7a \u2013 e oferec\u00ea-la \u00e0 parte para que seja escondida em meio a torta por quem a levar. \u201cPreferi deixar a f\u00e9ve de fora para evitar acidentes, tipo algu\u00e9m morder a pecinha e ferir a boca\u201d, explicou o chef franc\u00eas, que estudou tr\u00eas anos em seu pa\u00eds para se tornar padeiro.<\/p>\n<p>Com a miniatura que faz refer\u00eancia ao nascimento de Jesus, vai junto um manual explicando a brincadeira. Consiste em levar \u00e0 mesa a gallete com uma coroa dourada de papel\u00e3o por cima. Tradicionalmente utilizava-se favas de feij\u00e3o branco bem grande, o que deu o nome ao objeto usado hoje em dia. Na brincadeira, a crian\u00e7a mais jovem escondida debaixo da mesa indica para quem vai cada fatia da galette. Quem encontrar a fava ser\u00e1 coroado rei ou rainha da casa e oferece aos convidados a galette do ano seguinte.<\/p>\n<div id='gallery-1' class='gallery galleryid-5293 gallery-columns-3 gallery-size-large'><figure class='gallery-item'>\n\t\t\t<div class='gallery-icon landscape'>\n\t\t\t\t<a href='https:\/\/blogs.correiobraziliense.com.br\/lianasabo\/la-boulangerie-celebra-dia-de-reis-com-iguaria-em-versao-francesa\/whatsapp-image-2022-01-06-at-09-14-25\/'><img loading=\"lazy\" decoding=\"async\" width=\"853\" height=\"766\" src=\"https:\/\/blogs.correiobraziliense.com.br\/lianasabo\/wp-content\/uploads\/sites\/25\/2022\/01\/WhatsApp-Image-2022-01-06-at-09.14.25.jpeg\" class=\"attachment-large size-large\" alt=\"\" srcset=\"https:\/\/blogs.correiobraziliense.com.br\/lianasabo\/wp-content\/uploads\/sites\/25\/2022\/01\/WhatsApp-Image-2022-01-06-at-09.14.25.jpeg 853w, https:\/\/blogs.correiobraziliense.com.br\/lianasabo\/wp-content\/uploads\/sites\/25\/2022\/01\/WhatsApp-Image-2022-01-06-at-09.14.25-300x269.jpeg 300w, https:\/\/blogs.correiobraziliense.com.br\/lianasabo\/wp-content\/uploads\/sites\/25\/2022\/01\/WhatsApp-Image-2022-01-06-at-09.14.25-768x690.jpeg 768w, https:\/\/blogs.correiobraziliense.com.br\/lianasabo\/wp-content\/uploads\/sites\/25\/2022\/01\/WhatsApp-Image-2022-01-06-at-09.14.25-800x718.jpeg 800w, https:\/\/blogs.correiobraziliense.com.br\/lianasabo\/wp-content\/uploads\/sites\/25\/2022\/01\/WhatsApp-Image-2022-01-06-at-09.14.25-550x494.jpeg 550w, https:\/\/blogs.correiobraziliense.com.br\/lianasabo\/wp-content\/uploads\/sites\/25\/2022\/01\/WhatsApp-Image-2022-01-06-at-09.14.25-230x207.jpeg 230w\" sizes=\"auto, (max-width: 853px) 100vw, 853px\" \/><\/a>\n\t\t\t<\/div><\/figure><figure class='gallery-item'>\n\t\t\t<div class='gallery-icon landscape'>\n\t\t\t\t<a href='https:\/\/blogs.correiobraziliense.com.br\/lianasabo\/la-boulangerie-celebra-dia-de-reis-com-iguaria-em-versao-francesa\/whatsapp-image-2022-01-06-at-09-13-34\/'><img loading=\"lazy\" decoding=\"async\" width=\"1024\" height=\"768\" src=\"https:\/\/blogs.correiobraziliense.com.br\/lianasabo\/wp-content\/uploads\/sites\/25\/2022\/01\/WhatsApp-Image-2022-01-06-at-09.13.34-1024x768.jpeg\" class=\"attachment-large size-large\" alt=\"\" srcset=\"https:\/\/blogs.correiobraziliense.com.br\/lianasabo\/wp-content\/uploads\/sites\/25\/2022\/01\/WhatsApp-Image-2022-01-06-at-09.13.34.jpeg 1024w, https:\/\/blogs.correiobraziliense.com.br\/lianasabo\/wp-content\/uploads\/sites\/25\/2022\/01\/WhatsApp-Image-2022-01-06-at-09.13.34-300x225.jpeg 300w, https:\/\/blogs.correiobraziliense.com.br\/lianasabo\/wp-content\/uploads\/sites\/25\/2022\/01\/WhatsApp-Image-2022-01-06-at-09.13.34-768x576.jpeg 768w, https:\/\/blogs.correiobraziliense.com.br\/lianasabo\/wp-content\/uploads\/sites\/25\/2022\/01\/WhatsApp-Image-2022-01-06-at-09.13.34-800x600.jpeg 800w, https:\/\/blogs.correiobraziliense.com.br\/lianasabo\/wp-content\/uploads\/sites\/25\/2022\/01\/WhatsApp-Image-2022-01-06-at-09.13.34-550x413.jpeg 550w, https:\/\/blogs.correiobraziliense.com.br\/lianasabo\/wp-content\/uploads\/sites\/25\/2022\/01\/WhatsApp-Image-2022-01-06-at-09.13.34-230x173.jpeg 230w\" sizes=\"auto, (max-width: 1024px) 100vw, 1024px\" \/><\/a>\n\t\t\t<\/div><\/figure><figure class='gallery-item'>\n\t\t\t<div class='gallery-icon landscape'>\n\t\t\t\t<a href='https:\/\/blogs.correiobraziliense.com.br\/lianasabo\/la-boulangerie-celebra-dia-de-reis-com-iguaria-em-versao-francesa\/whatsapp-image-2022-01-06-at-09-12-34\/'><img loading=\"lazy\" decoding=\"async\" width=\"1024\" height=\"768\" src=\"https:\/\/blogs.correiobraziliense.com.br\/lianasabo\/wp-content\/uploads\/sites\/25\/2022\/01\/WhatsApp-Image-2022-01-06-at-09.12.34-1024x768.jpeg\" class=\"attachment-large size-large\" alt=\"\" srcset=\"https:\/\/blogs.correiobraziliense.com.br\/lianasabo\/wp-content\/uploads\/sites\/25\/2022\/01\/WhatsApp-Image-2022-01-06-at-09.12.34.jpeg 1024w, https:\/\/blogs.correiobraziliense.com.br\/lianasabo\/wp-content\/uploads\/sites\/25\/2022\/01\/WhatsApp-Image-2022-01-06-at-09.12.34-300x225.jpeg 300w, https:\/\/blogs.correiobraziliense.com.br\/lianasabo\/wp-content\/uploads\/sites\/25\/2022\/01\/WhatsApp-Image-2022-01-06-at-09.12.34-768x576.jpeg 768w, https:\/\/blogs.correiobraziliense.com.br\/lianasabo\/wp-content\/uploads\/sites\/25\/2022\/01\/WhatsApp-Image-2022-01-06-at-09.12.34-800x600.jpeg 800w, https:\/\/blogs.correiobraziliense.com.br\/lianasabo\/wp-content\/uploads\/sites\/25\/2022\/01\/WhatsApp-Image-2022-01-06-at-09.12.34-550x413.jpeg 550w, https:\/\/blogs.correiobraziliense.com.br\/lianasabo\/wp-content\/uploads\/sites\/25\/2022\/01\/WhatsApp-Image-2022-01-06-at-09.12.34-230x173.jpeg 230w\" sizes=\"auto, (max-width: 1024px) 100vw, 1024px\" \/><\/a>\n\t\t\t<\/div><\/figure><figure class='gallery-item'>\n\t\t\t<div class='gallery-icon landscape'>\n\t\t\t\t<a href='https:\/\/blogs.correiobraziliense.com.br\/lianasabo\/la-boulangerie-celebra-dia-de-reis-com-iguaria-em-versao-francesa\/whatsapp-image-2022-01-06-at-09-14-48\/'><img loading=\"lazy\" decoding=\"async\" width=\"1024\" height=\"682\" src=\"https:\/\/blogs.correiobraziliense.com.br\/lianasabo\/wp-content\/uploads\/sites\/25\/2022\/01\/WhatsApp-Image-2022-01-06-at-09.14.48-1024x682.jpeg\" class=\"attachment-large size-large\" alt=\"\" aria-describedby=\"gallery-1-5294\" srcset=\"https:\/\/blogs.correiobraziliense.com.br\/lianasabo\/wp-content\/uploads\/sites\/25\/2022\/01\/WhatsApp-Image-2022-01-06-at-09.14.48-1024x682.jpeg 1024w, https:\/\/blogs.correiobraziliense.com.br\/lianasabo\/wp-content\/uploads\/sites\/25\/2022\/01\/WhatsApp-Image-2022-01-06-at-09.14.48-300x200.jpeg 300w, https:\/\/blogs.correiobraziliense.com.br\/lianasabo\/wp-content\/uploads\/sites\/25\/2022\/01\/WhatsApp-Image-2022-01-06-at-09.14.48-768x512.jpeg 768w, https:\/\/blogs.correiobraziliense.com.br\/lianasabo\/wp-content\/uploads\/sites\/25\/2022\/01\/WhatsApp-Image-2022-01-06-at-09.14.48-800x533.jpeg 800w, https:\/\/blogs.correiobraziliense.com.br\/lianasabo\/wp-content\/uploads\/sites\/25\/2022\/01\/WhatsApp-Image-2022-01-06-at-09.14.48-550x367.jpeg 550w, https:\/\/blogs.correiobraziliense.com.br\/lianasabo\/wp-content\/uploads\/sites\/25\/2022\/01\/WhatsApp-Image-2022-01-06-at-09.14.48-230x153.jpeg 230w, https:\/\/blogs.correiobraziliense.com.br\/lianasabo\/wp-content\/uploads\/sites\/25\/2022\/01\/WhatsApp-Image-2022-01-06-at-09.14.48.jpeg 1280w\" sizes=\"auto, (max-width: 1024px) 100vw, 1024px\" \/><\/a>\n\t\t\t<\/div>\n\t\t\t\t<figcaption class='wp-caption-text gallery-caption' id='gallery-1-5294'>\n\t\t\t\tCr\u00e9dito: La Boulangerie\/Divulga\u00e7\u00e3o\n\t\t\t\t<\/figcaption><\/figure>\n\t\t<\/div>\n\n<p>Confeccionada com massa de am\u00eandoas, a gallete aux amandes sai por R$ 38, a pequena e R$ 76, a grande mais o kit favas que custa R$ 6. H\u00e1 um segundo sabor bem brasileiro, que \u00e9 o mix de goiabada com queijo recheando a massa folhada da galette batizada Romeu e Julieta. Sai por R$ 32, a pequena e R$ 70, a grande mais o kit de R$ 6. Voc\u00ea poder\u00e1 encontr\u00e1-las nas quatro lojas da grife: 306 Sul, 212 Norte, QI 21 do Lago Sul e Quadra 300 do Sudoeste.<\/p>\n","protected":false},"excerpt":{"rendered":"<p>\u00c9 hoje o dia em que se comemora a Epifania (em grego, significa apari\u00e7\u00e3o, revela\u00e7\u00e3o) data consagrada ao aparecimento dos Reis Magos como primeira manifesta\u00e7\u00e3o de Cristo aos gentios, tornando-se a data de 6 de janeiro o Dia dos Reis, embora Gaspar, Belchior e Baltazar fossem astr\u00f3logos vindos do Oriente. Guiando-se pela estrela alcan\u00e7aram a manjedoura em Bel\u00e9m, onde estava [&hellip;]<\/p>\n","protected":false},"author":54,"featured_media":5294,"comment_status":"open","ping_status":"open","sticky":false,"template":"","format":"standard","meta":{"footnotes":""},"categories":[140],"tags":[341,342],"class_list":["post-5293","post","type-post","status-publish","format-standard","has-post-thumbnail","hentry","category-confeitaria","tag-dia-de-reis","tag-favas"],"_links":{"self":[{"href":"https:\/\/blogs.correiobraziliense.com.br\/lianasabo\/wp-json\/wp\/v2\/posts\/5293","targetHints":{"allow":["GET"]}}],"collection":[{"href":"https:\/\/blogs.correiobraziliense.com.br\/lianasabo\/wp-json\/wp\/v2\/posts"}],"about":[{"href":"https:\/\/blogs.correiobraziliense.com.br\/lianasabo\/wp-json\/wp\/v2\/types\/post"}],"author":[{"embeddable":true,"href":"https:\/\/blogs.correiobraziliense.com.br\/lianasabo\/wp-json\/wp\/v2\/users\/54"}],"replies":[{"embeddable":true,"href":"https:\/\/blogs.correiobraziliense.com.br\/lianasabo\/wp-json\/wp\/v2\/comments?post=5293"}],"version-history":[{"count":5,"href":"https:\/\/blogs.correiobraziliense.com.br\/lianasabo\/wp-json\/wp\/v2\/posts\/5293\/revisions"}],"predecessor-version":[{"id":5303,"href":"https:\/\/blogs.correiobraziliense.com.br\/lianasabo\/wp-json\/wp\/v2\/posts\/5293\/revisions\/5303"}],"wp:featuredmedia":[{"embeddable":true,"href":"https:\/\/blogs.correiobraziliense.com.br\/lianasabo\/wp-json\/wp\/v2\/media\/5294"}],"wp:attachment":[{"href":"https:\/\/blogs.correiobraziliense.com.br\/lianasabo\/wp-json\/wp\/v2\/media?parent=5293"}],"wp:term":[{"taxonomy":"category","embeddable":true,"href":"https:\/\/blogs.correiobraziliense.com.br\/lianasabo\/wp-json\/wp\/v2\/categories?post=5293"},{"taxonomy":"post_tag","embeddable":true,"href":"https:\/\/blogs.correiobraziliense.com.br\/lianasabo\/wp-json\/wp\/v2\/tags?post=5293"}],"curies":[{"name":"wp","href":"https:\/\/api.w.org\/{rel}","templated":true}]}}