{"id":5264,"date":"2021-12-24T06:41:05","date_gmt":"2021-12-24T09:41:05","guid":{"rendered":"https:\/\/blogs.correiobraziliense.com.br\/lianasabo\/?p=5264"},"modified":"2021-12-23T17:47:39","modified_gmt":"2021-12-23T20:47:39","slug":"tintos-franceses-na-loja-mas-vino-na-asa-sul","status":"publish","type":"post","link":"https:\/\/blogs.correiobraziliense.com.br\/lianasabo\/tintos-franceses-na-loja-mas-vino-na-asa-sul\/","title":{"rendered":"Tintos franceses na loja M\u00e1s Vino, na Asa Sul"},"content":{"rendered":"<p>Durante o tempo em que foi s\u00f3cia da Vintage Vinhos, chegando a tocar uma loja no ParkShopping, a empres\u00e1ria Silvia Rejane Soares conheceu muitos produtores europeus, inclusive o bar\u00e3o Philippe Nicolay Rotschild, que tamb\u00e9m tem resid\u00eancia em S\u00e3o Paulo e esteve em Bras\u00edlia h\u00e1 menos de um m\u00eas atr\u00e1s.<\/p>\n<p><a href=\"https:\/\/blogs.correiobraziliense.com.br\/lianasabo\/wp-content\/uploads\/sites\/25\/2021\/12\/WhatsApp-Image-2021-12-23-at-17.20.55.jpeg\"><img loading=\"lazy\" decoding=\"async\" class=\"alignright size-medium wp-image-5266\" src=\"https:\/\/blogs.correiobraziliense.com.br\/lianasabo\/wp-content\/uploads\/sites\/25\/2021\/12\/WhatsApp-Image-2021-12-23-at-17.20.55-225x300.jpeg\" alt=\"\" width=\"225\" height=\"300\" srcset=\"https:\/\/blogs.correiobraziliense.com.br\/lianasabo\/wp-content\/uploads\/sites\/25\/2021\/12\/WhatsApp-Image-2021-12-23-at-17.20.55-225x300.jpeg 225w, https:\/\/blogs.correiobraziliense.com.br\/lianasabo\/wp-content\/uploads\/sites\/25\/2021\/12\/WhatsApp-Image-2021-12-23-at-17.20.55.jpeg 768w, https:\/\/blogs.correiobraziliense.com.br\/lianasabo\/wp-content\/uploads\/sites\/25\/2021\/12\/WhatsApp-Image-2021-12-23-at-17.20.55-550x733.jpeg 550w, https:\/\/blogs.correiobraziliense.com.br\/lianasabo\/wp-content\/uploads\/sites\/25\/2021\/12\/WhatsApp-Image-2021-12-23-at-17.20.55-230x307.jpeg 230w\" sizes=\"auto, (max-width: 225px) 100vw, 225px\" \/><\/a><\/p>\n<p>Na ocasi\u00e3o, eles acertaram encomendas que acabam de chegar \u00e0 loja M\u00e1s Vino (306 Sul), como o tinto R\u00e9serve Sp\u00e9ciale (R$ 211 e tamb\u00e9m tem branco), produzido em Bordeaux pelas equipes dos Ch\u00e2teaux Lafite Rotschild.<\/p>\n<p>\u201cNossa inten\u00e7\u00e3o \u00e9 colocar aqui, ao longo de 2022, quase toda a carta deles que re\u00fane vinhos produzidos em joint ventures com a Espanha, Chile e Argentina, com exce\u00e7\u00e3o dos r\u00f3tulos mais populares\u201d, informou a propriet\u00e1ria da M\u00e1s Vino, que tem como s\u00f3cio o filho Marcos Paulo Soares. A loja estar\u00e1 aberta hoje at\u00e9 \u00e0s 19h. Telefone: 99243-8778.<\/p>\n","protected":false},"excerpt":{"rendered":"<p>Durante o tempo em que foi s\u00f3cia da Vintage Vinhos, chegando a tocar uma loja no ParkShopping, a empres\u00e1ria Silvia Rejane Soares conheceu muitos produtores europeus, inclusive o bar\u00e3o Philippe Nicolay Rotschild, que tamb\u00e9m tem resid\u00eancia em S\u00e3o Paulo e esteve em Bras\u00edlia h\u00e1 menos de um m\u00eas atr\u00e1s. Na ocasi\u00e3o, eles acertaram encomendas que acabam de chegar \u00e0 loja [&hellip;]<\/p>\n","protected":false},"author":54,"featured_media":5265,"comment_status":"open","ping_status":"open","sticky":false,"template":"","format":"standard","meta":{"footnotes":""},"categories":[222],"tags":[331,92,332],"class_list":["post-5264","post","type-post","status-publish","format-standard","has-post-thumbnail","hentry","category-vinhos","tag-mas-vino","tag-vinho","tag-vinho-tinto"],"_links":{"self":[{"href":"https:\/\/blogs.correiobraziliense.com.br\/lianasabo\/wp-json\/wp\/v2\/posts\/5264","targetHints":{"allow":["GET"]}}],"collection":[{"href":"https:\/\/blogs.correiobraziliense.com.br\/lianasabo\/wp-json\/wp\/v2\/posts"}],"about":[{"href":"https:\/\/blogs.correiobraziliense.com.br\/lianasabo\/wp-json\/wp\/v2\/types\/post"}],"author":[{"embeddable":true,"href":"https:\/\/blogs.correiobraziliense.com.br\/lianasabo\/wp-json\/wp\/v2\/users\/54"}],"replies":[{"embeddable":true,"href":"https:\/\/blogs.correiobraziliense.com.br\/lianasabo\/wp-json\/wp\/v2\/comments?post=5264"}],"version-history":[{"count":1,"href":"https:\/\/blogs.correiobraziliense.com.br\/lianasabo\/wp-json\/wp\/v2\/posts\/5264\/revisions"}],"predecessor-version":[{"id":5267,"href":"https:\/\/blogs.correiobraziliense.com.br\/lianasabo\/wp-json\/wp\/v2\/posts\/5264\/revisions\/5267"}],"wp:featuredmedia":[{"embeddable":true,"href":"https:\/\/blogs.correiobraziliense.com.br\/lianasabo\/wp-json\/wp\/v2\/media\/5265"}],"wp:attachment":[{"href":"https:\/\/blogs.correiobraziliense.com.br\/lianasabo\/wp-json\/wp\/v2\/media?parent=5264"}],"wp:term":[{"taxonomy":"category","embeddable":true,"href":"https:\/\/blogs.correiobraziliense.com.br\/lianasabo\/wp-json\/wp\/v2\/categories?post=5264"},{"taxonomy":"post_tag","embeddable":true,"href":"https:\/\/blogs.correiobraziliense.com.br\/lianasabo\/wp-json\/wp\/v2\/tags?post=5264"}],"curies":[{"name":"wp","href":"https:\/\/api.w.org\/{rel}","templated":true}]}}