{"id":5242,"date":"2021-12-18T08:18:07","date_gmt":"2021-12-18T11:18:07","guid":{"rendered":"https:\/\/blogs.correiobraziliense.com.br\/lianasabo\/?p=5242"},"modified":"2021-12-18T08:49:13","modified_gmt":"2021-12-18T11:49:13","slug":"sugestoes-para-comemorar-o-natal","status":"publish","type":"post","link":"https:\/\/blogs.correiobraziliense.com.br\/lianasabo\/sugestoes-para-comemorar-o-natal\/","title":{"rendered":"Sugest\u00f5es para comemorar o Natal"},"content":{"rendered":"<p>Natal est\u00e1 chegando e para comemorar a data t\u00e3o especial o circuito gastron\u00f4mico da cidade oferece uma s\u00e9rie de op\u00e7\u00f5es, que v\u00e3o desde os assados t\u00edpicos at\u00e9 sobremesas deliciosas para a ceia, que re\u00fane a fam\u00edlia em torno da esperan\u00e7a representada pelo nascimento do menino Jesus. Que Cristo possa nascer tamb\u00e9m em nossos cora\u00e7\u00f5es.<\/p>\n<p><strong>Duas ceias especiais<\/strong><\/p>\n<p>Al\u00e9m de chester e leit\u00e3o \u00e0 pururuca, cl\u00e1ssicos do Natal e R\u00e9veillon, o card\u00e1pio do Fogo de Ch\u00e3o est\u00e1 pronto para agradar os clientes neste final de ano com carnes selecionadas, variedades de saladas e pratos t\u00edpicos da casa, que reabriu depois da pandemia com uma s\u00e9rie de quesitos de seguran\u00e7a e bem-estar.<\/p>\n<p>Para quem for cear no dia 24, ser\u00e1 servido o couvert de p\u00e3o de queijo, cora\u00e7\u00e3o de frango e lingui\u00e7a fatiada. Na sequ\u00eancia, sele\u00e7\u00e3o de carnes especiais. Se a op\u00e7\u00e3o for a ceia de R\u00e9veillon, o cliente ter\u00e1 al\u00e9m da entrada e dos cortes de carnes do menu natalino, o saboroso leit\u00e3o \u00e0 pururuca. Em ambas as datas, est\u00e3o inclu\u00eddos os pratos t\u00edpicos al\u00e9m do arroz \u00e0 grega e lentilha e guarni\u00e7\u00f5es de polenta frita, batata country, farofa agridoce, banana frita, cebola \u00e0 milanesa e arroz. No buf\u00ea, h\u00e1 uma farta e variada mesa de saladas e queijos, verduras e legumes, molhos, p\u00e3es, frios e frutas.<\/p>\n<p>As ceias ser\u00e3o servidas a partir das 20h a R$ 220 por pessoa, com taxa de rolha de R$ 80. Crian\u00e7as at\u00e9 6 anos n\u00e3o pagam e de 7 a 12 anos ser\u00e1 cobrado R$ 69. Reservas: 3322-4666<\/p>\n<p><strong>Assados da Viande<\/strong><\/p>\n<p>A Viande \u00e9 uma boutique de carnes que este ano abriu restaurante na Quadra 303 do Sudoeste. Desde ent\u00e3o, al\u00e9m de comercializar os melhores cortes bovinos, su\u00ednos e aves, prepara o prato especial para que voc\u00ea retire na loja para sua ceia de Natal.<\/p>\n<p>O chester e o peru v\u00eam com farofa de farinha de milho com crocante de bacon (R$ 229, o primeiro e R$ 249, o segundo); j\u00e1 o pernil su\u00edno com a mesma guarni\u00e7\u00e3o sai por R$ 299, a pe\u00e7a e R$ 199, meia, enquanto a leitoa baby inteira custa R$ 699. De acompanhamentos h\u00e1 farofa, salpic\u00e3o de frango defumado e arroz com lentilha e cebola caramelizada (R$ 75, o quilo). Com calda de laranja e cravo acompanhado de frutas em calda, como abacaxi, p\u00eassego e figo, tem ainda o tender por R$ 159, a unidade. Encomendas pelos telefones 98369-2060 (103 Sul) e 99244-0439 (Sudoeste).<\/p>\n<p><strong>Take away no Aquavit<\/strong><\/p>\n<p>O chef dinamarqu\u00eas Simon Lau Cederholm pensou na dona de casa, que precisa decorar o ambiente, providenciar os presentes, escolher as bebidas e ainda servir o jantar de Natal? Muitas tarefas para pouca m\u00e3o de obra, por isso, elaborou um menu cl\u00e1ssico, por R$ 195, por pessoa, que pode ser retirado no dia 24, entre 14h e 17h, no Lago Norte.<\/p>\n<p>Dele faz parte foie gras com geleia de laranja da terra, de aperitivo; salm\u00e3o defumado a frio, creme de queijo de cabra, manjerona e croutons de p\u00e3o preto; confit de coxa e sobrecoxa de pato, cajuzinho do cerrado, musseline de batatas e redu\u00e7\u00e3o de pato no principal, acompanhado de salada de repolho roxo, ma\u00e7\u00e3 e rom\u00e3. Na sobremesa, vem arroz doce com a baunilha pompona do quintal servido com conserva de morangos org\u00e2nicos de Brasl\u00e2ndia e mini rabanadas. Telefone: 99167-0000.<\/p>\n<p><strong>Combos cantoneses<\/strong><\/p>\n<p>O chef Marco Espinoza criou para o seu Cant\u00f3n Peruvian &amp; Chinese Food dois menus<br \/>\nespeciais, como combos para compartilhar em grupos a partir de quatro pessoas. No primeiro, costelinha, chaufa de camar\u00e3o, lo mein de porco e vegetais e orange chicken com arroz por R$ 345. No segundo combo, rolinho primavera, sashimi de atum com molho de tamarindo e manga, gyoza de pato com molho picante, aeropuerto de fil\u00e9-mignon, ti pa kay de frango e p\u00eassego e pato pequim por R$ 399. As sugest\u00f5es s\u00e3o v\u00e1lidas para o almo\u00e7o e jantar. Cant\u00f3n fica no Bras\u00edlia Shopping, telefone: 3256-8798.<\/p>\n<p><strong>Do bacalhau ao doce<\/strong><\/p>\n<p>A chef e restauratrice Keli Cristina Mayer elaborou card\u00e1pio de assados que est\u00e1 valendo para o Natal e R\u00e9veillon, a partir de R$ 99,99 o quilo de carne (s\u00f3 pra n\u00e3o dizer 100), que inclui chester, peru, tender, lagarto recheado, fil\u00e9 de peito de frango com ervas, pernil sem osso e lombo recheado. J\u00e1 a bacalhoada, o cordeiro ao vinho e alecrim, o fil\u00e9 de salm\u00e3o ao maracuj\u00e1 e o fil\u00e9-mignon ao molho madeira e champignon custam R$ 139, o quilo.<\/p>\n<p>Vinte acompanhamentos fazem parte do menu, entre eles, salpic\u00e3o de frango, farofa com ovos e com banana-da-terra; maionese; caponata de berinjela; arroz \u00e0 grega; empad\u00f5es de palmito, bacalhau, camar\u00e3o e frango com catupiry, al\u00e9m da rabanada. No cap\u00edtulo doce, h\u00e1 tortas de banofe, lim\u00e3o, capuccino, chocolate e pa\u00e7oca \u2013 todas de R$ 92,99 o quilo.<\/p>\n<p>Os pedidos podem ser feitos nas duas lojas Mayer: 3222-2069 (Quadra 104 Sudoeste) e 99339-4175 (116 Sul).<\/p>\n<p><strong>Para aquecer a noite<\/strong><\/p>\n<figure id=\"attachment_5247\" aria-describedby=\"caption-attachment-5247\" style=\"width: 5472px\" class=\"wp-caption aligncenter\"><a href=\"https:\/\/blogs.correiobraziliense.com.br\/lianasabo\/wp-content\/uploads\/sites\/25\/2021\/12\/Dengo_Troncos-Natal.jpg\"><img loading=\"lazy\" decoding=\"async\" class=\"size-full wp-image-5247\" src=\"https:\/\/blogs.correiobraziliense.com.br\/lianasabo\/wp-content\/uploads\/sites\/25\/2021\/12\/Dengo_Troncos-Natal.jpg\" alt=\"\" width=\"5472\" height=\"3648\" srcset=\"https:\/\/blogs.correiobraziliense.com.br\/lianasabo\/wp-content\/uploads\/sites\/25\/2021\/12\/Dengo_Troncos-Natal.jpg 1440w, https:\/\/blogs.correiobraziliense.com.br\/lianasabo\/wp-content\/uploads\/sites\/25\/2021\/12\/Dengo_Troncos-Natal-300x200.jpg 300w, https:\/\/blogs.correiobraziliense.com.br\/lianasabo\/wp-content\/uploads\/sites\/25\/2021\/12\/Dengo_Troncos-Natal-768x512.jpg 768w, https:\/\/blogs.correiobraziliense.com.br\/lianasabo\/wp-content\/uploads\/sites\/25\/2021\/12\/Dengo_Troncos-Natal-1024x683.jpg 1024w, https:\/\/blogs.correiobraziliense.com.br\/lianasabo\/wp-content\/uploads\/sites\/25\/2021\/12\/Dengo_Troncos-Natal-800x533.jpg 800w, https:\/\/blogs.correiobraziliense.com.br\/lianasabo\/wp-content\/uploads\/sites\/25\/2021\/12\/Dengo_Troncos-Natal-550x367.jpg 550w, https:\/\/blogs.correiobraziliense.com.br\/lianasabo\/wp-content\/uploads\/sites\/25\/2021\/12\/Dengo_Troncos-Natal-230x153.jpg 230w\" sizes=\"auto, (max-width: 5472px) 100vw, 5472px\" \/><\/a><figcaption id=\"caption-attachment-5247\" class=\"wp-caption-text\">Cr\u00e9dito: Estudio Gastron\u00f4mico\/Divulga\u00e7\u00e3o<\/figcaption><\/figure>\n<p>Dengo, a marca que veio refor\u00e7ar os ingredientes nacionais em seus produtos natalinos buscou inspira\u00e7\u00e3o justamente no s\u00edmbolo mais antigo do Natal, que \u00e9 o tronco de \u00e1rvore. Lembra a longa e fria noite do dia 24 de dezembro na Europa quando as fam\u00edlias iam \u00e0 missa do galo e deixavam em casa queimando um forte tronco de \u00e1rvore para aquecer os aposentos quando voltassem.<\/p>\n<p>Na vers\u00e3o laranja (R$ 134 &#8211; 400g) a linha Troncos harmoniza o chocolate 50% cacau com o recheio de ganache de laranja, gianduia com massa folhada crocante e um leve toque de cacha\u00e7a. Outra op\u00e7\u00e3o \u00e9 de chocolate 65% cacau com ganache de baunilha, doce de leite e gianduia com castanhas caramelizadas (R$ 134 \u2013 400g). Dispon\u00edvel na loja do Shopping Iguatemi.<\/p>\n<p><strong>S\u00f3 para crian\u00e7as<\/strong><\/p>\n<figure id=\"attachment_5243\" aria-describedby=\"caption-attachment-5243\" style=\"width: 503px\" class=\"wp-caption aligncenter\"><a href=\"https:\/\/blogs.correiobraziliense.com.br\/lianasabo\/wp-content\/uploads\/sites\/25\/2021\/12\/bento.jpg\"><img loading=\"lazy\" decoding=\"async\" class=\"size-full wp-image-5243\" src=\"https:\/\/blogs.correiobraziliense.com.br\/lianasabo\/wp-content\/uploads\/sites\/25\/2021\/12\/bento.jpg\" alt=\"\" width=\"503\" height=\"440\" srcset=\"https:\/\/blogs.correiobraziliense.com.br\/lianasabo\/wp-content\/uploads\/sites\/25\/2021\/12\/bento.jpg 503w, https:\/\/blogs.correiobraziliense.com.br\/lianasabo\/wp-content\/uploads\/sites\/25\/2021\/12\/bento-300x262.jpg 300w, https:\/\/blogs.correiobraziliense.com.br\/lianasabo\/wp-content\/uploads\/sites\/25\/2021\/12\/bento-230x201.jpg 230w\" sizes=\"auto, (max-width: 503px) 100vw, 503px\" \/><\/a><figcaption id=\"caption-attachment-5243\" class=\"wp-caption-text\">Casinha Bent\u00f4. Cr\u00e9dito: Bent\u00f4 Kids\/divulga\u00e7\u00e3o<\/figcaption><\/figure>\n<p>Linda op\u00e7\u00e3o para decorar, presentear e ainda pode comer s\u00e3o os enfeites comest\u00edveis que a Bent\u00f4 Kids preparou em forma de casinha, pinheiro e guirlanda. Tem ainda os donuts natalinos decorados com chocolate ao leite e branco e confeitos assados, fofinhos que derretem na boca por R$ 38. Vendidos exclusivamente frescos, eles saem por encomenda com anteced\u00eancia de tr\u00eas dias. Fica na 112 Norte, Bloco D, Loja 25, Subsolo. Telefone: 99831-7540. Encomendas: <a href=\"https:\/\/www.goomer.app\/bento-kids-alimentacao-divertida\/menu\">https:\/\/www.goomer.app\/bento-kids-alimentacao-divertida\/menu<\/a>.<\/p>\n<p><strong>Del\u00edcias nevadas<\/strong><\/p>\n<figure id=\"attachment_5244\" aria-describedby=\"caption-attachment-5244\" style=\"width: 1200px\" class=\"wp-caption aligncenter\"><a href=\"https:\/\/blogs.correiobraziliense.com.br\/lianasabo\/wp-content\/uploads\/sites\/25\/2021\/12\/AugustoDausterSorbe_Web-203.jpg\"><img loading=\"lazy\" decoding=\"async\" class=\"size-full wp-image-5244\" src=\"https:\/\/blogs.correiobraziliense.com.br\/lianasabo\/wp-content\/uploads\/sites\/25\/2021\/12\/AugustoDausterSorbe_Web-203.jpg\" alt=\"\" width=\"1200\" height=\"900\" srcset=\"https:\/\/blogs.correiobraziliense.com.br\/lianasabo\/wp-content\/uploads\/sites\/25\/2021\/12\/AugustoDausterSorbe_Web-203.jpg 1200w, https:\/\/blogs.correiobraziliense.com.br\/lianasabo\/wp-content\/uploads\/sites\/25\/2021\/12\/AugustoDausterSorbe_Web-203-300x225.jpg 300w, https:\/\/blogs.correiobraziliense.com.br\/lianasabo\/wp-content\/uploads\/sites\/25\/2021\/12\/AugustoDausterSorbe_Web-203-768x576.jpg 768w, https:\/\/blogs.correiobraziliense.com.br\/lianasabo\/wp-content\/uploads\/sites\/25\/2021\/12\/AugustoDausterSorbe_Web-203-1024x768.jpg 1024w, https:\/\/blogs.correiobraziliense.com.br\/lianasabo\/wp-content\/uploads\/sites\/25\/2021\/12\/AugustoDausterSorbe_Web-203-800x600.jpg 800w, https:\/\/blogs.correiobraziliense.com.br\/lianasabo\/wp-content\/uploads\/sites\/25\/2021\/12\/AugustoDausterSorbe_Web-203-550x413.jpg 550w, https:\/\/blogs.correiobraziliense.com.br\/lianasabo\/wp-content\/uploads\/sites\/25\/2021\/12\/AugustoDausterSorbe_Web-203-230x173.jpg 230w\" sizes=\"auto, (max-width: 1200px) 100vw, 1200px\" \/><\/a><figcaption id=\"caption-attachment-5244\" class=\"wp-caption-text\">Cr\u00e9dito: Augusto Dauster\/divulga\u00e7\u00e3o<\/figcaption><\/figure>\n<p>Chocotone, nozes com baba de mo\u00e7a, rabanada, amora, blue ice, cajuzinho do cerrado, manga com gengibre, morango com cumaru s\u00e3o alguns sabores diferenciados que a chef sorveteira Anita Medeiros criou para a Sorb\u00ea como sobremesas especiais de Natal. Tem os copos com sabores individuais ou 5 bolas por R$ 54 e 10 por R$ 130. Pode fazer o seu pedido no delivery pelo iFood ou indo at\u00e9 a loja na 405 Norte, Bloco B, Telefone: 3447-4158.<\/p>\n","protected":false},"excerpt":{"rendered":"<p>Natal est\u00e1 chegando e para comemorar a data t\u00e3o especial o circuito gastron\u00f4mico da cidade oferece uma s\u00e9rie de op\u00e7\u00f5es, que v\u00e3o desde os assados t\u00edpicos at\u00e9 sobremesas deliciosas para a ceia, que re\u00fane a fam\u00edlia em torno da esperan\u00e7a representada pelo nascimento do menino Jesus. Que Cristo possa nascer tamb\u00e9m em nossos cora\u00e7\u00f5es. Duas ceias especiais Al\u00e9m de chester [&hellip;]<\/p>\n","protected":false},"author":54,"featured_media":5243,"comment_status":"open","ping_status":"open","sticky":false,"template":"","format":"standard","meta":{"footnotes":""},"categories":[230],"tags":[],"class_list":["post-5242","post","type-post","status-publish","format-standard","has-post-thumbnail","hentry","category-bufes"],"_links":{"self":[{"href":"https:\/\/blogs.correiobraziliense.com.br\/lianasabo\/wp-json\/wp\/v2\/posts\/5242","targetHints":{"allow":["GET"]}}],"collection":[{"href":"https:\/\/blogs.correiobraziliense.com.br\/lianasabo\/wp-json\/wp\/v2\/posts"}],"about":[{"href":"https:\/\/blogs.correiobraziliense.com.br\/lianasabo\/wp-json\/wp\/v2\/types\/post"}],"author":[{"embeddable":true,"href":"https:\/\/blogs.correiobraziliense.com.br\/lianasabo\/wp-json\/wp\/v2\/users\/54"}],"replies":[{"embeddable":true,"href":"https:\/\/blogs.correiobraziliense.com.br\/lianasabo\/wp-json\/wp\/v2\/comments?post=5242"}],"version-history":[{"count":3,"href":"https:\/\/blogs.correiobraziliense.com.br\/lianasabo\/wp-json\/wp\/v2\/posts\/5242\/revisions"}],"predecessor-version":[{"id":5249,"href":"https:\/\/blogs.correiobraziliense.com.br\/lianasabo\/wp-json\/wp\/v2\/posts\/5242\/revisions\/5249"}],"wp:featuredmedia":[{"embeddable":true,"href":"https:\/\/blogs.correiobraziliense.com.br\/lianasabo\/wp-json\/wp\/v2\/media\/5243"}],"wp:attachment":[{"href":"https:\/\/blogs.correiobraziliense.com.br\/lianasabo\/wp-json\/wp\/v2\/media?parent=5242"}],"wp:term":[{"taxonomy":"category","embeddable":true,"href":"https:\/\/blogs.correiobraziliense.com.br\/lianasabo\/wp-json\/wp\/v2\/categories?post=5242"},{"taxonomy":"post_tag","embeddable":true,"href":"https:\/\/blogs.correiobraziliense.com.br\/lianasabo\/wp-json\/wp\/v2\/tags?post=5242"}],"curies":[{"name":"wp","href":"https:\/\/api.w.org\/{rel}","templated":true}]}}