{"id":5158,"date":"2021-11-26T00:43:40","date_gmt":"2021-11-26T03:43:40","guid":{"rendered":"https:\/\/blogs.correiobraziliense.com.br\/lianasabo\/?p=5158"},"modified":"2021-11-26T00:43:40","modified_gmt":"2021-11-26T03:43:40","slug":"nova-tarde-de-autografos-do-livro-historias-dos-sabores-que-vivi","status":"publish","type":"post","link":"https:\/\/blogs.correiobraziliense.com.br\/lianasabo\/nova-tarde-de-autografos-do-livro-historias-dos-sabores-que-vivi\/","title":{"rendered":"Nova tarde de autogr\u00e1fos do livro &#8220;Hist\u00f3rias dos sabores que vivi&#8221;"},"content":{"rendered":"<p>Amanh\u00e3 (27\/11), das 16h30 \u00e0s 18h, no Caf\u00e9 Gentil, na 410 Sul, bloco B, mais uma tarde de aut\u00f3grafos do livro <em>Hist\u00f3rias dos sabores que vivi<\/em>, com bate-papo sobre o sabor que Bras\u00edlia tem. Rosualdo Rodrigues, Cristine Gentil e eu convidamos voc\u00ea. Participe!<\/p>\n<p><a href=\"https:\/\/blogs.correiobraziliense.com.br\/lianasabo\/wp-content\/uploads\/sites\/25\/2021\/11\/258863147_6785302338176783_9097533922697579227_n.jpg\"><img loading=\"lazy\" decoding=\"async\" class=\"aligncenter size-large wp-image-5159\" src=\"https:\/\/blogs.correiobraziliense.com.br\/lianasabo\/wp-content\/uploads\/sites\/25\/2021\/11\/258863147_6785302338176783_9097533922697579227_n-1024x1024.jpg\" alt=\"\" width=\"1024\" height=\"1024\" srcset=\"https:\/\/blogs.correiobraziliense.com.br\/lianasabo\/wp-content\/uploads\/sites\/25\/2021\/11\/258863147_6785302338176783_9097533922697579227_n.jpg 1024w, https:\/\/blogs.correiobraziliense.com.br\/lianasabo\/wp-content\/uploads\/sites\/25\/2021\/11\/258863147_6785302338176783_9097533922697579227_n-150x150.jpg 150w, https:\/\/blogs.correiobraziliense.com.br\/lianasabo\/wp-content\/uploads\/sites\/25\/2021\/11\/258863147_6785302338176783_9097533922697579227_n-300x300.jpg 300w, https:\/\/blogs.correiobraziliense.com.br\/lianasabo\/wp-content\/uploads\/sites\/25\/2021\/11\/258863147_6785302338176783_9097533922697579227_n-768x768.jpg 768w, https:\/\/blogs.correiobraziliense.com.br\/lianasabo\/wp-content\/uploads\/sites\/25\/2021\/11\/258863147_6785302338176783_9097533922697579227_n-800x800.jpg 800w, https:\/\/blogs.correiobraziliense.com.br\/lianasabo\/wp-content\/uploads\/sites\/25\/2021\/11\/258863147_6785302338176783_9097533922697579227_n-550x550.jpg 550w, https:\/\/blogs.correiobraziliense.com.br\/lianasabo\/wp-content\/uploads\/sites\/25\/2021\/11\/258863147_6785302338176783_9097533922697579227_n-230x230.jpg 230w\" sizes=\"auto, (max-width: 1024px) 100vw, 1024px\" \/><\/a><\/p>\n","protected":false},"excerpt":{"rendered":"<p>Amanh\u00e3 (27\/11), das 16h30 \u00e0s 18h, no Caf\u00e9 Gentil, na 410 Sul, bloco B, mais uma tarde de aut\u00f3grafos do livro Hist\u00f3rias dos sabores que vivi, com bate-papo sobre o sabor que Bras\u00edlia tem. Rosualdo Rodrigues, Cristine Gentil e eu convidamos voc\u00ea. Participe!<\/p>\n","protected":false},"author":54,"featured_media":0,"comment_status":"open","ping_status":"open","sticky":false,"template":"","format":"standard","meta":{"footnotes":""},"categories":[1],"tags":[308,309],"class_list":["post-5158","post","type-post","status-publish","format-standard","hentry","category-sem-categoria","tag-historias-dos-sabores-que-vivi","tag-liana-sabo"],"_links":{"self":[{"href":"https:\/\/blogs.correiobraziliense.com.br\/lianasabo\/wp-json\/wp\/v2\/posts\/5158","targetHints":{"allow":["GET"]}}],"collection":[{"href":"https:\/\/blogs.correiobraziliense.com.br\/lianasabo\/wp-json\/wp\/v2\/posts"}],"about":[{"href":"https:\/\/blogs.correiobraziliense.com.br\/lianasabo\/wp-json\/wp\/v2\/types\/post"}],"author":[{"embeddable":true,"href":"https:\/\/blogs.correiobraziliense.com.br\/lianasabo\/wp-json\/wp\/v2\/users\/54"}],"replies":[{"embeddable":true,"href":"https:\/\/blogs.correiobraziliense.com.br\/lianasabo\/wp-json\/wp\/v2\/comments?post=5158"}],"version-history":[{"count":1,"href":"https:\/\/blogs.correiobraziliense.com.br\/lianasabo\/wp-json\/wp\/v2\/posts\/5158\/revisions"}],"predecessor-version":[{"id":5160,"href":"https:\/\/blogs.correiobraziliense.com.br\/lianasabo\/wp-json\/wp\/v2\/posts\/5158\/revisions\/5160"}],"wp:attachment":[{"href":"https:\/\/blogs.correiobraziliense.com.br\/lianasabo\/wp-json\/wp\/v2\/media?parent=5158"}],"wp:term":[{"taxonomy":"category","embeddable":true,"href":"https:\/\/blogs.correiobraziliense.com.br\/lianasabo\/wp-json\/wp\/v2\/categories?post=5158"},{"taxonomy":"post_tag","embeddable":true,"href":"https:\/\/blogs.correiobraziliense.com.br\/lianasabo\/wp-json\/wp\/v2\/tags?post=5158"}],"curies":[{"name":"wp","href":"https:\/\/api.w.org\/{rel}","templated":true}]}}