{"id":5154,"date":"2021-11-26T07:20:01","date_gmt":"2021-11-26T10:20:01","guid":{"rendered":"https:\/\/blogs.correiobraziliense.com.br\/lianasabo\/?p=5154"},"modified":"2021-11-26T07:21:16","modified_gmt":"2021-11-26T10:21:16","slug":"borbulhas-petrus-elesbao-lanca-espumante","status":"publish","type":"post","link":"https:\/\/blogs.correiobraziliense.com.br\/lianasabo\/borbulhas-petrus-elesbao-lanca-espumante\/","title":{"rendered":"Borbulhas: Petrus Elesb\u00e3o lan\u00e7a espumante"},"content":{"rendered":"<p>Somente 16 anos depois de dar corpo a Vinum Brasilis, maior feira especializada em vinhos brasileiros do pa\u00eds, o seu idealizador Petrus Elesb\u00e3o decide lan\u00e7ar um vinho para chamar de seu. Trata-se de um espumante, que sequer tem nome, mas a qualidade j\u00e1 passou no teste de sete experientes provadores, que atribu\u00edmos o primeiro lugar numa degusta\u00e7\u00e3o \u00e0s cegas na qual concorreram cinco r\u00f3tulos. O do Petrus foi elaborado pelo en\u00f3logo Renato Savaris, propriet\u00e1rio da vin\u00edcola Maximo Boschi, do Vale dos Vinhedos (RS).<\/p>\n","protected":false},"excerpt":{"rendered":"<p>Somente 16 anos depois de dar corpo a Vinum Brasilis, maior feira especializada em vinhos brasileiros do pa\u00eds, o seu idealizador Petrus Elesb\u00e3o decide lan\u00e7ar um vinho para chamar de seu. Trata-se de um espumante, que sequer tem nome, mas a qualidade j\u00e1 passou no teste de sete experientes provadores, que atribu\u00edmos o primeiro lugar numa degusta\u00e7\u00e3o \u00e0s cegas na [&hellip;]<\/p>\n","protected":false},"author":54,"featured_media":5170,"comment_status":"open","ping_status":"open","sticky":false,"template":"","format":"standard","meta":{"footnotes":""},"categories":[222],"tags":[],"class_list":["post-5154","post","type-post","status-publish","format-standard","has-post-thumbnail","hentry","category-vinhos"],"_links":{"self":[{"href":"https:\/\/blogs.correiobraziliense.com.br\/lianasabo\/wp-json\/wp\/v2\/posts\/5154","targetHints":{"allow":["GET"]}}],"collection":[{"href":"https:\/\/blogs.correiobraziliense.com.br\/lianasabo\/wp-json\/wp\/v2\/posts"}],"about":[{"href":"https:\/\/blogs.correiobraziliense.com.br\/lianasabo\/wp-json\/wp\/v2\/types\/post"}],"author":[{"embeddable":true,"href":"https:\/\/blogs.correiobraziliense.com.br\/lianasabo\/wp-json\/wp\/v2\/users\/54"}],"replies":[{"embeddable":true,"href":"https:\/\/blogs.correiobraziliense.com.br\/lianasabo\/wp-json\/wp\/v2\/comments?post=5154"}],"version-history":[{"count":2,"href":"https:\/\/blogs.correiobraziliense.com.br\/lianasabo\/wp-json\/wp\/v2\/posts\/5154\/revisions"}],"predecessor-version":[{"id":5171,"href":"https:\/\/blogs.correiobraziliense.com.br\/lianasabo\/wp-json\/wp\/v2\/posts\/5154\/revisions\/5171"}],"wp:featuredmedia":[{"embeddable":true,"href":"https:\/\/blogs.correiobraziliense.com.br\/lianasabo\/wp-json\/wp\/v2\/media\/5170"}],"wp:attachment":[{"href":"https:\/\/blogs.correiobraziliense.com.br\/lianasabo\/wp-json\/wp\/v2\/media?parent=5154"}],"wp:term":[{"taxonomy":"category","embeddable":true,"href":"https:\/\/blogs.correiobraziliense.com.br\/lianasabo\/wp-json\/wp\/v2\/categories?post=5154"},{"taxonomy":"post_tag","embeddable":true,"href":"https:\/\/blogs.correiobraziliense.com.br\/lianasabo\/wp-json\/wp\/v2\/tags?post=5154"}],"curies":[{"name":"wp","href":"https:\/\/api.w.org\/{rel}","templated":true}]}}