{"id":5152,"date":"2021-11-26T07:15:34","date_gmt":"2021-11-26T10:15:34","guid":{"rendered":"https:\/\/blogs.correiobraziliense.com.br\/lianasabo\/?p=5152"},"modified":"2021-11-26T07:17:02","modified_gmt":"2021-11-26T10:17:02","slug":"teta-cheese-bar-duplica-loja-na-103-sul","status":"publish","type":"post","link":"https:\/\/blogs.correiobraziliense.com.br\/lianasabo\/teta-cheese-bar-duplica-loja-na-103-sul\/","title":{"rendered":"Teta Cheese Bar duplica loja na 103 Sul"},"content":{"rendered":"<p>Tr\u00eas anos e oito meses depois de abrir o primeiro bar de queijos de Bras\u00edlia, na 103 Sul, Marina Cavechia e o s\u00f3cio Andr\u00e9 Vasquez dobram o tamanho do Teta Cheese e incorporam a loja ao lado para ampliar o atendimento e oferecer mais sugest\u00f5es do produto \u00e0 base de leite animal, t\u00e3o antigo quanto o mundo, mas cada vez mais gourmetizado.<\/p>\n<p><a href=\"https:\/\/blogs.correiobraziliense.com.br\/lianasabo\/wp-content\/uploads\/sites\/25\/2021\/11\/IMG-20211126-WA0002.jpg\"><img loading=\"lazy\" decoding=\"async\" class=\"aligncenter wp-image-5166 size-large\" src=\"https:\/\/blogs.correiobraziliense.com.br\/lianasabo\/wp-content\/uploads\/sites\/25\/2021\/11\/IMG-20211126-WA0002-1024x768.jpg\" alt=\"\" width=\"1024\" height=\"768\" srcset=\"https:\/\/blogs.correiobraziliense.com.br\/lianasabo\/wp-content\/uploads\/sites\/25\/2021\/11\/IMG-20211126-WA0002-1024x768.jpg 1024w, https:\/\/blogs.correiobraziliense.com.br\/lianasabo\/wp-content\/uploads\/sites\/25\/2021\/11\/IMG-20211126-WA0002-300x225.jpg 300w, https:\/\/blogs.correiobraziliense.com.br\/lianasabo\/wp-content\/uploads\/sites\/25\/2021\/11\/IMG-20211126-WA0002-768x576.jpg 768w, https:\/\/blogs.correiobraziliense.com.br\/lianasabo\/wp-content\/uploads\/sites\/25\/2021\/11\/IMG-20211126-WA0002-1440x1080.jpg 1440w, https:\/\/blogs.correiobraziliense.com.br\/lianasabo\/wp-content\/uploads\/sites\/25\/2021\/11\/IMG-20211126-WA0002-800x600.jpg 800w, https:\/\/blogs.correiobraziliense.com.br\/lianasabo\/wp-content\/uploads\/sites\/25\/2021\/11\/IMG-20211126-WA0002-550x413.jpg 550w, https:\/\/blogs.correiobraziliense.com.br\/lianasabo\/wp-content\/uploads\/sites\/25\/2021\/11\/IMG-20211126-WA0002-230x173.jpg 230w, https:\/\/blogs.correiobraziliense.com.br\/lianasabo\/wp-content\/uploads\/sites\/25\/2021\/11\/IMG-20211126-WA0002.jpg 1600w\" sizes=\"auto, (max-width: 1024px) 100vw, 1024px\" \/><\/a><\/p>\n<p>Destaque para os queijos de leite cru, como Briozo, da Serra do B\u00e1lsamo, de Goi\u00e1s e os paulistas Bem Brasil e Mandala, de Pardinho, medalha de ouro no Mondial du Fromage, da Fran\u00e7a, onde o Brasil amealhou 20% dos pr\u00eamios entre 46 pa\u00edses, al\u00e9m do Ju\u00e1, feito no Serro (MG). Outro destaque s\u00e3o as t\u00e1buas de queijos &#8212; todos de fabrica\u00e7\u00e3o nacional com leite de vaca, cabra, b\u00fafala e ovelha &#8212; que podem ser para duas (R$ 150) ou quatro pessoas (R$ 205).<\/p>\n<p>Fins de semana h\u00e1 card\u00e1pio para almo\u00e7o e jantar, inclusive brunch, executado pelo chef Bobson Melo. \u201cTemos 44 tipos de queijo que v\u00eam de pequenos produtores\u201d, orgulha-se Marina, especialista no assunto. Encomendas pelo whatsapp: 9452-6594.<\/p>\n","protected":false},"excerpt":{"rendered":"<p>Tr\u00eas anos e oito meses depois de abrir o primeiro bar de queijos de Bras\u00edlia, na 103 Sul, Marina Cavechia e o s\u00f3cio Andr\u00e9 Vasquez dobram o tamanho do Teta Cheese e incorporam a loja ao lado para ampliar o atendimento e oferecer mais sugest\u00f5es do produto \u00e0 base de leite animal, t\u00e3o antigo quanto o mundo, mas cada vez [&hellip;]<\/p>\n","protected":false},"author":54,"featured_media":5166,"comment_status":"open","ping_status":"open","sticky":false,"template":"","format":"standard","meta":{"footnotes":""},"categories":[73],"tags":[307,306,305],"class_list":["post-5152","post","type-post","status-publish","format-standard","has-post-thumbnail","hentry","category-materia","tag-novos-produtos","tag-queijo","tag-teta-cheese"],"_links":{"self":[{"href":"https:\/\/blogs.correiobraziliense.com.br\/lianasabo\/wp-json\/wp\/v2\/posts\/5152","targetHints":{"allow":["GET"]}}],"collection":[{"href":"https:\/\/blogs.correiobraziliense.com.br\/lianasabo\/wp-json\/wp\/v2\/posts"}],"about":[{"href":"https:\/\/blogs.correiobraziliense.com.br\/lianasabo\/wp-json\/wp\/v2\/types\/post"}],"author":[{"embeddable":true,"href":"https:\/\/blogs.correiobraziliense.com.br\/lianasabo\/wp-json\/wp\/v2\/users\/54"}],"replies":[{"embeddable":true,"href":"https:\/\/blogs.correiobraziliense.com.br\/lianasabo\/wp-json\/wp\/v2\/comments?post=5152"}],"version-history":[{"count":3,"href":"https:\/\/blogs.correiobraziliense.com.br\/lianasabo\/wp-json\/wp\/v2\/posts\/5152\/revisions"}],"predecessor-version":[{"id":5168,"href":"https:\/\/blogs.correiobraziliense.com.br\/lianasabo\/wp-json\/wp\/v2\/posts\/5152\/revisions\/5168"}],"wp:featuredmedia":[{"embeddable":true,"href":"https:\/\/blogs.correiobraziliense.com.br\/lianasabo\/wp-json\/wp\/v2\/media\/5166"}],"wp:attachment":[{"href":"https:\/\/blogs.correiobraziliense.com.br\/lianasabo\/wp-json\/wp\/v2\/media?parent=5152"}],"wp:term":[{"taxonomy":"category","embeddable":true,"href":"https:\/\/blogs.correiobraziliense.com.br\/lianasabo\/wp-json\/wp\/v2\/categories?post=5152"},{"taxonomy":"post_tag","embeddable":true,"href":"https:\/\/blogs.correiobraziliense.com.br\/lianasabo\/wp-json\/wp\/v2\/tags?post=5152"}],"curies":[{"name":"wp","href":"https:\/\/api.w.org\/{rel}","templated":true}]}}