{"id":5145,"date":"2021-11-19T09:43:13","date_gmt":"2021-11-19T12:43:13","guid":{"rendered":"https:\/\/blogs.correiobraziliense.com.br\/lianasabo\/?p=5145"},"modified":"2021-11-19T09:43:43","modified_gmt":"2021-11-19T12:43:43","slug":"embaixador-de-portugal-comemora-o-aumento-da-exportacao-de-vinhos-do-porto-para-o-brasil","status":"publish","type":"post","link":"https:\/\/blogs.correiobraziliense.com.br\/lianasabo\/embaixador-de-portugal-comemora-o-aumento-da-exportacao-de-vinhos-do-porto-para-o-brasil\/","title":{"rendered":"Embaixador de Portugal comemora o aumento da exporta\u00e7\u00e3o de vinhos do Porto para o Brasil"},"content":{"rendered":"<p>Foi com enorme satisfa\u00e7\u00e3o que o embaixador de Portugal, Luis Favo Ramos, compartilhou o aumento de 10% na exporta\u00e7\u00e3o de vinhos do Porto para o Brasil nos primeiros nove meses de 2021 em rela\u00e7\u00e3o ao mesmo per\u00edodo do ano passado, durante a degusta\u00e7\u00e3o de exemplares da bebida, realizada na \u00faltima sexta-feira.<\/p>\n<p>Como o Taylor`s Bottled Vintage Port 2016 e o Porto Tawny 20 anos da vin\u00edcola Martha&#8217;s. N\u00e3o s\u00f3 o Porto, que \u00e9 um dos mais famosos produtos portugueses, vinhos lusos em geral cresceram mais de 30% s\u00f3 este ano, o que torna Portugal o segundo maior exportador para o Brasil, depois do Chile.<\/p>\n","protected":false},"excerpt":{"rendered":"<p>Foi com enorme satisfa\u00e7\u00e3o que o embaixador de Portugal, Luis Favo Ramos, compartilhou o aumento de 10% na exporta\u00e7\u00e3o de vinhos do Porto para o Brasil nos primeiros nove meses de 2021 em rela\u00e7\u00e3o ao mesmo per\u00edodo do ano passado, durante a degusta\u00e7\u00e3o de exemplares da bebida, realizada na \u00faltima sexta-feira. Como o Taylor`s Bottled Vintage Port 2016 e o [&hellip;]<\/p>\n","protected":false},"author":54,"featured_media":5146,"comment_status":"open","ping_status":"open","sticky":false,"template":"","format":"standard","meta":{"footnotes":""},"categories":[222],"tags":[300,301,302,299],"class_list":["post-5145","post","type-post","status-publish","format-standard","has-post-thumbnail","hentry","category-vinhos","tag-aumento-da-exportacao","tag-brasil","tag-portugal","tag-vinho-do-porto"],"_links":{"self":[{"href":"https:\/\/blogs.correiobraziliense.com.br\/lianasabo\/wp-json\/wp\/v2\/posts\/5145","targetHints":{"allow":["GET"]}}],"collection":[{"href":"https:\/\/blogs.correiobraziliense.com.br\/lianasabo\/wp-json\/wp\/v2\/posts"}],"about":[{"href":"https:\/\/blogs.correiobraziliense.com.br\/lianasabo\/wp-json\/wp\/v2\/types\/post"}],"author":[{"embeddable":true,"href":"https:\/\/blogs.correiobraziliense.com.br\/lianasabo\/wp-json\/wp\/v2\/users\/54"}],"replies":[{"embeddable":true,"href":"https:\/\/blogs.correiobraziliense.com.br\/lianasabo\/wp-json\/wp\/v2\/comments?post=5145"}],"version-history":[{"count":2,"href":"https:\/\/blogs.correiobraziliense.com.br\/lianasabo\/wp-json\/wp\/v2\/posts\/5145\/revisions"}],"predecessor-version":[{"id":5148,"href":"https:\/\/blogs.correiobraziliense.com.br\/lianasabo\/wp-json\/wp\/v2\/posts\/5145\/revisions\/5148"}],"wp:featuredmedia":[{"embeddable":true,"href":"https:\/\/blogs.correiobraziliense.com.br\/lianasabo\/wp-json\/wp\/v2\/media\/5146"}],"wp:attachment":[{"href":"https:\/\/blogs.correiobraziliense.com.br\/lianasabo\/wp-json\/wp\/v2\/media?parent=5145"}],"wp:term":[{"taxonomy":"category","embeddable":true,"href":"https:\/\/blogs.correiobraziliense.com.br\/lianasabo\/wp-json\/wp\/v2\/categories?post=5145"},{"taxonomy":"post_tag","embeddable":true,"href":"https:\/\/blogs.correiobraziliense.com.br\/lianasabo\/wp-json\/wp\/v2\/tags?post=5145"}],"curies":[{"name":"wp","href":"https:\/\/api.w.org\/{rel}","templated":true}]}}