{"id":5141,"date":"2021-11-19T09:40:49","date_gmt":"2021-11-19T12:40:49","guid":{"rendered":"https:\/\/blogs.correiobraziliense.com.br\/lianasabo\/?p=5141"},"modified":"2021-11-19T09:41:20","modified_gmt":"2021-11-19T12:41:20","slug":"visita-nobre-do-barao-philippe-nicolay-rotschild-a-brasilia","status":"publish","type":"post","link":"https:\/\/blogs.correiobraziliense.com.br\/lianasabo\/visita-nobre-do-barao-philippe-nicolay-rotschild-a-brasilia\/","title":{"rendered":"Visita nobre do bar\u00e3o Philippe Nicolay Rotschild a Bras\u00edlia"},"content":{"rendered":"<p>O bar\u00e3o Philippe Nicolay Rotschild, de 66 anos, nascido em uma das mais ricas dinastias europeias, que trocou a fun\u00e7\u00e3o de banqueiro pelo mundo do vinho, levou alguns r\u00f3tulos de sua adega particular para degustar, ontem no almo\u00e7o, com o chef italiano Rosario Tessier, que caprichou no menu.<\/p>\n<p>Cabrito \u00e0 ca\u00e7adora com polenta finalizado com pasta de tartufo negro e pecorino romano foi o carro-chefe servido depois do primeiro prato de pasta e fagioli \u00e0 malfitana com feij\u00e3o branco e frutos do mar.<\/p>\n<p>Dono da importadora Monvin, o bar\u00e3o, que h\u00e1 11 anos mora em S\u00e3o Paulo, veio fazer contatos para colocar o vinho produzido por ele da mais de vin\u00edcolas no mercado do Centro-Oeste, considerado \u201c muito importante\u2019\u2019 para o Grupo Rotschild.<\/p>\n","protected":false},"excerpt":{"rendered":"<p>O bar\u00e3o Philippe Nicolay Rotschild, de 66 anos, nascido em uma das mais ricas dinastias europeias, que trocou a fun\u00e7\u00e3o de banqueiro pelo mundo do vinho, levou alguns r\u00f3tulos de sua adega particular para degustar, ontem no almo\u00e7o, com o chef italiano Rosario Tessier, que caprichou no menu. Cabrito \u00e0 ca\u00e7adora com polenta finalizado com pasta de tartufo negro e [&hellip;]<\/p>\n","protected":false},"author":54,"featured_media":5142,"comment_status":"open","ping_status":"open","sticky":false,"template":"","format":"standard","meta":{"footnotes":""},"categories":[1],"tags":[],"class_list":["post-5141","post","type-post","status-publish","format-standard","has-post-thumbnail","hentry","category-sem-categoria"],"_links":{"self":[{"href":"https:\/\/blogs.correiobraziliense.com.br\/lianasabo\/wp-json\/wp\/v2\/posts\/5141","targetHints":{"allow":["GET"]}}],"collection":[{"href":"https:\/\/blogs.correiobraziliense.com.br\/lianasabo\/wp-json\/wp\/v2\/posts"}],"about":[{"href":"https:\/\/blogs.correiobraziliense.com.br\/lianasabo\/wp-json\/wp\/v2\/types\/post"}],"author":[{"embeddable":true,"href":"https:\/\/blogs.correiobraziliense.com.br\/lianasabo\/wp-json\/wp\/v2\/users\/54"}],"replies":[{"embeddable":true,"href":"https:\/\/blogs.correiobraziliense.com.br\/lianasabo\/wp-json\/wp\/v2\/comments?post=5141"}],"version-history":[{"count":2,"href":"https:\/\/blogs.correiobraziliense.com.br\/lianasabo\/wp-json\/wp\/v2\/posts\/5141\/revisions"}],"predecessor-version":[{"id":5144,"href":"https:\/\/blogs.correiobraziliense.com.br\/lianasabo\/wp-json\/wp\/v2\/posts\/5141\/revisions\/5144"}],"wp:featuredmedia":[{"embeddable":true,"href":"https:\/\/blogs.correiobraziliense.com.br\/lianasabo\/wp-json\/wp\/v2\/media\/5142"}],"wp:attachment":[{"href":"https:\/\/blogs.correiobraziliense.com.br\/lianasabo\/wp-json\/wp\/v2\/media?parent=5141"}],"wp:term":[{"taxonomy":"category","embeddable":true,"href":"https:\/\/blogs.correiobraziliense.com.br\/lianasabo\/wp-json\/wp\/v2\/categories?post=5141"},{"taxonomy":"post_tag","embeddable":true,"href":"https:\/\/blogs.correiobraziliense.com.br\/lianasabo\/wp-json\/wp\/v2\/tags?post=5141"}],"curies":[{"name":"wp","href":"https:\/\/api.w.org\/{rel}","templated":true}]}}