{"id":5128,"date":"2021-11-19T09:28:24","date_gmt":"2021-11-19T12:28:24","guid":{"rendered":"https:\/\/blogs.correiobraziliense.com.br\/lianasabo\/?p=5128"},"modified":"2021-11-19T11:05:27","modified_gmt":"2021-11-19T14:05:27","slug":"camarada-camarao-grife-pernambucana-tera-restaurante-em-brasilia","status":"publish","type":"post","link":"https:\/\/blogs.correiobraziliense.com.br\/lianasabo\/camarada-camarao-grife-pernambucana-tera-restaurante-em-brasilia\/","title":{"rendered":"Quem vem do mar! Camarada Camar\u00e3o, grife pernambucana, ter\u00e1 restaurante em Bras\u00edlia"},"content":{"rendered":"<p>Desta vez est\u00e1 certa a vinda do Camarada Camar\u00e3o, grife pernambucana nascida na praia de Boa Viagem, em 2005, que h\u00e1 10 anos estava de olho para fincar em Bras\u00edlia a primeira unidade fora do Recife. Na ocasi\u00e3o, esta coluna chegou a noticiar as tratativas em curso que tinham como objetivo instalar a marca na sede da Agepol, trecho 2 do Setor de Clubes Sul, onde havia acabado de fechar as portas um restaurante de comida mineira.<\/p>\n<p><a href=\"https:\/\/blogs.correiobraziliense.com.br\/lianasabo\/wp-content\/uploads\/sites\/25\/2021\/11\/WhatsApp-Image-2021-11-18-at-21.30.26.jpeg\"><img loading=\"lazy\" decoding=\"async\" class=\"alignleft wp-image-5129 size-medium\" src=\"https:\/\/blogs.correiobraziliense.com.br\/lianasabo\/wp-content\/uploads\/sites\/25\/2021\/11\/WhatsApp-Image-2021-11-18-at-21.30.26-138x300.jpeg\" alt=\"\" width=\"138\" height=\"300\" srcset=\"https:\/\/blogs.correiobraziliense.com.br\/lianasabo\/wp-content\/uploads\/sites\/25\/2021\/11\/WhatsApp-Image-2021-11-18-at-21.30.26-138x300.jpeg 138w, https:\/\/blogs.correiobraziliense.com.br\/lianasabo\/wp-content\/uploads\/sites\/25\/2021\/11\/WhatsApp-Image-2021-11-18-at-21.30.26.jpeg 472w, https:\/\/blogs.correiobraziliense.com.br\/lianasabo\/wp-content\/uploads\/sites\/25\/2021\/11\/WhatsApp-Image-2021-11-18-at-21.30.26-550x1193.jpeg 550w, https:\/\/blogs.correiobraziliense.com.br\/lianasabo\/wp-content\/uploads\/sites\/25\/2021\/11\/WhatsApp-Image-2021-11-18-at-21.30.26-230x499.jpeg 230w\" sizes=\"auto, (max-width: 138px) 100vw, 138px\" \/><\/a><\/p>\n<p>Com um investimento de R$ 9 milh\u00f5es, est\u00e1 quase conclu\u00edda no Shopping ID a obra do novo rest\u00f4 que ser\u00e1 a maior unidade da rede com uma \u00e1rea total de 2mil m2, sendo 100m2 exclusiva para crian\u00e7as, espa\u00e7o para eventos com duas salas menores reservadas e outras quatro que podem receber at\u00e9 120 pessoas.<\/p>\n<p>\u201cBras\u00edlia sempre esteve em nossos planos, pois tem um grande mercado consumidor e gente do Brasil circulando pela cidade. Estaremos em um shopping que \u00e9 uma refer\u00eancia na boa gastronomia e a nossa expectativa \u00e9 muito grande para essa nova atua\u00e7\u00e3o\u201d, declarou Sylvio Drummond, CEO do Grupo Drumattos, a holding respons\u00e1vel n\u00e3o s\u00f3 pelo Camarada Camar\u00e3o, mas tamb\u00e9m pela rede de fast food Camar\u00e3o e Cia.<\/p>\n<p>A inten\u00e7\u00e3o dos propriet\u00e1rios \u00e9 abrir a casa em meados de dezembro. Para tanto, buscam imprimir velocidade na finaliza\u00e7\u00e3o da obra a cargo da Execut Engenharia, que vem sendo acompanhada por Drummond, um dos executivos. A ambienta\u00e7\u00e3o \u00e9 informal e r\u00fastica, por\u00e9m elegante e decorada com motivos mar\u00edtimos, presente em todas as lojas da rede, que dever\u00e1 totalizar 16 unidades ainda este ano com Bras\u00edlia e Jacarepagu\u00e1, no Rio de Janeiro. Para 2022, h\u00e1 contratos fechados que permitir\u00e3o chegar a 25 unidades no pa\u00eds, informa Sylvio.<\/p>\n<p><strong>Comida farta<\/strong><\/p>\n<p>Se \u00e9 grande a expectativa do grupo, n\u00e3o \u00e9 menor que a do p\u00fablico que j\u00e1 conhece a casa de visitas \u00e0s capitais do Nordeste. A analista jur\u00eddica Sara Maria est\u00e1 contando os dias para provar outra vez o pastel de camar\u00e3o, que degustou em Jo\u00e3o Pessoa. \u201cOs pratos s\u00e3o muito<br \/>\nfartos e t\u00eam pre\u00e7os bons\u201d, comenta a brasiliense.<\/p>\n<figure id=\"attachment_5131\" aria-describedby=\"caption-attachment-5131\" style=\"width: 1024px\" class=\"wp-caption alignleft\"><a href=\"https:\/\/blogs.correiobraziliense.com.br\/lianasabo\/wp-content\/uploads\/sites\/25\/2021\/11\/WhatsApp-Image-2021-11-18-at-21.31.34.jpeg\"><img loading=\"lazy\" decoding=\"async\" class=\"size-large wp-image-5131\" src=\"https:\/\/blogs.correiobraziliense.com.br\/lianasabo\/wp-content\/uploads\/sites\/25\/2021\/11\/WhatsApp-Image-2021-11-18-at-21.31.34-1024x699.jpeg\" alt=\"\" width=\"1024\" height=\"699\" srcset=\"https:\/\/blogs.correiobraziliense.com.br\/lianasabo\/wp-content\/uploads\/sites\/25\/2021\/11\/WhatsApp-Image-2021-11-18-at-21.31.34-1024x699.jpeg 1024w, https:\/\/blogs.correiobraziliense.com.br\/lianasabo\/wp-content\/uploads\/sites\/25\/2021\/11\/WhatsApp-Image-2021-11-18-at-21.31.34-300x205.jpeg 300w, https:\/\/blogs.correiobraziliense.com.br\/lianasabo\/wp-content\/uploads\/sites\/25\/2021\/11\/WhatsApp-Image-2021-11-18-at-21.31.34-768x524.jpeg 768w, https:\/\/blogs.correiobraziliense.com.br\/lianasabo\/wp-content\/uploads\/sites\/25\/2021\/11\/WhatsApp-Image-2021-11-18-at-21.31.34-800x546.jpeg 800w, https:\/\/blogs.correiobraziliense.com.br\/lianasabo\/wp-content\/uploads\/sites\/25\/2021\/11\/WhatsApp-Image-2021-11-18-at-21.31.34-550x375.jpeg 550w, https:\/\/blogs.correiobraziliense.com.br\/lianasabo\/wp-content\/uploads\/sites\/25\/2021\/11\/WhatsApp-Image-2021-11-18-at-21.31.34-230x157.jpeg 230w, https:\/\/blogs.correiobraziliense.com.br\/lianasabo\/wp-content\/uploads\/sites\/25\/2021\/11\/WhatsApp-Image-2021-11-18-at-21.31.34.jpeg 1222w\" sizes=\"auto, (max-width: 1024px) 100vw, 1024px\" \/><\/a><figcaption id=\"caption-attachment-5131\" class=\"wp-caption-text\">O prato Brisa do mar tamb\u00e9m serve 3 pessoas. Cr\u00e9dito: Camarada Camar\u00e3o\/Divulga\u00e7\u00e3o<\/figcaption><\/figure>\n<p>Al\u00e9m do crust\u00e1ceo, que d\u00e1 nome \u00e0 rede e comparece em diversas vers\u00f5es, h\u00e1 polvo, lagosta e peixes no card\u00e1pio desenvolvido pelo chef franc\u00eas Fran\u00e7ois Schmitt, que mora h\u00e1 25 anos no Brasil. Destaque para os pratos Brisa do mar (R$ 199), que serve tr\u00eas pessoas e Grelhados do chef (R$ 369), mix de camar\u00e3o e lagosta tamb\u00e9m para tr\u00eas pessoas.<\/p>\n<p>\u00c0 frente da opera\u00e7\u00e3o brasiliense est\u00e1 Eduardo Lira, que por muitos anos tocou a loja Camar\u00e3o e Cia no Conjunto Nacional e \u00e9 ele quem vai comandar todas as etapas, como o Happy Hour Camarada, que se realiza todos os dias, inclusive fins de semana e feriados, das 17h \u00e0s 20h, com chope, drinques e u\u00edsque (exceto a garrafa) pela metade do pre\u00e7o, al\u00e9m de petiscos com pre\u00e7os especiais.<\/p>\n","protected":false},"excerpt":{"rendered":"<p>A franquia ser\u00e1 lan\u00e7ada em dezembro no Shopping ID<\/p>\n","protected":false},"author":54,"featured_media":5130,"comment_status":"open","ping_status":"open","sticky":false,"template":"","format":"standard","meta":{"footnotes":""},"categories":[198],"tags":[],"class_list":["post-5128","post","type-post","status-publish","format-standard","has-post-thumbnail","hentry","category-restaurantes-de-frutos-do-mar"],"_links":{"self":[{"href":"https:\/\/blogs.correiobraziliense.com.br\/lianasabo\/wp-json\/wp\/v2\/posts\/5128","targetHints":{"allow":["GET"]}}],"collection":[{"href":"https:\/\/blogs.correiobraziliense.com.br\/lianasabo\/wp-json\/wp\/v2\/posts"}],"about":[{"href":"https:\/\/blogs.correiobraziliense.com.br\/lianasabo\/wp-json\/wp\/v2\/types\/post"}],"author":[{"embeddable":true,"href":"https:\/\/blogs.correiobraziliense.com.br\/lianasabo\/wp-json\/wp\/v2\/users\/54"}],"replies":[{"embeddable":true,"href":"https:\/\/blogs.correiobraziliense.com.br\/lianasabo\/wp-json\/wp\/v2\/comments?post=5128"}],"version-history":[{"count":4,"href":"https:\/\/blogs.correiobraziliense.com.br\/lianasabo\/wp-json\/wp\/v2\/posts\/5128\/revisions"}],"predecessor-version":[{"id":5149,"href":"https:\/\/blogs.correiobraziliense.com.br\/lianasabo\/wp-json\/wp\/v2\/posts\/5128\/revisions\/5149"}],"wp:featuredmedia":[{"embeddable":true,"href":"https:\/\/blogs.correiobraziliense.com.br\/lianasabo\/wp-json\/wp\/v2\/media\/5130"}],"wp:attachment":[{"href":"https:\/\/blogs.correiobraziliense.com.br\/lianasabo\/wp-json\/wp\/v2\/media?parent=5128"}],"wp:term":[{"taxonomy":"category","embeddable":true,"href":"https:\/\/blogs.correiobraziliense.com.br\/lianasabo\/wp-json\/wp\/v2\/categories?post=5128"},{"taxonomy":"post_tag","embeddable":true,"href":"https:\/\/blogs.correiobraziliense.com.br\/lianasabo\/wp-json\/wp\/v2\/tags?post=5128"}],"curies":[{"name":"wp","href":"https:\/\/api.w.org\/{rel}","templated":true}]}}