{"id":5092,"date":"2021-11-05T08:26:36","date_gmt":"2021-11-05T11:26:36","guid":{"rendered":"https:\/\/blogs.correiobraziliense.com.br\/lianasabo\/?p=5092"},"modified":"2021-11-05T17:38:00","modified_gmt":"2021-11-05T20:38:00","slug":"comida-saudavel-e-pratica-pode-ser-encontrada-no-the-healthy","status":"publish","type":"post","link":"https:\/\/blogs.correiobraziliense.com.br\/lianasabo\/comida-saudavel-e-pratica-pode-ser-encontrada-no-the-healthy\/","title":{"rendered":"Comida saud\u00e1vel e pr\u00e1tica pode ser encontrada no The Healthy"},"content":{"rendered":"<p>S\u00f3cio da franquia Club Life to Go &#8212; extinta antes mesmo de completar 25 lojas no Brasil, em Portugal e nos Estados Unidos, como queriam os fundadores &#8211;, o empres\u00e1rio brasiliense Gabriel Bereohff n\u00e3o desistiu da proposta gastron\u00f4mica e lan\u00e7ou a marca The Healthy no mesmo espa\u00e7o da anterior, bloco C da 103 Sul, j\u00e1 que o contrato de aluguel da loja tem<br \/>\ndura\u00e7\u00e3o de cinco anos. Com um conceito semelhante, que privilegia a venda de alimentos saud\u00e1veis e pr\u00e1ticos, o novo empreendimento est\u00e1 assentado nos servi\u00e7os de delivery e take out, que representam 90% do faturamento.<\/p>\n<p>Diferente de qualquer outro estabelecimento, o bistr\u00f4 natural tem apenas 20 lugares sentados e nenhum gar\u00e7om. Na entrada, h\u00e1 um totem no qual s\u00e3o digitados os pedidos de comida, bebida e pagamento por cart\u00e3o, mas \u00e9 claro, que voc\u00ea n\u00e3o estar\u00e1 abandonado, h\u00e1 sempre algum atendente por perto, como a Carliane, para lhe ajudar a navegar no aparato. Da\u00ed<br \/>\n\u00e9 s\u00f3 esperar que venha o prato ou os sabores embalados na cozinha de finaliza\u00e7\u00e3o.<\/p>\n<figure id=\"attachment_5094\" aria-describedby=\"caption-attachment-5094\" style=\"width: 1200px\" class=\"wp-caption aligncenter\"><a href=\"https:\/\/blogs.correiobraziliense.com.br\/lianasabo\/wp-content\/uploads\/sites\/25\/2021\/11\/healthy_gabriell.jpeg\"><img loading=\"lazy\" decoding=\"async\" class=\"size-full wp-image-5094\" src=\"https:\/\/blogs.correiobraziliense.com.br\/lianasabo\/wp-content\/uploads\/sites\/25\/2021\/11\/healthy_gabriell.jpeg\" alt=\"\" width=\"1200\" height=\"650\" srcset=\"https:\/\/blogs.correiobraziliense.com.br\/lianasabo\/wp-content\/uploads\/sites\/25\/2021\/11\/healthy_gabriell.jpeg 1200w, https:\/\/blogs.correiobraziliense.com.br\/lianasabo\/wp-content\/uploads\/sites\/25\/2021\/11\/healthy_gabriell-300x163.jpeg 300w, https:\/\/blogs.correiobraziliense.com.br\/lianasabo\/wp-content\/uploads\/sites\/25\/2021\/11\/healthy_gabriell-768x416.jpeg 768w, https:\/\/blogs.correiobraziliense.com.br\/lianasabo\/wp-content\/uploads\/sites\/25\/2021\/11\/healthy_gabriell-1024x555.jpeg 1024w, https:\/\/blogs.correiobraziliense.com.br\/lianasabo\/wp-content\/uploads\/sites\/25\/2021\/11\/healthy_gabriell-800x433.jpeg 800w, https:\/\/blogs.correiobraziliense.com.br\/lianasabo\/wp-content\/uploads\/sites\/25\/2021\/11\/healthy_gabriell-550x298.jpeg 550w, https:\/\/blogs.correiobraziliense.com.br\/lianasabo\/wp-content\/uploads\/sites\/25\/2021\/11\/healthy_gabriell-230x125.jpeg 230w\" sizes=\"auto, (max-width: 1200px) 100vw, 1200px\" \/><\/a><figcaption id=\"caption-attachment-5094\" class=\"wp-caption-text\">Gabriel Bereihff<\/figcaption><\/figure>\n<p>\u201cAqui tudo \u00e9 fresco, os \u00fanicos produtos industrializados s\u00e3o o sal, azeite e alguns insumos naturais, como xantana e xilitol\u201d, adianta Gabriel, que gostou tanto do ramo quando se associou ao casal de primos Saulo e Juliana Sarmento para tocar o Club Life to Go, que decidiu cursar gastronomia no Iesb, onde se formou em 2018. Da\u00ed ter elaborado agora o card\u00e1pio com algumas receitas da marca anterior e as novas criadas por ele. Tamb\u00e9m s\u00e3o propriet\u00e1rias do The Healthy, as irm\u00e3s Vanessa e Ludmila Medeiros, que n\u00e3o tem o tempo dispon\u00edvel do primo Gabriel.<\/p>\n<p><strong>Castanha de caju<\/strong><\/p>\n<figure id=\"attachment_5095\" aria-describedby=\"caption-attachment-5095\" style=\"width: 1200px\" class=\"wp-caption aligncenter\"><a href=\"https:\/\/blogs.correiobraziliense.com.br\/lianasabo\/wp-content\/uploads\/sites\/25\/2021\/11\/Medalh\u00e3o-de-mignon-com-risoto.jpeg\"><img loading=\"lazy\" decoding=\"async\" class=\"size-full wp-image-5095\" src=\"https:\/\/blogs.correiobraziliense.com.br\/lianasabo\/wp-content\/uploads\/sites\/25\/2021\/11\/Medalh\u00e3o-de-mignon-com-risoto.jpeg\" alt=\"\" width=\"1200\" height=\"650\" srcset=\"https:\/\/blogs.correiobraziliense.com.br\/lianasabo\/wp-content\/uploads\/sites\/25\/2021\/11\/Medalh\u00e3o-de-mignon-com-risoto.jpeg 1200w, https:\/\/blogs.correiobraziliense.com.br\/lianasabo\/wp-content\/uploads\/sites\/25\/2021\/11\/Medalh\u00e3o-de-mignon-com-risoto-300x163.jpeg 300w, https:\/\/blogs.correiobraziliense.com.br\/lianasabo\/wp-content\/uploads\/sites\/25\/2021\/11\/Medalh\u00e3o-de-mignon-com-risoto-768x416.jpeg 768w, https:\/\/blogs.correiobraziliense.com.br\/lianasabo\/wp-content\/uploads\/sites\/25\/2021\/11\/Medalh\u00e3o-de-mignon-com-risoto-1024x555.jpeg 1024w, https:\/\/blogs.correiobraziliense.com.br\/lianasabo\/wp-content\/uploads\/sites\/25\/2021\/11\/Medalh\u00e3o-de-mignon-com-risoto-800x433.jpeg 800w, https:\/\/blogs.correiobraziliense.com.br\/lianasabo\/wp-content\/uploads\/sites\/25\/2021\/11\/Medalh\u00e3o-de-mignon-com-risoto-550x298.jpeg 550w, https:\/\/blogs.correiobraziliense.com.br\/lianasabo\/wp-content\/uploads\/sites\/25\/2021\/11\/Medalh\u00e3o-de-mignon-com-risoto-230x125.jpeg 230w\" sizes=\"auto, (max-width: 1200px) 100vw, 1200px\" \/><\/a><figcaption id=\"caption-attachment-5095\" class=\"wp-caption-text\">Medalh\u00e3o de mignon com risoto<\/figcaption><\/figure>\n<p>Embora focado em baixas calorias e na dieta low carb, o menu \u00e9 amplo e diversificado. H\u00e1 oito prote\u00ednas, como frango, carne, peixe, oito molhos e oito crostas, mais 15 acompanhamentos, como pur\u00ea de banana da terra, cuscuz de quinoa, farofa de castanha de caju, couve manteiga e pimenta biquinho, entre outros, num total de 143 itens com os quais<br \/>\nvoc\u00ea pode montar at\u00e9 70 combina\u00e7\u00f5es diferentes.<\/p>\n<p>Dentre os mais pedidos est\u00e3o a deliciosa panqueca de massa verde de espinafre, recheada de carne mo\u00edda com molho de tomate caseiro e cuscuz de quinoa (R$ 38), o falafel de gr\u00e3o-de-bico com molho de hortel\u00e3 e risoto de ab\u00f3bora (R$ 42), o medalh\u00e3o de mignon com crosta de am\u00eandoas e nozes e molho funghi escoltado por risoto de couve-flor (R$ 52); o salgado de frango empanado e recheado de mu\u00e7arela de b\u00fafala e cream cheese (R$ 15), al\u00e9m de lasanha de ab\u00f3bora e abobrinha, saladas e sandu\u00edches.<\/p>\n<p>O ingrediente que mais encantou o chef na elabora\u00e7\u00e3o do menu foi a castanha de caju, \u201coleaginosa com o maior percentual de gordura boa, cujo sabor caracter\u00edstico \u00e9 o que melhor harmoniza com os demais ingredientes\u201d, afirmou Gabriel. The Healthy funciona de segunda a sexta, das 11h \u00e0s 21h e s\u00e1bado, das 11h \u00e0s 15h. Telefone: 99194-9309. Encomendas pelo<br \/>\nIfood.<\/p>\n","protected":false},"excerpt":{"rendered":"<p>Com um conceito semelhante, que privilegia a venda de alimentos saud\u00e1veis e pr\u00e1ticos, o novo empreendimento est\u00e1 assentado nos delivery e take out<\/p>\n","protected":false},"author":54,"featured_media":5093,"comment_status":"open","ping_status":"open","sticky":false,"template":"","format":"standard","meta":{"footnotes":""},"categories":[265],"tags":[17,286],"class_list":["post-5092","post","type-post","status-publish","format-standard","has-post-thumbnail","hentry","category-comida-saudavel","tag-asa-sul","tag-the-healthy"],"_links":{"self":[{"href":"https:\/\/blogs.correiobraziliense.com.br\/lianasabo\/wp-json\/wp\/v2\/posts\/5092","targetHints":{"allow":["GET"]}}],"collection":[{"href":"https:\/\/blogs.correiobraziliense.com.br\/lianasabo\/wp-json\/wp\/v2\/posts"}],"about":[{"href":"https:\/\/blogs.correiobraziliense.com.br\/lianasabo\/wp-json\/wp\/v2\/types\/post"}],"author":[{"embeddable":true,"href":"https:\/\/blogs.correiobraziliense.com.br\/lianasabo\/wp-json\/wp\/v2\/users\/54"}],"replies":[{"embeddable":true,"href":"https:\/\/blogs.correiobraziliense.com.br\/lianasabo\/wp-json\/wp\/v2\/comments?post=5092"}],"version-history":[{"count":2,"href":"https:\/\/blogs.correiobraziliense.com.br\/lianasabo\/wp-json\/wp\/v2\/posts\/5092\/revisions"}],"predecessor-version":[{"id":5112,"href":"https:\/\/blogs.correiobraziliense.com.br\/lianasabo\/wp-json\/wp\/v2\/posts\/5092\/revisions\/5112"}],"wp:featuredmedia":[{"embeddable":true,"href":"https:\/\/blogs.correiobraziliense.com.br\/lianasabo\/wp-json\/wp\/v2\/media\/5093"}],"wp:attachment":[{"href":"https:\/\/blogs.correiobraziliense.com.br\/lianasabo\/wp-json\/wp\/v2\/media?parent=5092"}],"wp:term":[{"taxonomy":"category","embeddable":true,"href":"https:\/\/blogs.correiobraziliense.com.br\/lianasabo\/wp-json\/wp\/v2\/categories?post=5092"},{"taxonomy":"post_tag","embeddable":true,"href":"https:\/\/blogs.correiobraziliense.com.br\/lianasabo\/wp-json\/wp\/v2\/tags?post=5092"}],"curies":[{"name":"wp","href":"https:\/\/api.w.org\/{rel}","templated":true}]}}