{"id":5054,"date":"2021-10-22T10:12:41","date_gmt":"2021-10-22T13:12:41","guid":{"rendered":"https:\/\/blogs.correiobraziliense.com.br\/lianasabo\/?p=5054"},"modified":"2021-10-21T19:21:32","modified_gmt":"2021-10-21T22:21:32","slug":"backerei-esta-de-volta-a-casa-cor","status":"publish","type":"post","link":"https:\/\/blogs.correiobraziliense.com.br\/lianasabo\/backerei-esta-de-volta-a-casa-cor\/","title":{"rendered":"B\u00e4ckerei est\u00e1 de volta \u00e0 Casa Cor"},"content":{"rendered":"<p>Pela terceira vez, a B\u00e4ckerei est\u00e1 de volta \u00e0 Casa Cor, cujas 29\u00aa edi\u00e7\u00e3o abre as portas ter\u00e7a-feira, 26, na antiga sede da CEB, na 904 Sul. Al\u00e9m de p\u00e3es, biscoitos, bolos, gra\u00e7as a uma parceria com a All Kitchens, o propriet\u00e1rio Mac Marques levar\u00e1 um equipamento desenvolvido no Rio Grande do Sul, de onde\u00a0sai qualquer bebida. No caso, espumante gelad\u00edssimo, produzido pela Yoo Wines.<\/p>\n<p>Outra novidade \u00e9 um forno de pizza a g\u00e1s, capaz de assar deliciosas redondas em curto tempo. Quem estreia na mostra \u00e9 o chef Ronny Peterson, que vai comandar a cozinha principal respons\u00e1vel pelo menu que \u00e9 \u201ca minha raiz\u201d, diz o chef se referindo \u00e0 combina\u00e7\u00e3o da cozinha italiana com a brasileira.<\/p>\n","protected":false},"excerpt":{"rendered":"<p>Al\u00e9m de p\u00e3es, biscoitos, bolos, gra\u00e7as a uma parceria com a All Kitchens, haver\u00e1 equipamento desenvolvido no Rio Grande do Sul, de onde\u00a0sai qualquer bebida<\/p>\n","protected":false},"author":54,"featured_media":5055,"comment_status":"open","ping_status":"open","sticky":false,"template":"","format":"standard","meta":{"footnotes":""},"categories":[73],"tags":[273,271,272],"class_list":["post-5054","post","type-post","status-publish","format-standard","has-post-thumbnail","hentry","category-materia","tag-backerei","tag-casacor","tag-pizza"],"_links":{"self":[{"href":"https:\/\/blogs.correiobraziliense.com.br\/lianasabo\/wp-json\/wp\/v2\/posts\/5054","targetHints":{"allow":["GET"]}}],"collection":[{"href":"https:\/\/blogs.correiobraziliense.com.br\/lianasabo\/wp-json\/wp\/v2\/posts"}],"about":[{"href":"https:\/\/blogs.correiobraziliense.com.br\/lianasabo\/wp-json\/wp\/v2\/types\/post"}],"author":[{"embeddable":true,"href":"https:\/\/blogs.correiobraziliense.com.br\/lianasabo\/wp-json\/wp\/v2\/users\/54"}],"replies":[{"embeddable":true,"href":"https:\/\/blogs.correiobraziliense.com.br\/lianasabo\/wp-json\/wp\/v2\/comments?post=5054"}],"version-history":[{"count":3,"href":"https:\/\/blogs.correiobraziliense.com.br\/lianasabo\/wp-json\/wp\/v2\/posts\/5054\/revisions"}],"predecessor-version":[{"id":5058,"href":"https:\/\/blogs.correiobraziliense.com.br\/lianasabo\/wp-json\/wp\/v2\/posts\/5054\/revisions\/5058"}],"wp:featuredmedia":[{"embeddable":true,"href":"https:\/\/blogs.correiobraziliense.com.br\/lianasabo\/wp-json\/wp\/v2\/media\/5055"}],"wp:attachment":[{"href":"https:\/\/blogs.correiobraziliense.com.br\/lianasabo\/wp-json\/wp\/v2\/media?parent=5054"}],"wp:term":[{"taxonomy":"category","embeddable":true,"href":"https:\/\/blogs.correiobraziliense.com.br\/lianasabo\/wp-json\/wp\/v2\/categories?post=5054"},{"taxonomy":"post_tag","embeddable":true,"href":"https:\/\/blogs.correiobraziliense.com.br\/lianasabo\/wp-json\/wp\/v2\/tags?post=5054"}],"curies":[{"name":"wp","href":"https:\/\/api.w.org\/{rel}","templated":true}]}}