{"id":5043,"date":"2021-10-22T06:30:07","date_gmt":"2021-10-22T09:30:07","guid":{"rendered":"https:\/\/blogs.correiobraziliense.com.br\/lianasabo\/?p=5043"},"modified":"2021-10-21T19:11:58","modified_gmt":"2021-10-21T22:11:58","slug":"festival-tera-churrascada-do-chef-dudu-camargo","status":"publish","type":"post","link":"https:\/\/blogs.correiobraziliense.com.br\/lianasabo\/festival-tera-churrascada-do-chef-dudu-camargo\/","title":{"rendered":"Festival ter\u00e1 churrascada do chef Dudu Camargo"},"content":{"rendered":"<h3>Nord Festival re\u00fane quatro assadeiros \u00e0 frente da parrilla e Dudu Camargo no comando dos acompanhamentos. Aproveite. S\u00e3o apenas 4 domingos!<\/h3>\n<p>O irrequieto e criativo chef Dudu Camargo, que adora carne entre outros ingredientes nobres, foi quem pensou primeiro por que n\u00e3o fazer em Bras\u00edlia uma churrascada como h\u00e1 em outras cidades? Falou com alguns craques do of\u00edcio e todos toparam. Assim nasceu o evento Nord Festival, que se realizar\u00e1 pelos quatro domingos seguintes \u2013 24 e 31 de outubro, 7 e 14 de novembro \u2013, no Braz\u00f3lia Cozinha e Bar, onde houve uma estreia para testar a novidade.<\/p>\n<p><a href=\"https:\/\/blogs.correiobraziliense.com.br\/lianasabo\/wp-content\/uploads\/sites\/25\/2021\/10\/dudu3.jpg\"><img loading=\"lazy\" decoding=\"async\" class=\"aligncenter size-full wp-image-5051\" src=\"https:\/\/blogs.correiobraziliense.com.br\/lianasabo\/wp-content\/uploads\/sites\/25\/2021\/10\/dudu3.jpg\" alt=\"\" width=\"1200\" height=\"650\" srcset=\"https:\/\/blogs.correiobraziliense.com.br\/lianasabo\/wp-content\/uploads\/sites\/25\/2021\/10\/dudu3.jpg 1200w, https:\/\/blogs.correiobraziliense.com.br\/lianasabo\/wp-content\/uploads\/sites\/25\/2021\/10\/dudu3-300x163.jpg 300w, https:\/\/blogs.correiobraziliense.com.br\/lianasabo\/wp-content\/uploads\/sites\/25\/2021\/10\/dudu3-768x416.jpg 768w, https:\/\/blogs.correiobraziliense.com.br\/lianasabo\/wp-content\/uploads\/sites\/25\/2021\/10\/dudu3-1024x555.jpg 1024w, https:\/\/blogs.correiobraziliense.com.br\/lianasabo\/wp-content\/uploads\/sites\/25\/2021\/10\/dudu3-800x433.jpg 800w, https:\/\/blogs.correiobraziliense.com.br\/lianasabo\/wp-content\/uploads\/sites\/25\/2021\/10\/dudu3-550x298.jpg 550w, https:\/\/blogs.correiobraziliense.com.br\/lianasabo\/wp-content\/uploads\/sites\/25\/2021\/10\/dudu3-230x125.jpg 230w\" sizes=\"auto, (max-width: 1200px) 100vw, 1200px\" \/><\/a><\/p>\n<p>Mois\u00e9s Costa, Fred Trentino, Lierson Mattenhauer e Bruninho Oliveira comandam as parrillas no fogo e servem diretamente nas esta\u00e7\u00f5es os cortes especiais, porqueta pururucada e tambaqui assado, enquanto Dudu se responsabiliza pelas guarni\u00e7\u00f5es de dar \u00e1gua na boca.<\/p>\n<p>Entre elas, arroz com rabada, vinagrete e agri\u00e3o; pupunha assada com azeite; chutneys de manga, tomate, goiaba, ma\u00e7\u00e3 verde e frutas vermelhas; farofas de cebola e alho; banana com castanhas, mexid\u00e3o brasileiro com arroz \u00e0 base de feij\u00e3o, carnes variadas e mediterr\u00e2neo com arroz de sete gr\u00e3os com fava, legumes e cogumelos, al\u00e9m de maionese r\u00fastica de batata.<\/p>\n<p>Som por conta de DJs e bandas. R$ 187; crian\u00e7as at\u00e9 8 anos n\u00e3o pagam; e de 8 a 12, R$ 50. Telefone: 99802-4076.<\/p>\n<h3>Refer\u00eancias n\u00f3rdicas<\/h3>\n<p>O nome \u201cNord\u201d \u00e9 uma refer\u00eancia \u00e0 cultura rica e festeira dos povos n\u00f3rdicos ancestrais, como na Noruega, Dinamarca, Su\u00e9cia e Finl\u00e2ndia, onde a carne estava sempre presente. Os povos ancestrais, em especial os vikings, promoviam encontros que uniam as popula\u00e7\u00f5es das regi\u00f5es em torno do alimento a partir de cria\u00e7\u00f5es de bovinos, caprinos, ovinos e tamb\u00e9m equinos, galinhas, patos e gansos, sempre regado a muita m\u00fasica e bebidas t\u00edpicas.<\/p>\n","protected":false},"excerpt":{"rendered":"<p>Nord Festival re\u00fane quatro assadeiros \u00e0 frente da parrilla e Dudu Camargo no comando dos acompanhamentos. Aproveite. S\u00e3o apenas 4 domingos!<\/p>\n","protected":false},"author":54,"featured_media":5050,"comment_status":"open","ping_status":"open","sticky":false,"template":"","format":"standard","meta":{"footnotes":""},"categories":[121],"tags":[268,269,270],"class_list":["post-5043","post","type-post","status-publish","format-standard","has-post-thumbnail","hentry","category-restaurantes-de-carne","tag-brazolia","tag-dudu-camargo","tag-nord-festival"],"_links":{"self":[{"href":"https:\/\/blogs.correiobraziliense.com.br\/lianasabo\/wp-json\/wp\/v2\/posts\/5043","targetHints":{"allow":["GET"]}}],"collection":[{"href":"https:\/\/blogs.correiobraziliense.com.br\/lianasabo\/wp-json\/wp\/v2\/posts"}],"about":[{"href":"https:\/\/blogs.correiobraziliense.com.br\/lianasabo\/wp-json\/wp\/v2\/types\/post"}],"author":[{"embeddable":true,"href":"https:\/\/blogs.correiobraziliense.com.br\/lianasabo\/wp-json\/wp\/v2\/users\/54"}],"replies":[{"embeddable":true,"href":"https:\/\/blogs.correiobraziliense.com.br\/lianasabo\/wp-json\/wp\/v2\/comments?post=5043"}],"version-history":[{"count":3,"href":"https:\/\/blogs.correiobraziliense.com.br\/lianasabo\/wp-json\/wp\/v2\/posts\/5043\/revisions"}],"predecessor-version":[{"id":5053,"href":"https:\/\/blogs.correiobraziliense.com.br\/lianasabo\/wp-json\/wp\/v2\/posts\/5043\/revisions\/5053"}],"wp:featuredmedia":[{"embeddable":true,"href":"https:\/\/blogs.correiobraziliense.com.br\/lianasabo\/wp-json\/wp\/v2\/media\/5050"}],"wp:attachment":[{"href":"https:\/\/blogs.correiobraziliense.com.br\/lianasabo\/wp-json\/wp\/v2\/media?parent=5043"}],"wp:term":[{"taxonomy":"category","embeddable":true,"href":"https:\/\/blogs.correiobraziliense.com.br\/lianasabo\/wp-json\/wp\/v2\/categories?post=5043"},{"taxonomy":"post_tag","embeddable":true,"href":"https:\/\/blogs.correiobraziliense.com.br\/lianasabo\/wp-json\/wp\/v2\/tags?post=5043"}],"curies":[{"name":"wp","href":"https:\/\/api.w.org\/{rel}","templated":true}]}}