{"id":4971,"date":"2021-09-25T12:35:01","date_gmt":"2021-09-25T15:35:01","guid":{"rendered":"https:\/\/blogs.correiobraziliense.com.br\/lianasabo\/?p=4971"},"modified":"2021-09-25T12:35:01","modified_gmt":"2021-09-25T15:35:01","slug":"festival-gosto-da-amazonia-se-despede-neste-fim-de-semana","status":"publish","type":"post","link":"https:\/\/blogs.correiobraziliense.com.br\/lianasabo\/festival-gosto-da-amazonia-se-despede-neste-fim-de-semana\/","title":{"rendered":"Festival Gosto da Amaz\u00f4nia se despede neste fim de semana"},"content":{"rendered":"<p>\u00daltimos dois dias para participar do Festival Gosto da Amaz\u00f4nia, promovido pelo Sindhobar, que tem como estrela o pirarucu selvagem de manejo. Segundo o propriet\u00e1rio da Beira Mar Pescados, Gustavo Resende, j\u00e1 foram vendidos mais de 1800kg de peixe, e quase 8500 pessoas provaram a iguaria em Bras\u00edlia.<\/p>\n<p>Para o presidente do Sindhobar, Jael Silva, \u201co festival veio consolidar n\u00e3o s\u00f3 o setor de gastronomia como o de turismo\u201d, ele tamb\u00e9m destaca a import\u00e2ncia da revista Sabor e Sustentabilidade, distribu\u00edda nos hot\u00e9is e restaurantes, que ajudou os interessados a escolher os pratos que gostariam de degustar. Cinquenta restaurantes participam do festival que vai at\u00e9 domingo (26\/9).<\/p>\n","protected":false},"excerpt":{"rendered":"<p>\u00daltimos dois dias para participar do Festival Gosto da Amaz\u00f4nia, promovido pelo Sindhobar, que tem como estrela o pirarucu selvagem<\/p>\n","protected":false},"author":54,"featured_media":4972,"comment_status":"open","ping_status":"open","sticky":false,"template":"","format":"standard","meta":{"footnotes":""},"categories":[201],"tags":[],"class_list":["post-4971","post","type-post","status-publish","format-standard","has-post-thumbnail","hentry","category-festival"],"_links":{"self":[{"href":"https:\/\/blogs.correiobraziliense.com.br\/lianasabo\/wp-json\/wp\/v2\/posts\/4971","targetHints":{"allow":["GET"]}}],"collection":[{"href":"https:\/\/blogs.correiobraziliense.com.br\/lianasabo\/wp-json\/wp\/v2\/posts"}],"about":[{"href":"https:\/\/blogs.correiobraziliense.com.br\/lianasabo\/wp-json\/wp\/v2\/types\/post"}],"author":[{"embeddable":true,"href":"https:\/\/blogs.correiobraziliense.com.br\/lianasabo\/wp-json\/wp\/v2\/users\/54"}],"replies":[{"embeddable":true,"href":"https:\/\/blogs.correiobraziliense.com.br\/lianasabo\/wp-json\/wp\/v2\/comments?post=4971"}],"version-history":[{"count":1,"href":"https:\/\/blogs.correiobraziliense.com.br\/lianasabo\/wp-json\/wp\/v2\/posts\/4971\/revisions"}],"predecessor-version":[{"id":4973,"href":"https:\/\/blogs.correiobraziliense.com.br\/lianasabo\/wp-json\/wp\/v2\/posts\/4971\/revisions\/4973"}],"wp:featuredmedia":[{"embeddable":true,"href":"https:\/\/blogs.correiobraziliense.com.br\/lianasabo\/wp-json\/wp\/v2\/media\/4972"}],"wp:attachment":[{"href":"https:\/\/blogs.correiobraziliense.com.br\/lianasabo\/wp-json\/wp\/v2\/media?parent=4971"}],"wp:term":[{"taxonomy":"category","embeddable":true,"href":"https:\/\/blogs.correiobraziliense.com.br\/lianasabo\/wp-json\/wp\/v2\/categories?post=4971"},{"taxonomy":"post_tag","embeddable":true,"href":"https:\/\/blogs.correiobraziliense.com.br\/lianasabo\/wp-json\/wp\/v2\/tags?post=4971"}],"curies":[{"name":"wp","href":"https:\/\/api.w.org\/{rel}","templated":true}]}}