{"id":4949,"date":"2021-09-20T11:58:22","date_gmt":"2021-09-20T14:58:22","guid":{"rendered":"https:\/\/blogs.correiobraziliense.com.br\/lianasabo\/?p=4949"},"modified":"2021-09-20T11:58:22","modified_gmt":"2021-09-20T14:58:22","slug":"aprenda-a-fazer-churrasco-como-fazem-os-gauchos","status":"publish","type":"post","link":"https:\/\/blogs.correiobraziliense.com.br\/lianasabo\/aprenda-a-fazer-churrasco-como-fazem-os-gauchos\/","title":{"rendered":"Aprenda a fazer churrasco como fazem os ga\u00fachos"},"content":{"rendered":"<h3>Assador da rede Fogo de Ch\u00e3o ensina os truques de um bom churrasco: do tempero \u00e0 chegada \u00e0 mesa<\/h3>\n<p>O dia 20 de setembro, anivers\u00e1rio da Revolu\u00e7\u00e3o Farroupilha tamb\u00e9m chamada Guerra dos Farrapos (1835-1845), se tornou a data mais sagrada para o ga\u00facho, que comemora com o qu\u00ea? Churrasco, \u00e9 claro! Um bom churrasco, por\u00e9m, depende de algumas t\u00e9cnicas que s\u00f3 os ga\u00fachos conhecem. Ser\u00e1?<\/p>\n<p>Se voc\u00ea quiser saber, acompanhe agora as dicas de C\u00e1ssio Silva, um ga\u00facho que fez carreira na churrascaria Fogo de Ch\u00e3o, em Bras\u00edlia, at\u00e9 galgar o mais alto posto da marca: Gerente de opera\u00e7\u00f5es da Fogo de Ch\u00e3o Brasil. Fundada no Rio Grande do Sul em 1979, est\u00e1 presente em 57 localidades no pa\u00eds, Estados Unidos, M\u00e9xico e Oriente M\u00e9dio.<\/p>\n<p>Segundo C\u00e1ssio, uma brasa ideal demora entre 30 a 45 minutos para ficar pronta. \u201cAl\u00e9m disso, voc\u00ea precisa de uma lenha forte, sem umidade, ou carv\u00e3o de qualidade, tamb\u00e9m seco, pois assim a brasa fica viva por mais tempo\u201d, ensina. Escolha cortes mais gordos, como picanha, maminha, costela, bife de chorizo e bife ancho. Mas, aten\u00e7\u00e3o, durante o preparo<br \/>\ntome cuidado para que a gordura n\u00e3o pingue muito na brasa.<\/p>\n<h2><strong>Perto ou longe do fogo<\/strong><\/h2>\n<figure id=\"attachment_4950\" aria-describedby=\"caption-attachment-4950\" style=\"width: 1200px\" class=\"wp-caption aligncenter\"><a href=\"https:\/\/blogs.correiobraziliense.com.br\/lianasabo\/wp-content\/uploads\/sites\/25\/2021\/09\/fogo_de_chao2.jpg\"><img loading=\"lazy\" decoding=\"async\" class=\"size-full wp-image-4950\" src=\"https:\/\/blogs.correiobraziliense.com.br\/lianasabo\/wp-content\/uploads\/sites\/25\/2021\/09\/fogo_de_chao2.jpg\" alt=\"\" width=\"1200\" height=\"650\" srcset=\"https:\/\/blogs.correiobraziliense.com.br\/lianasabo\/wp-content\/uploads\/sites\/25\/2021\/09\/fogo_de_chao2.jpg 1200w, https:\/\/blogs.correiobraziliense.com.br\/lianasabo\/wp-content\/uploads\/sites\/25\/2021\/09\/fogo_de_chao2-300x163.jpg 300w, https:\/\/blogs.correiobraziliense.com.br\/lianasabo\/wp-content\/uploads\/sites\/25\/2021\/09\/fogo_de_chao2-768x416.jpg 768w, https:\/\/blogs.correiobraziliense.com.br\/lianasabo\/wp-content\/uploads\/sites\/25\/2021\/09\/fogo_de_chao2-1024x555.jpg 1024w, https:\/\/blogs.correiobraziliense.com.br\/lianasabo\/wp-content\/uploads\/sites\/25\/2021\/09\/fogo_de_chao2-800x433.jpg 800w, https:\/\/blogs.correiobraziliense.com.br\/lianasabo\/wp-content\/uploads\/sites\/25\/2021\/09\/fogo_de_chao2-550x298.jpg 550w, https:\/\/blogs.correiobraziliense.com.br\/lianasabo\/wp-content\/uploads\/sites\/25\/2021\/09\/fogo_de_chao2-230x125.jpg 230w\" sizes=\"auto, (max-width: 1200px) 100vw, 1200px\" \/><\/a><figcaption id=\"caption-attachment-4950\" class=\"wp-caption-text\">Foto: Ana Rayssa\/Esp. CB\/D.A. Press<\/figcaption><\/figure>\n<p>Cada carne necessita de uma dist\u00e2ncia e temperatura ideal para assar no tempo certo. \u201cA costela, por exemplo, pode chegar a mais de 6 horas e deve ficar mais distante da labareda para ir assando aos poucos. J\u00e1 a fraldinha, chorizo e ancho podem ser assados mais perto do fogo, enquanto a picanha precisa manter dist\u00e2ncia do calor por ter muita gordura e<br \/>\nse respingar demais na brasa pode provocar chamas\u201d, afirma o assador.<\/p>\n<p>O \u00fanico tempero que o ga\u00facho usa \u00e9 o sal grosso sobre as carnes cruas, como a bovina. \u201cA carne de porco exige outro tempero, como lim\u00e3o, vinho e pimenta. J\u00e1 a de cordeiro pode ser temperada com vinho e pimenta, mas o mais tradicional \u00e9 a hortel\u00e3 \u201c, diz C\u00e1ssio. Eu gosto de degustar com geleia de menta, harmonizada com um bom tinto.<\/p>\n<p>Na rede Fogo de Ch\u00e3o, h\u00e1 uma enorme variedade de cortes e farta mesa de salada, al\u00e9m de sobremesas. A casa trabalha com rod\u00edzio completo e outras modalidades, como Fogo Gourmet e ainda o Bar Fogo, ideal para o happy hour. Mais informa\u00e7\u00f5es no site <em>www.fogodechao.com.br<\/em><\/p>\n","protected":false},"excerpt":{"rendered":"<p>Assador da rede Fogo de Ch\u00e3o ensina os truques de um bom churrasco: do tempero \u00e0 chegada \u00e0 mesa<\/p>\n","protected":false},"author":54,"featured_media":4951,"comment_status":"open","ping_status":"open","sticky":false,"template":"","format":"standard","meta":{"footnotes":""},"categories":[231],"tags":[232,86],"class_list":["post-4949","post","type-post","status-publish","format-standard","has-post-thumbnail","hentry","category-churrascaria","tag-curso","tag-fogo-de-chao"],"_links":{"self":[{"href":"https:\/\/blogs.correiobraziliense.com.br\/lianasabo\/wp-json\/wp\/v2\/posts\/4949","targetHints":{"allow":["GET"]}}],"collection":[{"href":"https:\/\/blogs.correiobraziliense.com.br\/lianasabo\/wp-json\/wp\/v2\/posts"}],"about":[{"href":"https:\/\/blogs.correiobraziliense.com.br\/lianasabo\/wp-json\/wp\/v2\/types\/post"}],"author":[{"embeddable":true,"href":"https:\/\/blogs.correiobraziliense.com.br\/lianasabo\/wp-json\/wp\/v2\/users\/54"}],"replies":[{"embeddable":true,"href":"https:\/\/blogs.correiobraziliense.com.br\/lianasabo\/wp-json\/wp\/v2\/comments?post=4949"}],"version-history":[{"count":1,"href":"https:\/\/blogs.correiobraziliense.com.br\/lianasabo\/wp-json\/wp\/v2\/posts\/4949\/revisions"}],"predecessor-version":[{"id":4952,"href":"https:\/\/blogs.correiobraziliense.com.br\/lianasabo\/wp-json\/wp\/v2\/posts\/4949\/revisions\/4952"}],"wp:featuredmedia":[{"embeddable":true,"href":"https:\/\/blogs.correiobraziliense.com.br\/lianasabo\/wp-json\/wp\/v2\/media\/4951"}],"wp:attachment":[{"href":"https:\/\/blogs.correiobraziliense.com.br\/lianasabo\/wp-json\/wp\/v2\/media?parent=4949"}],"wp:term":[{"taxonomy":"category","embeddable":true,"href":"https:\/\/blogs.correiobraziliense.com.br\/lianasabo\/wp-json\/wp\/v2\/categories?post=4949"},{"taxonomy":"post_tag","embeddable":true,"href":"https:\/\/blogs.correiobraziliense.com.br\/lianasabo\/wp-json\/wp\/v2\/tags?post=4949"}],"curies":[{"name":"wp","href":"https:\/\/api.w.org\/{rel}","templated":true}]}}