{"id":4930,"date":"2021-09-13T07:35:12","date_gmt":"2021-09-13T10:35:12","guid":{"rendered":"https:\/\/blogs.correiobraziliense.com.br\/lianasabo\/?p=4930"},"modified":"2021-09-13T07:35:12","modified_gmt":"2021-09-13T10:35:12","slug":"amantes-do-vinho-poderao-saber-mais-no-curso-da-abs-df","status":"publish","type":"post","link":"https:\/\/blogs.correiobraziliense.com.br\/lianasabo\/amantes-do-vinho-poderao-saber-mais-no-curso-da-abs-df\/","title":{"rendered":"Amantes do vinho poder\u00e3o saber mais no curso da ABS-DF"},"content":{"rendered":"<h3>ABS-DF abre novo ciclo de aulas para quem quer se formar sommelier. Aulas incluem orienta\u00e7\u00f5es de profissionais experientes e degusta\u00e7\u00f5es dos r\u00f3tulos<\/h3>\n<p>A nova dire\u00e7\u00e3o da Associa\u00e7\u00e3o Brasileira de Sommelier (ABS-DF) montou uma grade de cursos destinada tanto \u00e0 forma\u00e7\u00e3o de profissionais que queiram praticar o of\u00edcio como a admiradores da boa bebida, que queiram se informar mais sobre os encantos do vinho. Os cursos d\u00e3o direito a certificados com chancela da Association de La Sommellerie Internationale<br \/>\n-ASI, com sede em Paris.<\/p>\n<p>Come\u00e7a quarta-feira, 15 de setembro, o curso b\u00e1sico de N\u00edvel 1, que ser\u00e1 composto de cinco aulas, sempre \u00e0s quartas, das 19h \u00e0s 21h30, pela plataforma Zoom. Ao contratar o curso, o aluno receber\u00e1 cinco vinhos que ser\u00e3o degustados ao final de cada aula com orienta\u00e7\u00f5es do professor. Existem dois pre\u00e7os para o curso b\u00e1sico. \u00c0 vista sai por R$ 644 para s\u00f3cios da ABS-DF e R$ 715 para n\u00e3o associados. J\u00e1 no cart\u00e3o, os valores s\u00e3o R$ 715 e R$ 786.<\/p>\n<p>A entidade, que est\u00e1 aberta para receber mais s\u00f3cios, promover\u00e1 em outubro, dia 18, a primeira aula do Curso Sommelier Profissional de Vinhos, que faz parte do m\u00f3dulo de 10 com foco em muitos aspectos: hist\u00f3ria do vinho; t\u00e9cnicas de degusta\u00e7\u00e3o; vitivinicultura, vinifica\u00e7\u00e3o e amadurecimento de vinhos. As aulas ser\u00e3o realizadas de modo h\u00edbrido: on-line, ao vivo e com degusta\u00e7\u00f5es presenciais. \u00c0 vista sai por R$ 1.074 para s\u00f3cios e R$ 1.191 para n\u00e3o s\u00f3cios.<\/p>\n<p>No cart\u00e3o, o aluno pagar\u00e1 R$ 1.191 se for associado e R$ 1.310, se n\u00e3o for. Veja o site: www.absdf.com.br ou WhatsApp: 99176-7259.<\/p>\n","protected":false},"excerpt":{"rendered":"<p>ABS abre novo ciclo de aulas para quem quer se formar sommelier. Aulas incluem orienta\u00e7\u00f5es de profissionais experientes e degusta\u00e7\u00f5es dos r\u00f3tulos<\/p>\n","protected":false},"author":54,"featured_media":4931,"comment_status":"open","ping_status":"open","sticky":false,"template":"","format":"standard","meta":{"footnotes":""},"categories":[222],"tags":[223],"class_list":["post-4930","post","type-post","status-publish","format-standard","has-post-thumbnail","hentry","category-vinhos","tag-abs-df"],"_links":{"self":[{"href":"https:\/\/blogs.correiobraziliense.com.br\/lianasabo\/wp-json\/wp\/v2\/posts\/4930","targetHints":{"allow":["GET"]}}],"collection":[{"href":"https:\/\/blogs.correiobraziliense.com.br\/lianasabo\/wp-json\/wp\/v2\/posts"}],"about":[{"href":"https:\/\/blogs.correiobraziliense.com.br\/lianasabo\/wp-json\/wp\/v2\/types\/post"}],"author":[{"embeddable":true,"href":"https:\/\/blogs.correiobraziliense.com.br\/lianasabo\/wp-json\/wp\/v2\/users\/54"}],"replies":[{"embeddable":true,"href":"https:\/\/blogs.correiobraziliense.com.br\/lianasabo\/wp-json\/wp\/v2\/comments?post=4930"}],"version-history":[{"count":1,"href":"https:\/\/blogs.correiobraziliense.com.br\/lianasabo\/wp-json\/wp\/v2\/posts\/4930\/revisions"}],"predecessor-version":[{"id":4932,"href":"https:\/\/blogs.correiobraziliense.com.br\/lianasabo\/wp-json\/wp\/v2\/posts\/4930\/revisions\/4932"}],"wp:featuredmedia":[{"embeddable":true,"href":"https:\/\/blogs.correiobraziliense.com.br\/lianasabo\/wp-json\/wp\/v2\/media\/4931"}],"wp:attachment":[{"href":"https:\/\/blogs.correiobraziliense.com.br\/lianasabo\/wp-json\/wp\/v2\/media?parent=4930"}],"wp:term":[{"taxonomy":"category","embeddable":true,"href":"https:\/\/blogs.correiobraziliense.com.br\/lianasabo\/wp-json\/wp\/v2\/categories?post=4930"},{"taxonomy":"post_tag","embeddable":true,"href":"https:\/\/blogs.correiobraziliense.com.br\/lianasabo\/wp-json\/wp\/v2\/tags?post=4930"}],"curies":[{"name":"wp","href":"https:\/\/api.w.org\/{rel}","templated":true}]}}