{"id":490,"date":"2016-09-16T08:40:00","date_gmt":"2016-09-16T11:40:00","guid":{"rendered":"https:\/\/blogs.correiobraziliense.com.br\/lianasabo\/?p=490"},"modified":"2016-09-15T21:42:47","modified_gmt":"2016-09-16T00:42:47","slug":"festival-de-cervejas-artesanais-sera-realizado-em-aguas-claras","status":"publish","type":"post","link":"https:\/\/blogs.correiobraziliense.com.br\/lianasabo\/festival-de-cervejas-artesanais-sera-realizado-em-aguas-claras\/","title":{"rendered":"Festival de cervejas artesanais ser\u00e1 realizado em \u00c1guas Claras"},"content":{"rendered":"<p>Pipocam, na cidade, eventos voltados aos admiradores de cervejas especiais. Neste s\u00e1bado (16\/9), ainda que em edi\u00e7\u00e3o reduzida (com capacidade para receber at\u00e9 100 pessoas), a Brookfield Incorpora\u00e7\u00f5es sela parceria com o Casa Bier e engrossa a cada vez mais extensa lista. Est\u00e1 marcado para as 10h o in\u00edcio do festival Cervejas do Cerrado, que deve durar at\u00e9 as 16h no estande de vendas da incorporadora em \u00c1guas Claras (na Avenida Arauc\u00e1rias, esquina com a Rua 36 Sul).<\/p>\n<p>\u201cSer\u00e3o apenas dois expositores: a brasiliense Microcervejaria X e a goiana Colombina\u201d, adianta Tarso Frota, que responde pela organiza\u00e7\u00e3o. A entrada \u00e9 franca e as 30 primeiras pessoas ganham um voucher no valor de R$ 35 para usar em um aplicativo m\u00f3vel de transporte.<\/p>\n<p>Diferentemente das brejas produzidas em larga escala, as cervejas expostas ser\u00e3o extra\u00eddas como chope, uma forma de manter o frescor e, principalmente, o aroma das cervejas do estilo trippel, ale, lager, weiss (ou de trigo) e IPA. \u00c9 necess\u00e1rio confirma\u00e7\u00e3o de presen\u00e7a no telefone 3381-5524 at\u00e9 as 17h de hoje. (<b>Rebeca Oliveira<\/b>)<\/p>\n","protected":false},"excerpt":{"rendered":"<p>Pipocam, na cidade, eventos voltados aos admiradores de cervejas especiais. Neste s\u00e1bado (16\/9), ainda que em edi\u00e7\u00e3o reduzida (com capacidade para receber at\u00e9 100 pessoas), a Brookfield Incorpora\u00e7\u00f5es sela parceria com o Casa Bier e engrossa a cada vez mais extensa lista. Est\u00e1 marcado para as 10h o in\u00edcio do festival Cervejas do Cerrado, que deve durar at\u00e9 as 16h [&hellip;]<\/p>\n","protected":false},"author":54,"featured_media":492,"comment_status":"open","ping_status":"open","sticky":false,"template":"","format":"standard","meta":{"footnotes":""},"categories":[1],"tags":[],"class_list":["post-490","post","type-post","status-publish","format-standard","has-post-thumbnail","hentry","category-sem-categoria"],"_links":{"self":[{"href":"https:\/\/blogs.correiobraziliense.com.br\/lianasabo\/wp-json\/wp\/v2\/posts\/490","targetHints":{"allow":["GET"]}}],"collection":[{"href":"https:\/\/blogs.correiobraziliense.com.br\/lianasabo\/wp-json\/wp\/v2\/posts"}],"about":[{"href":"https:\/\/blogs.correiobraziliense.com.br\/lianasabo\/wp-json\/wp\/v2\/types\/post"}],"author":[{"embeddable":true,"href":"https:\/\/blogs.correiobraziliense.com.br\/lianasabo\/wp-json\/wp\/v2\/users\/54"}],"replies":[{"embeddable":true,"href":"https:\/\/blogs.correiobraziliense.com.br\/lianasabo\/wp-json\/wp\/v2\/comments?post=490"}],"version-history":[{"count":1,"href":"https:\/\/blogs.correiobraziliense.com.br\/lianasabo\/wp-json\/wp\/v2\/posts\/490\/revisions"}],"predecessor-version":[{"id":491,"href":"https:\/\/blogs.correiobraziliense.com.br\/lianasabo\/wp-json\/wp\/v2\/posts\/490\/revisions\/491"}],"wp:featuredmedia":[{"embeddable":true,"href":"https:\/\/blogs.correiobraziliense.com.br\/lianasabo\/wp-json\/wp\/v2\/media\/492"}],"wp:attachment":[{"href":"https:\/\/blogs.correiobraziliense.com.br\/lianasabo\/wp-json\/wp\/v2\/media?parent=490"}],"wp:term":[{"taxonomy":"category","embeddable":true,"href":"https:\/\/blogs.correiobraziliense.com.br\/lianasabo\/wp-json\/wp\/v2\/categories?post=490"},{"taxonomy":"post_tag","embeddable":true,"href":"https:\/\/blogs.correiobraziliense.com.br\/lianasabo\/wp-json\/wp\/v2\/tags?post=490"}],"curies":[{"name":"wp","href":"https:\/\/api.w.org\/{rel}","templated":true}]}}