{"id":4818,"date":"2021-07-30T05:57:01","date_gmt":"2021-07-30T08:57:01","guid":{"rendered":"https:\/\/blogs.correiobraziliense.com.br\/lianasabo\/?p=4818"},"modified":"2021-07-29T19:05:43","modified_gmt":"2021-07-29T22:05:43","slug":"kali-o-matinal-que-faltava","status":"publish","type":"post","link":"https:\/\/blogs.correiobraziliense.com.br\/lianasabo\/kali-o-matinal-que-faltava\/","title":{"rendered":"Kali, o matinal que faltava"},"content":{"rendered":"<h3>Kali come\u00e7a o dia com v\u00e1rias op\u00e7\u00f5es de caf\u00e9 da manh\u00e3, servindo desde cookies americanos a tapiocas brasileir\u00edssimas, e vai at\u00e9 o almo\u00e7o<\/h3>\n<p>Uma das divindades do hindu\u00edsmo que simboliza a m\u00e3e natureza e \u00e9 representada com os cabelos revoltos, Kali \u00e9 o nome que a chef Luiza Bueno, de 32 anos, escolheu para batizar o mix de restaurante e caf\u00e9 na 104 Sul, onde estreia como dona do peda\u00e7o. Formada em gastronomia pelo Iesb, h\u00e1 menos de tr\u00eas anos, a chef brasiliense trabalhou no MaxFoods Market, no qual cuidava da cozinha, \u201ccomo se fosse meu pr\u00f3prio neg\u00f3cio\u201d.<\/p>\n<p>L\u00e1, ela recolheu ideias e inspira\u00e7\u00e3o para o card\u00e1pio que elaborou sozinha e cont\u00e9m um diferencial: o brunch, refei\u00e7\u00e3o que sintetiza o caf\u00e9 da manh\u00e3 (breakfast) com o almo\u00e7o (lunch). \u201cEu vi que estava faltando um brunch no circuito gastron\u00f4mico da cidade a\u00ed me empolguei em oferec\u00ea-lo porque estava \u00e0 procura de algo diferente\u201d, confessou.<\/p>\n<p>O servi\u00e7o come\u00e7a \u00e0s 8h com o card\u00e1pio praticamente completo. S\u00e3o muitas as op\u00e7\u00f5es para voc\u00ea tomar o desjejum servido sem interrup\u00e7\u00e3o. Cada sugest\u00e3o tem seu pre\u00e7o, permitindo reunir \u00e0 mesa as iguarias que quiser. Como os itens tradicionais p\u00e3o de queijo com requeij\u00e3o (R$ 3,90); toast na chapa com requeij\u00e3o (R$ 6,90 duas unidades); tapioca de peito de peru com ricota cremosa (R$ 16,90); de frango e trio de p\u00e3es de queijo com pernil, peito de peru e salm\u00e3o (ambos por R$ 17,90 cada).<\/p>\n<p>Ainda na linha do caf\u00e9 da manh\u00e3 e brunch h\u00e1 quatro itens \u201cnem t\u00e3o tradicionais\u201d, segundo a casa: toast de figos com sour cream e mel (R$ 16,90); waffles de p\u00e3o de queijo com pernil e ricota (R$ 18,90); croissant com ovos cremosos, bacon e abacate e toast de ovos beneditinos com pernil e r\u00facula (ambos por R$ 19,90 cada).<\/p>\n<p>Luiza e a equipe est\u00e3o prontas para sugerir alguma combina\u00e7\u00e3o, como brownie com creme (R$ 9,90), bolo de cenoura com ganache de chocolate (R$ 9,90) ou doce de leite com frutas, creme e flor de sal (R$ 15,90) acompanhada de bebidas quente, como caf\u00e9 e chocolate, ou gelada, como o delicioso caf\u00e9 com laranja e chocolate por R$ 13,90.<\/p>\n<h2>Sanduba e grelhados<\/h2>\n<div id='gallery-1' class='gallery galleryid-4818 gallery-columns-3 gallery-size-thumbnail'><figure class='gallery-item'>\n\t\t\t<div class='gallery-icon landscape'>\n\t\t\t\t<a href='https:\/\/blogs.correiobraziliense.com.br\/lianasabo\/kali-o-matinal-que-faltava\/kalil_cafe-com-avela-e-american-cookies\/'><img loading=\"lazy\" decoding=\"async\" width=\"150\" height=\"150\" src=\"https:\/\/blogs.correiobraziliense.com.br\/lianasabo\/wp-content\/uploads\/sites\/25\/2021\/07\/kalil_cafe-com-avela-e-american-cookies-150x150.jpg\" class=\"attachment-thumbnail size-thumbnail\" alt=\"\" aria-describedby=\"gallery-1-4822\" \/><\/a>\n\t\t\t<\/div>\n\t\t\t\t<figcaption class='wp-caption-text gallery-caption' id='gallery-1-4822'>\n\t\t\t\tCaf\u00e9 com avel\u00e3 e american cookies\n\t\t\t\t<\/figcaption><\/figure><figure class='gallery-item'>\n\t\t\t<div class='gallery-icon landscape'>\n\t\t\t\t<a href='https:\/\/blogs.correiobraziliense.com.br\/lianasabo\/kali-o-matinal-que-faltava\/kalil_waffle-de-pao-de-queijo-com-pernil-sous-vide\/'><img loading=\"lazy\" decoding=\"async\" width=\"150\" height=\"150\" src=\"https:\/\/blogs.correiobraziliense.com.br\/lianasabo\/wp-content\/uploads\/sites\/25\/2021\/07\/kalil_waffle-de-pao-de-queijo-com-pernil-sous-vide-150x150.jpg\" class=\"attachment-thumbnail size-thumbnail\" alt=\"\" aria-describedby=\"gallery-1-4819\" \/><\/a>\n\t\t\t<\/div>\n\t\t\t\t<figcaption class='wp-caption-text gallery-caption' id='gallery-1-4819'>\n\t\t\t\tWaffle de p\u00e3o de queijo com pernil sous vide\n\t\t\t\t<\/figcaption><\/figure><figure class='gallery-item'>\n\t\t\t<div class='gallery-icon landscape'>\n\t\t\t\t<a href='https:\/\/blogs.correiobraziliense.com.br\/lianasabo\/kali-o-matinal-que-faltava\/kalil_toast-de-figos-com-sour-cream-e-mel\/'><img loading=\"lazy\" decoding=\"async\" width=\"150\" height=\"150\" src=\"https:\/\/blogs.correiobraziliense.com.br\/lianasabo\/wp-content\/uploads\/sites\/25\/2021\/07\/kalil_toast-de-figos-com-sour-cream-e-mel-150x150.jpg\" class=\"attachment-thumbnail size-thumbnail\" alt=\"\" aria-describedby=\"gallery-1-4820\" \/><\/a>\n\t\t\t<\/div>\n\t\t\t\t<figcaption class='wp-caption-text gallery-caption' id='gallery-1-4820'>\n\t\t\t\tToast de figos com sour cream e mel\n\t\t\t\t<\/figcaption><\/figure><figure class='gallery-item'>\n\t\t\t<div class='gallery-icon landscape'>\n\t\t\t\t<a href='https:\/\/blogs.correiobraziliense.com.br\/lianasabo\/kali-o-matinal-que-faltava\/kalil_pao-de-queijo\/'><img loading=\"lazy\" decoding=\"async\" width=\"150\" height=\"150\" src=\"https:\/\/blogs.correiobraziliense.com.br\/lianasabo\/wp-content\/uploads\/sites\/25\/2021\/07\/kalil_pao-de-queijo-150x150.jpg\" class=\"attachment-thumbnail size-thumbnail\" alt=\"\" aria-describedby=\"gallery-1-4821\" \/><\/a>\n\t\t\t<\/div>\n\t\t\t\t<figcaption class='wp-caption-text gallery-caption' id='gallery-1-4821'>\n\t\t\t\tP\u00e3o de queijo\n\t\t\t\t<\/figcaption><\/figure><figure class='gallery-item'>\n\t\t\t<div class='gallery-icon landscape'>\n\t\t\t\t<a href='https:\/\/blogs.correiobraziliense.com.br\/lianasabo\/kali-o-matinal-que-faltava\/kalil_salada-com-atum-em-crosta-de-wasabi-e-ervilha\/'><img loading=\"lazy\" decoding=\"async\" width=\"150\" height=\"150\" src=\"https:\/\/blogs.correiobraziliense.com.br\/lianasabo\/wp-content\/uploads\/sites\/25\/2021\/07\/kalil_salada-com-atum-em-crosta-de-wasabi-e-ervilha-150x150.jpg\" class=\"attachment-thumbnail size-thumbnail\" alt=\"\" aria-describedby=\"gallery-1-4823\" \/><\/a>\n\t\t\t<\/div>\n\t\t\t\t<figcaption class='wp-caption-text gallery-caption' id='gallery-1-4823'>\n\t\t\t\tSalada com atum em crosta de wasabi e ervilha\n\t\t\t\t<\/figcaption><\/figure><figure class='gallery-item'>\n\t\t\t<div class='gallery-icon landscape'>\n\t\t\t\t<a href='https:\/\/blogs.correiobraziliense.com.br\/lianasabo\/kali-o-matinal-que-faltava\/kalil_salada-com-pernil\/'><img loading=\"lazy\" decoding=\"async\" width=\"150\" height=\"150\" src=\"https:\/\/blogs.correiobraziliense.com.br\/lianasabo\/wp-content\/uploads\/sites\/25\/2021\/07\/kalil_salada-com-pernil-150x150.jpg\" class=\"attachment-thumbnail size-thumbnail\" alt=\"\" aria-describedby=\"gallery-1-4824\" \/><\/a>\n\t\t\t<\/div>\n\t\t\t\t<figcaption class='wp-caption-text gallery-caption' id='gallery-1-4824'>\n\t\t\t\tSalada com pernil\n\t\t\t\t<\/figcaption><\/figure>\n\t\t<\/div>\n\n<p>Se voc\u00ea n\u00e3o quiser montar seu prato pesquisando os itens do menu, pode pedir, al\u00e9m de saladas, o PF que vem pronto e \u00e9 igualmente gourmet, como sandu\u00edches de salm\u00e3o em croissant com abacate, picles de cebola roxa e ovo poch\u00ea (R$ 29,90); de atum selado no waffle de p\u00e3o de queijo, ervilha, wasabi, abacate, milho e cenoura (R$ 32,90) e at\u00e9 de lagostim no p\u00e3o caseiro da Nai (a colega Naiane que Luiza conheceu no Max food) com camar\u00e3o, kani, ovos, cenoura, alface e sour cream. Podem vir regados com molhos (inclusive veganos) a escolher: mostarda, mel e alcaparras; aioli de ervas; p\u00e1prica, mostarda e lim\u00e3o; guacamole; teriyaki e outros.<\/p>\n<p>J\u00e1 os grelhados podem vir com at\u00e9 tr\u00eas acompanhamentos (espaguete de legumes, banana na chapa, cuscuz e arroz, entre outros) a partir do peito de frango e de cogumelos (ambos por 27,90 cada); pernil feito a v\u00e1cuo no sous vide (R$ 33,90) e lagostim com camar\u00e3o (R$ 42,90). Tem bebida, sim, como espumante em ta\u00e7a com amora (R$ 12,90) e gim t\u00f4nica com alecrim e pepino (R$ 25,90). Com 30 lugares em mesinhas colocadas na parte externa (dentro s\u00f3 a cozinha e sanit\u00e1rios), Kali ocupa a\u00a0loja 1 do Bloco B e funciona de segunda a s\u00e1bado, das 8h \u00e0s 22h, e domingo, das 9h \u00e0s 15h . Telefone: 98343-2665.<\/p>\n","protected":false},"excerpt":{"rendered":"<p>Kali come\u00e7a o dia com v\u00e1rias op\u00e7\u00f5es de caf\u00e9 da manh\u00e3, servindo desde cookies americanos a tapiocas brasileir\u00edssimas, e vai at\u00e9 o almo\u00e7o<\/p>\n","protected":false},"author":57,"featured_media":4822,"comment_status":"open","ping_status":"open","sticky":false,"template":"","format":"standard","meta":{"footnotes":""},"categories":[196],"tags":[17,197],"class_list":["post-4818","post","type-post","status-publish","format-standard","has-post-thumbnail","hentry","category-cafe-da-manha","tag-asa-sul","tag-kali"],"_links":{"self":[{"href":"https:\/\/blogs.correiobraziliense.com.br\/lianasabo\/wp-json\/wp\/v2\/posts\/4818","targetHints":{"allow":["GET"]}}],"collection":[{"href":"https:\/\/blogs.correiobraziliense.com.br\/lianasabo\/wp-json\/wp\/v2\/posts"}],"about":[{"href":"https:\/\/blogs.correiobraziliense.com.br\/lianasabo\/wp-json\/wp\/v2\/types\/post"}],"author":[{"embeddable":true,"href":"https:\/\/blogs.correiobraziliense.com.br\/lianasabo\/wp-json\/wp\/v2\/users\/57"}],"replies":[{"embeddable":true,"href":"https:\/\/blogs.correiobraziliense.com.br\/lianasabo\/wp-json\/wp\/v2\/comments?post=4818"}],"version-history":[{"count":1,"href":"https:\/\/blogs.correiobraziliense.com.br\/lianasabo\/wp-json\/wp\/v2\/posts\/4818\/revisions"}],"predecessor-version":[{"id":4825,"href":"https:\/\/blogs.correiobraziliense.com.br\/lianasabo\/wp-json\/wp\/v2\/posts\/4818\/revisions\/4825"}],"wp:featuredmedia":[{"embeddable":true,"href":"https:\/\/blogs.correiobraziliense.com.br\/lianasabo\/wp-json\/wp\/v2\/media\/4822"}],"wp:attachment":[{"href":"https:\/\/blogs.correiobraziliense.com.br\/lianasabo\/wp-json\/wp\/v2\/media?parent=4818"}],"wp:term":[{"taxonomy":"category","embeddable":true,"href":"https:\/\/blogs.correiobraziliense.com.br\/lianasabo\/wp-json\/wp\/v2\/categories?post=4818"},{"taxonomy":"post_tag","embeddable":true,"href":"https:\/\/blogs.correiobraziliense.com.br\/lianasabo\/wp-json\/wp\/v2\/tags?post=4818"}],"curies":[{"name":"wp","href":"https:\/\/api.w.org\/{rel}","templated":true}]}}