{"id":4762,"date":"2021-07-09T06:05:15","date_gmt":"2021-07-09T09:05:15","guid":{"rendered":"https:\/\/blogs.correiobraziliense.com.br\/lianasabo\/?p=4762"},"modified":"2021-07-08T19:13:28","modified_gmt":"2021-07-08T22:13:28","slug":"vila-cinco-e-luca-movimentam-o-mercado-de-congelados-gourmets","status":"publish","type":"post","link":"https:\/\/blogs.correiobraziliense.com.br\/lianasabo\/vila-cinco-e-luca-movimentam-o-mercado-de-congelados-gourmets\/","title":{"rendered":"Vila Cinco e Luca movimentam o mercado de congelados gourmets"},"content":{"rendered":"<h3>Comida congelada pode ser a salva\u00e7\u00e3o em tempos de isolamento social. E ela pode ter tempero gostoso e pratos elaborados. Porque n\u00e3o?<\/h3>\n<p>Em tempos de pandemia \u00e9 vantagem receber pelo servi\u00e7o de delivery n\u00e3o apenas a refei\u00e7\u00e3o do dia, mas todo um pacote de pratos congelados, que at\u00e9 o fim de julho est\u00e3o com pre\u00e7os promocionais. Os pratos montados saem a R$ 15,90 e os de massa saem a R$ 19,90. Na compra de 10 unidades, os clientes recebem mais duas como cortesia. Onde pedir?<\/p>\n<p>No restaurante Vila Cinco, no qual os propriet\u00e1rios s\u00e3o quatro. Todos dispostos a atrair a clientela que ainda est\u00e1 em isolamento ou sem tempo para cozinhar. Os irm\u00e3os Pedro e Fabiano Bergamo mais Rubens Dutra e William Martins trouxeram para Bras\u00edlia a franquia pernambucana Mercado 153, instalada na parte externa do Bras\u00edlia Shopping. H\u00e1 quatro anos, por\u00e9m, decidiram criar no mesmo endere\u00e7o o pr\u00f3prio neg\u00f3cio. O foco foi despertar o paladar, olfato, vis\u00e3o, audi\u00e7\u00e3o e tato, da\u00ed a refer\u00eancia ao n\u00famero cinco do nome.<\/p>\n<p>\u201cA promo\u00e7\u00e3o permite ter a comida do restaurante todos os dias em casa, de forma pr\u00e1tica e r\u00e1pida\u201d, ressalta Pedro Bergamo. \u201cMais do que conveni\u00eancia, a inten\u00e7\u00e3o \u00e9 aliviar o bolso dos clientes com op\u00e7\u00f5es que j\u00e1 eram acess\u00edveis entre R$ 21,90 e R$ 25 e, neste m\u00eas de f\u00e9rias, ficaram ainda mais baratas entre R$ 15,90 e R$ 19,90\u201d, afirma o s\u00f3cio.<\/p>\n<p><strong>Prote\u00ednas variadas<\/strong><\/p>\n<figure id=\"attachment_4763\" aria-describedby=\"caption-attachment-4763\" style=\"width: 1200px\" class=\"wp-caption aligncenter\"><a href=\"https:\/\/blogs.correiobraziliense.com.br\/lianasabo\/wp-content\/uploads\/sites\/25\/2021\/07\/Picadinho-Vila-Cinco.jpg\"><img loading=\"lazy\" decoding=\"async\" class=\"size-full wp-image-4763\" src=\"https:\/\/blogs.correiobraziliense.com.br\/lianasabo\/wp-content\/uploads\/sites\/25\/2021\/07\/Picadinho-Vila-Cinco.jpg\" alt=\"\" width=\"1200\" height=\"650\" srcset=\"https:\/\/blogs.correiobraziliense.com.br\/lianasabo\/wp-content\/uploads\/sites\/25\/2021\/07\/Picadinho-Vila-Cinco.jpg 1200w, https:\/\/blogs.correiobraziliense.com.br\/lianasabo\/wp-content\/uploads\/sites\/25\/2021\/07\/Picadinho-Vila-Cinco-300x163.jpg 300w, https:\/\/blogs.correiobraziliense.com.br\/lianasabo\/wp-content\/uploads\/sites\/25\/2021\/07\/Picadinho-Vila-Cinco-768x416.jpg 768w, https:\/\/blogs.correiobraziliense.com.br\/lianasabo\/wp-content\/uploads\/sites\/25\/2021\/07\/Picadinho-Vila-Cinco-1024x555.jpg 1024w, https:\/\/blogs.correiobraziliense.com.br\/lianasabo\/wp-content\/uploads\/sites\/25\/2021\/07\/Picadinho-Vila-Cinco-800x433.jpg 800w, https:\/\/blogs.correiobraziliense.com.br\/lianasabo\/wp-content\/uploads\/sites\/25\/2021\/07\/Picadinho-Vila-Cinco-550x298.jpg 550w, https:\/\/blogs.correiobraziliense.com.br\/lianasabo\/wp-content\/uploads\/sites\/25\/2021\/07\/Picadinho-Vila-Cinco-230x125.jpg 230w\" sizes=\"auto, (max-width: 1200px) 100vw, 1200px\" \/><\/a><figcaption id=\"caption-attachment-4763\" class=\"wp-caption-text\">Picadinho de carne ao demi-glace com arroz de br\u00f3colis e farofa de bacon<\/figcaption><\/figure>\n<p>Em agosto, os congelados retornam para os pre\u00e7os normais. Os pratos contemplam todas as prote\u00ednas: carne, peixe, frango e at\u00e9 frutos do mar, como camar\u00e3o que vem com arroz cremoso e piment\u00f5es com um toque de molho pomodoro por R$ 24,90, mesmo pre\u00e7o do fil\u00e9 de til\u00e1pia grelhado e legumes. J\u00e1 na primeira faixa de pre\u00e7o, de R$ 21,90, que vigora m\u00eas que vem e agora est\u00e1 em R$ 15,90, ser\u00e1 poss\u00edvel pedir estrogonofe de frango com arroz integral e pur\u00ea de batata doce; picadinho de carne ao demi-glace com arroz de br\u00f3colis e farofa de bacon; parmeggiana de frango com molho pomodoro, mu\u00e7arela, arroz branco, ervilhas e arroz caipira com fil\u00e9 de peito de frango desfiado, linguicinha de frango e tomate cereja. Ainda tem mais duas op\u00e7\u00f5es inspiradas na culin\u00e1ria do Nordeste: bai\u00e3o de dois com carne de sol desfiada, feij\u00e3o fradinho, calabresa e cubos de queijo coalho e escondidinho de batata doce com carne de sol desfiada e parmes\u00e3o.<\/p>\n<p>Lasanha \u00e0 bolonhesa, quatro queijos e do Vila com massa fresca, shitake e champignons, alho-por\u00f3 ao molho parmes\u00e3o complementam o menu juntamente com o rondelli de queijo e presunto aos molhos pomodoro e branco. Al\u00e9m dos congelados, o card\u00e1pio conta com op\u00e7\u00f5es para almo\u00e7o, jantar, lanche e happy hour. Encomendas pelos telefones 3047-8680 e 99254-9677 (WhasApp), pelo Goomer (https:\/\/goomer.app\/vilacino), iFood e Rapi. Tamb\u00e9m \u00e9 poss\u00edvel retirar os pratos congelados nas unidades do Bras\u00edlia Shopping e da Capital Squash (SCES Trecho 3 Lote 3), no hor\u00e1rio das 11h \u00e0s 21h.<\/p>\n<h3>Sobremesas italianas tamb\u00e9m s\u00e3o op\u00e7\u00f5es congeladas<\/h3>\n<figure id=\"attachment_4764\" aria-describedby=\"caption-attachment-4764\" style=\"width: 1200px\" class=\"wp-caption aligncenter\"><a href=\"https:\/\/blogs.correiobraziliense.com.br\/lianasabo\/wp-content\/uploads\/sites\/25\/2021\/07\/Salame-de-chocolate-Luca.jpeg\"><img loading=\"lazy\" decoding=\"async\" class=\"size-full wp-image-4764\" src=\"https:\/\/blogs.correiobraziliense.com.br\/lianasabo\/wp-content\/uploads\/sites\/25\/2021\/07\/Salame-de-chocolate-Luca.jpeg\" alt=\"\" width=\"1200\" height=\"1049\" srcset=\"https:\/\/blogs.correiobraziliense.com.br\/lianasabo\/wp-content\/uploads\/sites\/25\/2021\/07\/Salame-de-chocolate-Luca.jpeg 1171w, https:\/\/blogs.correiobraziliense.com.br\/lianasabo\/wp-content\/uploads\/sites\/25\/2021\/07\/Salame-de-chocolate-Luca-300x262.jpeg 300w, https:\/\/blogs.correiobraziliense.com.br\/lianasabo\/wp-content\/uploads\/sites\/25\/2021\/07\/Salame-de-chocolate-Luca-768x671.jpeg 768w, https:\/\/blogs.correiobraziliense.com.br\/lianasabo\/wp-content\/uploads\/sites\/25\/2021\/07\/Salame-de-chocolate-Luca-1024x895.jpeg 1024w, https:\/\/blogs.correiobraziliense.com.br\/lianasabo\/wp-content\/uploads\/sites\/25\/2021\/07\/Salame-de-chocolate-Luca-800x699.jpeg 800w, https:\/\/blogs.correiobraziliense.com.br\/lianasabo\/wp-content\/uploads\/sites\/25\/2021\/07\/Salame-de-chocolate-Luca-550x481.jpeg 550w, https:\/\/blogs.correiobraziliense.com.br\/lianasabo\/wp-content\/uploads\/sites\/25\/2021\/07\/Salame-de-chocolate-Luca-230x201.jpeg 230w\" sizes=\"auto, (max-width: 1200px) 100vw, 1200px\" \/><\/a><figcaption id=\"caption-attachment-4764\" class=\"wp-caption-text\">Salame de chocolate<\/figcaption><\/figure>\n<p>Depois de desenvolver tr\u00eas deliciosos molhos artesanais sem gl\u00faten \u2013 dois pestos e uma caponata \u2013 <a href=\"https:\/\/blogs.correiobraziliense.com.br\/lianasabo\/siciliano-gianluca-scribano-e-nutricionista-aline-varela-apresentam-parceria-mediterranea\/\"><strong>o chef siciliano Gianluca Scribano<\/strong><\/a> ou simplesmente Luca investe no universo da do\u00e7ura e lan\u00e7a quatro sobremesas cl\u00e1ssicas italianas congeladas a zero grau. S\u00e3o elas: panna cotta, salame de chocolate, semifreddo e tiramis\u00f9.<\/p>\n<p>Do quarteto, a mais simples \u00e9 a panna cotta, cuja tradu\u00e7\u00e3o significa nata cozida. T\u00edpica do norte da It\u00e1lia, \u00e9 hoje preparada em todas as regi\u00f5es. Fica incrivelmente deliciosa quando se utilizam boas natas. A do Luca tem 230g e vem com calda de damasco. Doce gelado tipicamente siciliano, o semifreddo \u00e9 feito de chocolate amargo, a\u00e7\u00facar, ovos e chantily e uma castanha. No caso, Luca substituiu a am\u00eandoa por castanha de caju numa embalagem de 150g.<\/p>\n<p>J\u00e1 o tiramis\u00f9, que traduzido significa \u201capanha-me\u201d, quase todas as regi\u00f5es italianas reivindicam a sua paternidade, da\u00ed circularem variad\u00edssimas receitas de mascarpone, feito de creme de queijo fresco. Outra varia\u00e7\u00e3o diz respeito \u00e0 bebida. Pode-se utilizar conhaque, Marsala, Amaretto, u\u00edsque, rum e at\u00e9 licor de caf\u00e9. Luca n\u00e3o usa qualquer bebida, \u201cassim at\u00e9 as crian\u00e7as podem comer\u201d, justifica. Na minha opini\u00e3o, o salame de chocolate ao rum \u00e9 o mais gastron\u00f4mico.<\/p>\n<p>As sobremesas est\u00e3o dispon\u00edveis na Pasta Madre P\u00e3es Artesanais, no Jardim Bot\u00e2nico; na Peixaria do Guar\u00e1 (QE 34, Conjunto L, Lote 3, Guar\u00e1 II) e no Nosso Emp\u00f3rio e Mercearia, Avenida das Castanheiras em \u00c1guas Claras. E tamb\u00e9m com Gianluca Scribano, telefone 98211-2425.<\/p>\n","protected":false},"excerpt":{"rendered":"<p>Comida congelada pode ser a salva\u00e7\u00e3o em tempos de isolamento social. E ela pode ter tempero gostoso e pratos elaborados. Porque n\u00e3o?<\/p>\n","protected":false},"author":54,"featured_media":4765,"comment_status":"open","ping_status":"open","sticky":false,"template":"","format":"standard","meta":{"footnotes":""},"categories":[178],"tags":[179,180],"class_list":["post-4762","post","type-post","status-publish","format-standard","has-post-thumbnail","hentry","category-comida-congelada","tag-luca","tag-villa-cinco"],"_links":{"self":[{"href":"https:\/\/blogs.correiobraziliense.com.br\/lianasabo\/wp-json\/wp\/v2\/posts\/4762","targetHints":{"allow":["GET"]}}],"collection":[{"href":"https:\/\/blogs.correiobraziliense.com.br\/lianasabo\/wp-json\/wp\/v2\/posts"}],"about":[{"href":"https:\/\/blogs.correiobraziliense.com.br\/lianasabo\/wp-json\/wp\/v2\/types\/post"}],"author":[{"embeddable":true,"href":"https:\/\/blogs.correiobraziliense.com.br\/lianasabo\/wp-json\/wp\/v2\/users\/54"}],"replies":[{"embeddable":true,"href":"https:\/\/blogs.correiobraziliense.com.br\/lianasabo\/wp-json\/wp\/v2\/comments?post=4762"}],"version-history":[{"count":1,"href":"https:\/\/blogs.correiobraziliense.com.br\/lianasabo\/wp-json\/wp\/v2\/posts\/4762\/revisions"}],"predecessor-version":[{"id":4766,"href":"https:\/\/blogs.correiobraziliense.com.br\/lianasabo\/wp-json\/wp\/v2\/posts\/4762\/revisions\/4766"}],"wp:featuredmedia":[{"embeddable":true,"href":"https:\/\/blogs.correiobraziliense.com.br\/lianasabo\/wp-json\/wp\/v2\/media\/4765"}],"wp:attachment":[{"href":"https:\/\/blogs.correiobraziliense.com.br\/lianasabo\/wp-json\/wp\/v2\/media?parent=4762"}],"wp:term":[{"taxonomy":"category","embeddable":true,"href":"https:\/\/blogs.correiobraziliense.com.br\/lianasabo\/wp-json\/wp\/v2\/categories?post=4762"},{"taxonomy":"post_tag","embeddable":true,"href":"https:\/\/blogs.correiobraziliense.com.br\/lianasabo\/wp-json\/wp\/v2\/tags?post=4762"}],"curies":[{"name":"wp","href":"https:\/\/api.w.org\/{rel}","templated":true}]}}