{"id":4756,"date":"2021-07-02T21:17:42","date_gmt":"2021-07-03T00:17:42","guid":{"rendered":"https:\/\/blogs.correiobraziliense.com.br\/lianasabo\/?p=4756"},"modified":"2021-07-07T19:32:57","modified_gmt":"2021-07-07T22:32:57","slug":"jamie-oliver-abre-restaurante-no-venancio-3000-este-mes","status":"publish","type":"post","link":"https:\/\/blogs.correiobraziliense.com.br\/lianasabo\/jamie-oliver-abre-restaurante-no-venancio-3000-este-mes\/","title":{"rendered":"Jamie Oliver abre restaurante\u00a0no Ven\u00e2ncio 2000 este m\u00eas"},"content":{"rendered":"<h3>Jamie Oliver ter\u00e1 o primeiro restaurante dele na capital federal. O nome da casa ainda \u00e9 segredo<\/h3>\n<p>Depois do surgimento nos \u00faltimos dias do <a href=\"https:\/\/blogs.correiobraziliense.com.br\/lianasabo\/saiba-como-sera-o-novo-restaurante-piselli\/\"><strong>Piselli<\/strong><\/a>, <a href=\"https:\/\/blogs.correiobraziliense.com.br\/lianasabo\/restaurante-manuelzinho-tera-o-melhor-da-comida-portuguesa-na-asa-sul\/\"><strong>Manuelzinho<\/strong><\/a> e<a href=\"https:\/\/blogs.correiobraziliense.com.br\/lianasabo\/restaurante-canton-onde-o-peru-e-a-china-se-encontram\/\"><strong> Cant\u00f3n<\/strong><\/a>, tr\u00eas grandes grifes local e de fora, o circuito gastron\u00f4mico brasiliense se prepara para receber o que muitos consideram a cereja do bolo. O chef de cozinha e personalidade televisiva do Reino Unido,\u00a0Jamie Oliver, conhecido no mundo inteiro pelo uso de alimentos naturais e org\u00e2nicos, abrir\u00e1 restaurante em Bras\u00edlia, ainda este m\u00eas,\u00a0no Ven\u00e2ncio 2000.<\/p>\n<p>De frente para o Outback, o espa\u00e7o est\u00e1 praticamente pronto, at\u00e9 o tapume j\u00e1 foi retirado. Os vidros est\u00e3o vedados por dentro impedindo que se veja o nome da casa \u2013 um segredo guardado, por enquanto, a sete chaves. J\u00e1 se sabe, por\u00e9m, que a cozinha difere da primeira opera\u00e7\u00e3o do c\u00e9lebre chef brit\u00e2nico no Brasil. Tanto a capital paulista como a paranaense contam com Jamie`s Italian, restaurantes de comida italiana instalados respectivamente nos bairros Itaim e Batel.<\/p>\n<p><strong>Equipe<\/strong><\/p>\n<p>A vinda das opera\u00e7\u00f5es foi protagonizada pelo paulistano\u00a0Lisandro Lauretti, que tamb\u00e9m \u00e9 o respons\u00e1vel pela loja em Bras\u00edlia. Apaixonado por gastronomia, Lisandro que tamb\u00e9m \u00e9 chef de cozinha e descende de italianos viajou algumas vezes a Londres at\u00e9 convencer Oliver a vir ao Brasil. O chef brit\u00e2nico se surpreendeu com a insist\u00eancia e deu ao brasileiro parceria nos neg\u00f3cios, que funcionam\u00a0 de forma independente e n\u00e3o foram afetados pela derrocada que acometeu a grife no Reino Unido.<\/p>\n<p>Em Bras\u00edlia, Lauretti de associou a Marcinho Schettino, que comanda v\u00e1rias marcas do setor de alimenta\u00e7\u00e3o no Pier 21, e agora ficar\u00e1 \u00e0 frente da nova opera\u00e7\u00e3o de DNA londrino, cuja cozinha estar\u00e1 a cargo do chef Carlos Detoni, treinado em Londres e com passagens por cozinhas dos Estados Unidos, Alemanha, Cor\u00e9ia do Sul e Nova Zel\u00e2ndia.<\/p>\n<p>Tamb\u00e9m participa da sociedade Rafael Ven\u00e2ncio, um dos donos do Ven\u00e2ncio 2000. A partir do dia 12, ter\u00e1 in\u00edcio em soft open o funcionamento da mais nova grife gastron\u00f4mica da cidade.<\/p>\n","protected":false},"excerpt":{"rendered":"<p>Jamie Oliver ter\u00e1 o primeiro restaurante dele na capital federal. O nome da casa ainda \u00e9 segredo, assim como a especialidade<\/p>\n","protected":false},"author":54,"featured_media":4757,"comment_status":"open","ping_status":"open","sticky":false,"template":"","format":"standard","meta":{"footnotes":""},"categories":[73],"tags":[176,177],"class_list":["post-4756","post","type-post","status-publish","format-standard","has-post-thumbnail","hentry","category-materia","tag-jamie-oliver","tag-venancio-3000"],"_links":{"self":[{"href":"https:\/\/blogs.correiobraziliense.com.br\/lianasabo\/wp-json\/wp\/v2\/posts\/4756","targetHints":{"allow":["GET"]}}],"collection":[{"href":"https:\/\/blogs.correiobraziliense.com.br\/lianasabo\/wp-json\/wp\/v2\/posts"}],"about":[{"href":"https:\/\/blogs.correiobraziliense.com.br\/lianasabo\/wp-json\/wp\/v2\/types\/post"}],"author":[{"embeddable":true,"href":"https:\/\/blogs.correiobraziliense.com.br\/lianasabo\/wp-json\/wp\/v2\/users\/54"}],"replies":[{"embeddable":true,"href":"https:\/\/blogs.correiobraziliense.com.br\/lianasabo\/wp-json\/wp\/v2\/comments?post=4756"}],"version-history":[{"count":4,"href":"https:\/\/blogs.correiobraziliense.com.br\/lianasabo\/wp-json\/wp\/v2\/posts\/4756\/revisions"}],"predecessor-version":[{"id":4761,"href":"https:\/\/blogs.correiobraziliense.com.br\/lianasabo\/wp-json\/wp\/v2\/posts\/4756\/revisions\/4761"}],"wp:featuredmedia":[{"embeddable":true,"href":"https:\/\/blogs.correiobraziliense.com.br\/lianasabo\/wp-json\/wp\/v2\/media\/4757"}],"wp:attachment":[{"href":"https:\/\/blogs.correiobraziliense.com.br\/lianasabo\/wp-json\/wp\/v2\/media?parent=4756"}],"wp:term":[{"taxonomy":"category","embeddable":true,"href":"https:\/\/blogs.correiobraziliense.com.br\/lianasabo\/wp-json\/wp\/v2\/categories?post=4756"},{"taxonomy":"post_tag","embeddable":true,"href":"https:\/\/blogs.correiobraziliense.com.br\/lianasabo\/wp-json\/wp\/v2\/tags?post=4756"}],"curies":[{"name":"wp","href":"https:\/\/api.w.org\/{rel}","templated":true}]}}