{"id":4693,"date":"2021-06-09T08:54:22","date_gmt":"2021-06-09T11:54:22","guid":{"rendered":"https:\/\/blogs.correiobraziliense.com.br\/lianasabo\/?p=4693"},"modified":"2021-06-09T09:34:15","modified_gmt":"2021-06-09T12:34:15","slug":"abre-as-portas-no-dia-16-o-primeiro-piselli-fora-de-sao-paulo-sera-em-brasilia","status":"publish","type":"post","link":"https:\/\/blogs.correiobraziliense.com.br\/lianasabo\/abre-as-portas-no-dia-16-o-primeiro-piselli-fora-de-sao-paulo-sera-em-brasilia\/","title":{"rendered":"Abre as portas no dia 16, o primeiro Piselli fora de S\u00e3o Paulo. Ser\u00e1 em Bras\u00edlia!"},"content":{"rendered":"<h3>Sob o comando do chef Rafael Silva, Piselli abre as portas para o p\u00fablico o Iguatemi, na noite da pr\u00f3xima quarta-feira (16\/6)<\/h3>\n<p>\u201cIsto aqui \u00e9 uma Ferrari\u201d, exclamou o chef paranaense Rafael Silva quando conheceu a cozinha do antigo Gero, reformada para receber as panelas e ca\u00e7arolas do estreante Piselli, que abre as portas para o p\u00fablico na pr\u00f3xima quarta-feira (16\/6), \u00e0 noite, no jantar. Formado pelo renomado Centro Europeu de Gastronomia de Curitiba, o cozinheiro de 28 anos desembarcou em Bras\u00edlia, h\u00e1 duas semanas e tem gasto o tempo em contato com fornecedores nos a\u00e7ougues, peixarias e horticulturas locais garimpando ingredientes que possam vir a enriquecer e diversificar a dispensa da casa de culin\u00e1ria italiana, instalada no Shopping Iguatemi.<\/p>\n<p>Porque cozinhar, ele j\u00e1 sabe (e muito bem) desde que foi contratado h\u00e1 quatro anos pelo restaurateur Juscelino Pereira, fundador da grife, para tocar o Piselli Sud, bra\u00e7o jovem da marca. \u00c9 que o propriet\u00e1rio logo se animou quando recebeu convite de Carlos Jereissati para vir a Bras\u00edlia ocupar um espa\u00e7o nobre na rede de shoppings, da qual j\u00e1 \u00e9 inquilino na capital paulista.<\/p>\n<p>\u201cTenho muito gosto pela cidade, n\u00e3o s\u00f3 porque me chamo Juscelino, uma homenagem de meus pais mineiros a JK, mas tamb\u00e9m porque h\u00e1 v\u00e1rios anos estive prestes a abrir um restaurante a\u00ed, mas um acontecimento fora da curva mudou os planos\u201d, revelou Ju\u00e7a, como \u00e9 chamado pelos amigos, em entrevista exclusiva ao <strong>Correio<\/strong>, que <a href=\"https:\/\/blogs.correiobraziliense.com.br\/lianasabo\/piselli-fecha-contrato-com-iguatemi-para-vir-em-maio\/\"><strong>publicou em primeira m\u00e3o, no fim de 2020, a chegada do Piselli<\/strong><\/a>.<\/p>\n<h2>Receitas da Toscana<\/h2>\n<figure id=\"attachment_4695\" aria-describedby=\"caption-attachment-4695\" style=\"width: 1200px\" class=\"wp-caption aligncenter\"><a href=\"https:\/\/blogs.correiobraziliense.com.br\/lianasabo\/wp-content\/uploads\/sites\/25\/2021\/06\/piselli2.jpeg\"><img loading=\"lazy\" decoding=\"async\" class=\"wp-image-4695 size-full\" src=\"https:\/\/blogs.correiobraziliense.com.br\/lianasabo\/wp-content\/uploads\/sites\/25\/2021\/06\/piselli2.jpeg\" alt=\"Chef Rafael Silva, do restaurante Piselli\" width=\"1200\" height=\"650\" srcset=\"https:\/\/blogs.correiobraziliense.com.br\/lianasabo\/wp-content\/uploads\/sites\/25\/2021\/06\/piselli2.jpeg 1200w, https:\/\/blogs.correiobraziliense.com.br\/lianasabo\/wp-content\/uploads\/sites\/25\/2021\/06\/piselli2-300x163.jpeg 300w, https:\/\/blogs.correiobraziliense.com.br\/lianasabo\/wp-content\/uploads\/sites\/25\/2021\/06\/piselli2-768x416.jpeg 768w, https:\/\/blogs.correiobraziliense.com.br\/lianasabo\/wp-content\/uploads\/sites\/25\/2021\/06\/piselli2-1024x555.jpeg 1024w, https:\/\/blogs.correiobraziliense.com.br\/lianasabo\/wp-content\/uploads\/sites\/25\/2021\/06\/piselli2-800x433.jpeg 800w, https:\/\/blogs.correiobraziliense.com.br\/lianasabo\/wp-content\/uploads\/sites\/25\/2021\/06\/piselli2-550x298.jpeg 550w, https:\/\/blogs.correiobraziliense.com.br\/lianasabo\/wp-content\/uploads\/sites\/25\/2021\/06\/piselli2-230x125.jpeg 230w\" sizes=\"auto, (max-width: 1200px) 100vw, 1200px\" \/><\/a><figcaption id=\"caption-attachment-4695\" class=\"wp-caption-text\">Foto: Liana Sabo\/ CB\/ DA press. O chef Rafael Silva se espantou com a estrutura encontrada no restaurante Piselli<\/figcaption><\/figure>\n<p>O menu servido no bonito sal\u00e3o com ambiente acolhedor e espa\u00e7o de lounge interno e externo, no jardim ensolarado, traz os \u00edcones da casa, como o atum em crosta de especiarias, canela, berinjela e coalhada seca do chef Rafael Silva com o qual a Piselli entrou no ranking dos melhores pratos de S\u00e3o Paulo em 2019 (\u00faltimo ano em que se deu a disputa), al\u00e9m do ravi\u00f3li fondina com manteiga trufada. Outros pratos de destaque s\u00e3o o Il Pecorino con Marmellata di Fichi (queijo pecorino toscano e geleia de figos); Crostini di Polenta con Fegantini (polenta crocante com pat\u00ea de f\u00edgado); Pappardelle con Ragu di Cinchiale (massa fresca e larga com ragu de javali) e Pici All`Aglione, outra massa de inspira\u00e7\u00e3o toscana com molho de tomates frescos, perfume de alho, pimenta calabresa e finalizado com queijo pecorino.<\/p>\n<p>A carta de vinhos \u00e9 assinada pela Mistral e Porto a Porto, al\u00e9m de importadoras italianas que trazem r\u00f3tulos exclusivos produzidos em castelo do Piemonte.<\/p>\n<p><strong>Origem do nome<\/strong><\/p>\n<p>Apesar de muitas vezes propagada a origem do nome Piselli sempre encontrar\u00e1 algu\u00e9m curioso por conhecer a hist\u00f3ria que remete \u00e0 cidade natal de Juscelino Pereira, na Serra da Mantiqueira. Nascido em Joan\u00f3polis, ele pensava em ser agricultor e escolheu para plantar uma leguminosa que n\u00e3o havia na regi\u00e3o: ervilha. A planta\u00e7\u00e3o n\u00e3o deu certo, porque as sementes n\u00e3o eram apropriadas. Decepcionado, Ju\u00e7a se muda para S\u00e3o Paulo e passa a trabalhar em restaurantes, primeiro como gar\u00e7om, at\u00e9 apreender todos os segredos da profiss\u00e3o.<\/p>\n<p>Quando p\u00f4de abrir seu pr\u00f3prio estabelecimento, o novo restaurateur fez quest\u00e3o de se referir ao come\u00e7o de tudo e batizou a casa de Piselli, que em italiano significa ervilha, o gr\u00e3o que transformou sua vida. Por isso, comensal brasiliense n\u00e3o estranhe se encontrar uma ervilha no seu prato. Ela decora todos eles. \u00c9 uma praxe!<\/p>\n","protected":false},"excerpt":{"rendered":"<p>Sob o comando do chef Rafael Silva, Piselli abre as portas para o p\u00fablico o Iguetemi, na noite da pr\u00f3xima quarta-feira (16\/6)<\/p>\n","protected":false},"author":54,"featured_media":4694,"comment_status":"open","ping_status":"open","sticky":false,"template":"","format":"standard","meta":{"footnotes":""},"categories":[129],"tags":[154,77],"class_list":["post-4693","post","type-post","status-publish","format-standard","has-post-thumbnail","hentry","category-restaurantes-italianos","tag-iguatemi","tag-piselli"],"_links":{"self":[{"href":"https:\/\/blogs.correiobraziliense.com.br\/lianasabo\/wp-json\/wp\/v2\/posts\/4693","targetHints":{"allow":["GET"]}}],"collection":[{"href":"https:\/\/blogs.correiobraziliense.com.br\/lianasabo\/wp-json\/wp\/v2\/posts"}],"about":[{"href":"https:\/\/blogs.correiobraziliense.com.br\/lianasabo\/wp-json\/wp\/v2\/types\/post"}],"author":[{"embeddable":true,"href":"https:\/\/blogs.correiobraziliense.com.br\/lianasabo\/wp-json\/wp\/v2\/users\/54"}],"replies":[{"embeddable":true,"href":"https:\/\/blogs.correiobraziliense.com.br\/lianasabo\/wp-json\/wp\/v2\/comments?post=4693"}],"version-history":[{"count":2,"href":"https:\/\/blogs.correiobraziliense.com.br\/lianasabo\/wp-json\/wp\/v2\/posts\/4693\/revisions"}],"predecessor-version":[{"id":4697,"href":"https:\/\/blogs.correiobraziliense.com.br\/lianasabo\/wp-json\/wp\/v2\/posts\/4693\/revisions\/4697"}],"wp:featuredmedia":[{"embeddable":true,"href":"https:\/\/blogs.correiobraziliense.com.br\/lianasabo\/wp-json\/wp\/v2\/media\/4694"}],"wp:attachment":[{"href":"https:\/\/blogs.correiobraziliense.com.br\/lianasabo\/wp-json\/wp\/v2\/media?parent=4693"}],"wp:term":[{"taxonomy":"category","embeddable":true,"href":"https:\/\/blogs.correiobraziliense.com.br\/lianasabo\/wp-json\/wp\/v2\/categories?post=4693"},{"taxonomy":"post_tag","embeddable":true,"href":"https:\/\/blogs.correiobraziliense.com.br\/lianasabo\/wp-json\/wp\/v2\/tags?post=4693"}],"curies":[{"name":"wp","href":"https:\/\/api.w.org\/{rel}","templated":true}]}}