{"id":461,"date":"2016-09-09T16:09:04","date_gmt":"2016-09-09T19:09:04","guid":{"rendered":"https:\/\/blogs.correiobraziliense.com.br\/lianasabo\/?p=461"},"modified":"2016-09-09T16:09:04","modified_gmt":"2016-09-09T19:09:04","slug":"mercado-municipal-completa-dez-anos","status":"publish","type":"post","link":"https:\/\/blogs.correiobraziliense.com.br\/lianasabo\/mercado-municipal-completa-dez-anos\/","title":{"rendered":"Mercado Municipal completa dez anos"},"content":{"rendered":"<p>Com arquitetura colonial portuguesa, estilo art noveau franc\u00eas, grades de ferro fundido, vitrais, madeira de demoli\u00e7\u00e3o e azulejos de Athos Bulc\u00e3o, Jorge Ferreira criou o Mercado Municipal (509 Sul) que entregou \u00e0 cidade justamente 10 anos atr\u00e1s. Tinha como objetivo participar da revitaliza\u00e7\u00e3o da W3 Sul, al\u00e9m de abrir caminho para a comercializa\u00e7\u00e3o de uma s\u00e9rie de bons produtos, entre eles, os queijos feitos em sua amada Cruz\u00edlia.<\/p>\n<p>\u201cO Mercado \u00e9 feito de cores, aromas e sabores\u201d, dizia Jorge, que deve estar vendo do c\u00e9u a progama\u00e7\u00e3o, na qual toda semana do m\u00eas de setembro haver\u00e1 descontos em uma se\u00e7\u00e3o. At\u00e9 domingo, a promo\u00e7\u00e3o \u00e9 de vinhos; do dia 12 a 18, doces; de 19 a 25, queijos e de 26 a 2 de outubro, bacalhau.<\/p>\n","protected":false},"excerpt":{"rendered":"<p>Com arquitetura colonial portuguesa, estilo art noveau franc\u00eas, grades de ferro fundido, vitrais, madeira de demoli\u00e7\u00e3o e azulejos de Athos Bulc\u00e3o, Jorge Ferreira criou o Mercado Municipal (509 Sul) que entregou \u00e0 cidade justamente 10 anos atr\u00e1s. Tinha como objetivo participar da revitaliza\u00e7\u00e3o da W3 Sul, al\u00e9m de abrir caminho para a comercializa\u00e7\u00e3o de uma s\u00e9rie de bons produtos, entre [&hellip;]<\/p>\n","protected":false},"author":54,"featured_media":462,"comment_status":"open","ping_status":"open","sticky":false,"template":"","format":"standard","meta":{"footnotes":""},"categories":[1],"tags":[],"class_list":["post-461","post","type-post","status-publish","format-standard","has-post-thumbnail","hentry","category-sem-categoria"],"_links":{"self":[{"href":"https:\/\/blogs.correiobraziliense.com.br\/lianasabo\/wp-json\/wp\/v2\/posts\/461","targetHints":{"allow":["GET"]}}],"collection":[{"href":"https:\/\/blogs.correiobraziliense.com.br\/lianasabo\/wp-json\/wp\/v2\/posts"}],"about":[{"href":"https:\/\/blogs.correiobraziliense.com.br\/lianasabo\/wp-json\/wp\/v2\/types\/post"}],"author":[{"embeddable":true,"href":"https:\/\/blogs.correiobraziliense.com.br\/lianasabo\/wp-json\/wp\/v2\/users\/54"}],"replies":[{"embeddable":true,"href":"https:\/\/blogs.correiobraziliense.com.br\/lianasabo\/wp-json\/wp\/v2\/comments?post=461"}],"version-history":[{"count":1,"href":"https:\/\/blogs.correiobraziliense.com.br\/lianasabo\/wp-json\/wp\/v2\/posts\/461\/revisions"}],"predecessor-version":[{"id":463,"href":"https:\/\/blogs.correiobraziliense.com.br\/lianasabo\/wp-json\/wp\/v2\/posts\/461\/revisions\/463"}],"wp:featuredmedia":[{"embeddable":true,"href":"https:\/\/blogs.correiobraziliense.com.br\/lianasabo\/wp-json\/wp\/v2\/media\/462"}],"wp:attachment":[{"href":"https:\/\/blogs.correiobraziliense.com.br\/lianasabo\/wp-json\/wp\/v2\/media?parent=461"}],"wp:term":[{"taxonomy":"category","embeddable":true,"href":"https:\/\/blogs.correiobraziliense.com.br\/lianasabo\/wp-json\/wp\/v2\/categories?post=461"},{"taxonomy":"post_tag","embeddable":true,"href":"https:\/\/blogs.correiobraziliense.com.br\/lianasabo\/wp-json\/wp\/v2\/tags?post=461"}],"curies":[{"name":"wp","href":"https:\/\/api.w.org\/{rel}","templated":true}]}}