{"id":4489,"date":"2021-03-03T18:52:16","date_gmt":"2021-03-03T21:52:16","guid":{"rendered":"https:\/\/blogs.correiobraziliense.com.br\/lianasabo\/?p=4489"},"modified":"2021-03-03T18:52:16","modified_gmt":"2021-03-03T21:52:16","slug":"ate-o-fim-de-marco-receba-em-casa-o-cardapio-do-ravenna","status":"publish","type":"post","link":"https:\/\/blogs.correiobraziliense.com.br\/lianasabo\/ate-o-fim-de-marco-receba-em-casa-o-cardapio-do-ravenna\/","title":{"rendered":"At\u00e9 o fim de mar\u00e7o, receba em casa o card\u00e1pio do Ravenna"},"content":{"rendered":"<p>N\u00e3o \u00e9 por causa do lockdown que a cidade est\u00e1 fazendo para tentar reduzir as taxas de internamento devido a covid-19, que voc\u00ea vai deixar de comer alimentos saud\u00e1veis e se jogar num consumo desenfreado de calorias. A Cl\u00ednica M\u00e1ximo Ravenna, que \u00e9 costumeiramente restrita aos pacientes, decidiu abrir as portas do bistr\u00f4 e passa a oferecer refei\u00e7\u00f5es ao p\u00fablico, agora nos sistemas delivery e takeaway. Assim, voc\u00ea poder\u00e1 receber em casa um kit completo com todas as etapas do almo\u00e7o e do jantar. H\u00e1 tamb\u00e9m op\u00e7\u00f5es para caf\u00e9 da manh\u00e3 e lanche.<\/p>\n<p>A refei\u00e7\u00e3o come\u00e7a com um caldo que tem a fun\u00e7\u00e3o tamb\u00e9m de acalmar a mente (na segunda-feira, foi de ab\u00f3bora), passa para uma salada fria de folhas e a\u00ed chega ao prato principal. N\u00e3o h\u00e1 como n\u00e3o curtir a receita gastron\u00f4mica do carro-chefe. H\u00e1 salm\u00e3o com legumes gratinados escoltado por delicioso pur\u00ea de banana da terra temperado com dill, erva tamb\u00e9m conhecida por endro ou aneto (que eu degustei depois da salada e do caldo de ab\u00f3bora) e termina com uma sobremesa, que pode ser pudim de leite.<\/p>\n<p>Medalh\u00e3o de fil\u00e9-mignon ao molho de 4 queijos e pur\u00ea de ab\u00f3bora; burrata ao molho pomodoro; parmegiana r\u00fastica de frango com quinoto de legumes, al\u00e9m de camar\u00e3o que vem sobre fettuccine de pupunha e molho de queijo s\u00e3o alguns principais servidos no restaurante, chamado Boutique Gourmet Ravenna que, este m\u00eas, est\u00e1 aberto ao p\u00fablico, mas por enquanto s\u00f3 para entrega ou envio dos pratos. H\u00e1 duas modalidades no menu do almo\u00e7o, que vem com caldo, salada, principal e sobremesa: R$ 44 na por\u00e7\u00e3o emagrecimento e R$ 48 na por\u00e7\u00e3o manuten\u00e7\u00e3o de peso.<\/p>\n<div id='gallery-1' class='gallery galleryid-4489 gallery-columns-3 gallery-size-full'><figure class='gallery-item'>\n\t\t\t<div class='gallery-icon landscape'>\n\t\t\t\t<a href='https:\/\/blogs.correiobraziliense.com.br\/lianasabo\/ate-o-fim-de-marco-receba-em-casa-o-cardapio-do-ravenna\/whatsapp-image-2021-03-03-at-18-14-53\/'><img loading=\"lazy\" decoding=\"async\" width=\"768\" height=\"650\" src=\"https:\/\/blogs.correiobraziliense.com.br\/lianasabo\/wp-content\/uploads\/sites\/25\/2021\/03\/WhatsApp-Image-2021-03-03-at-18.14.53.jpeg\" class=\"attachment-full size-full\" alt=\"\" aria-describedby=\"gallery-1-4491\" srcset=\"https:\/\/blogs.correiobraziliense.com.br\/lianasabo\/wp-content\/uploads\/sites\/25\/2021\/03\/WhatsApp-Image-2021-03-03-at-18.14.53.jpeg 768w, https:\/\/blogs.correiobraziliense.com.br\/lianasabo\/wp-content\/uploads\/sites\/25\/2021\/03\/WhatsApp-Image-2021-03-03-at-18.14.53-300x254.jpeg 300w, https:\/\/blogs.correiobraziliense.com.br\/lianasabo\/wp-content\/uploads\/sites\/25\/2021\/03\/WhatsApp-Image-2021-03-03-at-18.14.53-550x465.jpeg 550w, https:\/\/blogs.correiobraziliense.com.br\/lianasabo\/wp-content\/uploads\/sites\/25\/2021\/03\/WhatsApp-Image-2021-03-03-at-18.14.53-230x195.jpeg 230w\" sizes=\"auto, (max-width: 768px) 100vw, 768px\" \/><\/a>\n\t\t\t<\/div>\n\t\t\t\t<figcaption class='wp-caption-text gallery-caption' id='gallery-1-4491'>\n\t\t\t\tCr\u00e9dito: Solos Comunica\u00e7\u00e3o\/Divulga\u00e7\u00e3o. Burrata ao molho pomodoro e fettucine de pupunha\n\t\t\t\t<\/figcaption><\/figure><figure class='gallery-item'>\n\t\t\t<div class='gallery-icon landscape'>\n\t\t\t\t<a href='https:\/\/blogs.correiobraziliense.com.br\/lianasabo\/ate-o-fim-de-marco-receba-em-casa-o-cardapio-do-ravenna\/whatsapp-image-2021-03-03-at-18-14-54-1\/'><img loading=\"lazy\" decoding=\"async\" width=\"768\" height=\"650\" src=\"https:\/\/blogs.correiobraziliense.com.br\/lianasabo\/wp-content\/uploads\/sites\/25\/2021\/03\/WhatsApp-Image-2021-03-03-at-18.14.54-1.jpeg\" class=\"attachment-full size-full\" alt=\"\" aria-describedby=\"gallery-1-4492\" srcset=\"https:\/\/blogs.correiobraziliense.com.br\/lianasabo\/wp-content\/uploads\/sites\/25\/2021\/03\/WhatsApp-Image-2021-03-03-at-18.14.54-1.jpeg 768w, https:\/\/blogs.correiobraziliense.com.br\/lianasabo\/wp-content\/uploads\/sites\/25\/2021\/03\/WhatsApp-Image-2021-03-03-at-18.14.54-1-300x254.jpeg 300w, https:\/\/blogs.correiobraziliense.com.br\/lianasabo\/wp-content\/uploads\/sites\/25\/2021\/03\/WhatsApp-Image-2021-03-03-at-18.14.54-1-550x465.jpeg 550w, https:\/\/blogs.correiobraziliense.com.br\/lianasabo\/wp-content\/uploads\/sites\/25\/2021\/03\/WhatsApp-Image-2021-03-03-at-18.14.54-1-230x195.jpeg 230w\" sizes=\"auto, (max-width: 768px) 100vw, 768px\" \/><\/a>\n\t\t\t<\/div>\n\t\t\t\t<figcaption class='wp-caption-text gallery-caption' id='gallery-1-4492'>\n\t\t\t\tCr\u00e9dito: Solos Comunica\u00e7\u00e3o\/Divulga\u00e7\u00e3o. Salm\u00e3o ao molho dill com legumes na brasa\n\t\t\t\t<\/figcaption><\/figure><figure class='gallery-item'>\n\t\t\t<div class='gallery-icon landscape'>\n\t\t\t\t<a href='https:\/\/blogs.correiobraziliense.com.br\/lianasabo\/ate-o-fim-de-marco-receba-em-casa-o-cardapio-do-ravenna\/whatsapp-image-2021-03-03-at-18-14-54\/'><img loading=\"lazy\" decoding=\"async\" width=\"768\" height=\"650\" src=\"https:\/\/blogs.correiobraziliense.com.br\/lianasabo\/wp-content\/uploads\/sites\/25\/2021\/03\/WhatsApp-Image-2021-03-03-at-18.14.54.jpeg\" class=\"attachment-full size-full\" alt=\"\" aria-describedby=\"gallery-1-4493\" srcset=\"https:\/\/blogs.correiobraziliense.com.br\/lianasabo\/wp-content\/uploads\/sites\/25\/2021\/03\/WhatsApp-Image-2021-03-03-at-18.14.54.jpeg 768w, https:\/\/blogs.correiobraziliense.com.br\/lianasabo\/wp-content\/uploads\/sites\/25\/2021\/03\/WhatsApp-Image-2021-03-03-at-18.14.54-300x254.jpeg 300w, https:\/\/blogs.correiobraziliense.com.br\/lianasabo\/wp-content\/uploads\/sites\/25\/2021\/03\/WhatsApp-Image-2021-03-03-at-18.14.54-550x465.jpeg 550w, https:\/\/blogs.correiobraziliense.com.br\/lianasabo\/wp-content\/uploads\/sites\/25\/2021\/03\/WhatsApp-Image-2021-03-03-at-18.14.54-230x195.jpeg 230w\" sizes=\"auto, (max-width: 768px) 100vw, 768px\" \/><\/a>\n\t\t\t<\/div>\n\t\t\t\t<figcaption class='wp-caption-text gallery-caption' id='gallery-1-4493'>\n\t\t\t\tCr\u00e9dito: Solos Comunica\u00e7\u00e3o\/Divulga\u00e7\u00e3o. Medalh\u00e3o de mignon com molho 4 queijos e pur\u00ea de ab\u00f3bora\n\t\t\t\t<\/figcaption><\/figure><figure class='gallery-item'>\n\t\t\t<div class='gallery-icon landscape'>\n\t\t\t\t<a href='https:\/\/blogs.correiobraziliense.com.br\/lianasabo\/ate-o-fim-de-marco-receba-em-casa-o-cardapio-do-ravenna\/whatsapp-image-2021-03-03-at-18-14-55\/'><img loading=\"lazy\" decoding=\"async\" width=\"768\" height=\"650\" src=\"https:\/\/blogs.correiobraziliense.com.br\/lianasabo\/wp-content\/uploads\/sites\/25\/2021\/03\/WhatsApp-Image-2021-03-03-at-18.14.55.jpeg\" class=\"attachment-full size-full\" alt=\"\" aria-describedby=\"gallery-1-4494\" srcset=\"https:\/\/blogs.correiobraziliense.com.br\/lianasabo\/wp-content\/uploads\/sites\/25\/2021\/03\/WhatsApp-Image-2021-03-03-at-18.14.55.jpeg 768w, https:\/\/blogs.correiobraziliense.com.br\/lianasabo\/wp-content\/uploads\/sites\/25\/2021\/03\/WhatsApp-Image-2021-03-03-at-18.14.55-300x254.jpeg 300w, https:\/\/blogs.correiobraziliense.com.br\/lianasabo\/wp-content\/uploads\/sites\/25\/2021\/03\/WhatsApp-Image-2021-03-03-at-18.14.55-550x465.jpeg 550w, https:\/\/blogs.correiobraziliense.com.br\/lianasabo\/wp-content\/uploads\/sites\/25\/2021\/03\/WhatsApp-Image-2021-03-03-at-18.14.55-230x195.jpeg 230w\" sizes=\"auto, (max-width: 768px) 100vw, 768px\" \/><\/a>\n\t\t\t<\/div>\n\t\t\t\t<figcaption class='wp-caption-text gallery-caption' id='gallery-1-4494'>\n\t\t\t\tCr\u00e9dito: Solos Comunica\u00e7\u00e3o\/Divulga\u00e7\u00e3o. Parmegiana r\u00fastica de frango com quinoto de legumes\n\t\t\t\t<\/figcaption><\/figure>\n\t\t<\/div>\n\n<p><strong>Congelados no delivery<\/strong><\/p>\n<p>Picadinho de carne; escondidinho de frango; risoto de pato; salm\u00e3o ao molho de frutas vermelhas e at\u00e9 hamb\u00farguer que os jovens adoram, mas de&#8230;inhame fazem parte do menu de pratos congelados do Ravenna, que agora podem ser entregues em casa, todos os dias, de 8h \u00e0s 18h. &#8220;Nossas prepara\u00e7\u00f5es s\u00e3o pensadas para agregar sa\u00fade e sabor, com ingredientes de primeira qualidade, t\u00e9cnicas de alta gastronomia e alimentos com baixo \u00edndice glic\u00eamico e isento de gl\u00faten&#8221;, afirma Moema Soares, s\u00f3cia-diretora do Ravenna.<\/p>\n<p>O card\u00e1pio de produtos congelados e frescos, bem como os pedidos pelo delivery, podem ser informados pelo whatsapp (61) 9865-0295. J\u00e1 o telefone da cl\u00ednica, que fica no Bloco E do Complexo Brasil 21 e est\u00e1 momentaneamente fechada, \u00e9 3030-6350.<\/p>\n","protected":false},"excerpt":{"rendered":"<p>N\u00e3o \u00e9 por causa do lockdown que a cidade est\u00e1 fazendo para tentar reduzir as taxas de internamento devido a covid-19, que voc\u00ea vai deixar de comer alimentos saud\u00e1veis e se jogar num consumo desenfreado de calorias. A Cl\u00ednica M\u00e1ximo Ravenna, que \u00e9 costumeiramente restrita aos pacientes, decidiu abrir as portas do bistr\u00f4 e passa a oferecer refei\u00e7\u00f5es ao p\u00fablico, [&hellip;]<\/p>\n","protected":false},"author":54,"featured_media":4490,"comment_status":"open","ping_status":"open","sticky":false,"template":"","format":"standard","meta":{"footnotes":""},"categories":[1],"tags":[],"class_list":["post-4489","post","type-post","status-publish","format-standard","has-post-thumbnail","hentry","category-sem-categoria"],"_links":{"self":[{"href":"https:\/\/blogs.correiobraziliense.com.br\/lianasabo\/wp-json\/wp\/v2\/posts\/4489","targetHints":{"allow":["GET"]}}],"collection":[{"href":"https:\/\/blogs.correiobraziliense.com.br\/lianasabo\/wp-json\/wp\/v2\/posts"}],"about":[{"href":"https:\/\/blogs.correiobraziliense.com.br\/lianasabo\/wp-json\/wp\/v2\/types\/post"}],"author":[{"embeddable":true,"href":"https:\/\/blogs.correiobraziliense.com.br\/lianasabo\/wp-json\/wp\/v2\/users\/54"}],"replies":[{"embeddable":true,"href":"https:\/\/blogs.correiobraziliense.com.br\/lianasabo\/wp-json\/wp\/v2\/comments?post=4489"}],"version-history":[{"count":1,"href":"https:\/\/blogs.correiobraziliense.com.br\/lianasabo\/wp-json\/wp\/v2\/posts\/4489\/revisions"}],"predecessor-version":[{"id":4495,"href":"https:\/\/blogs.correiobraziliense.com.br\/lianasabo\/wp-json\/wp\/v2\/posts\/4489\/revisions\/4495"}],"wp:featuredmedia":[{"embeddable":true,"href":"https:\/\/blogs.correiobraziliense.com.br\/lianasabo\/wp-json\/wp\/v2\/media\/4490"}],"wp:attachment":[{"href":"https:\/\/blogs.correiobraziliense.com.br\/lianasabo\/wp-json\/wp\/v2\/media?parent=4489"}],"wp:term":[{"taxonomy":"category","embeddable":true,"href":"https:\/\/blogs.correiobraziliense.com.br\/lianasabo\/wp-json\/wp\/v2\/categories?post=4489"},{"taxonomy":"post_tag","embeddable":true,"href":"https:\/\/blogs.correiobraziliense.com.br\/lianasabo\/wp-json\/wp\/v2\/tags?post=4489"}],"curies":[{"name":"wp","href":"https:\/\/api.w.org\/{rel}","templated":true}]}}