{"id":4394,"date":"2020-12-18T12:51:36","date_gmt":"2020-12-18T15:51:36","guid":{"rendered":"https:\/\/blogs.correiobraziliense.com.br\/lianasabo\/?p=4394"},"modified":"2020-12-18T14:07:50","modified_gmt":"2020-12-18T17:07:50","slug":"cafe-de-la-musique-abre-dia-23-com-menu-de-lui-veronese","status":"publish","type":"post","link":"https:\/\/blogs.correiobraziliense.com.br\/lianasabo\/cafe-de-la-musique-abre-dia-23-com-menu-de-lui-veronese\/","title":{"rendered":"Caf\u00e9 de La Musique abre dia 23 com menu de Lui Veronese"},"content":{"rendered":"<p>Bras\u00edlia ganha na v\u00e9spera do Natal o mais badalado endere\u00e7o de entretenimento e gastronomia, que \u00e9 o Caf\u00e9 de La Musique, existente em grandes centros h\u00e1 15 anos e s\u00f3 agora chega a capital federal para ocupar a orla do Lago Parano\u00e1, ao lado do Pier 21 e atr\u00e1s do Steak Bull. Trata-se de um espa\u00e7o de 1800 metros quadrados, que &#8220;vai unir a natureza, hist\u00f3ria e gastronomia em ambientes \u00fanicos&#8221;, afirma Gustavo Gomes, s\u00f3cio brasiliense do empreendimento.<\/p>\n<p>O que o difere dos outros \u00e9 que parte do card\u00e1pio vem assinada pelo chef tamb\u00e9m brasiliense Lui Veronese, conhecido pelo uso de ingredientes do cerrado e pela paix\u00e3o com que procura inovar a elabora\u00e7\u00e3o dos pratos. O Caf\u00e9 de La Musique surgiu em 2005, em S\u00e3o Paulo, pelas m\u00e3os do empres\u00e1rio e apresentador de televis\u00e3o \u00c1lvaro Garnero, de 52 anos, que se inspirou em afamados clubes noturnos do mundo. Com 17 opera\u00e7\u00f5es no pa\u00eds, a 18\u00aa em Bras\u00edlia e primeira da regi\u00e3o Centro-Oeste, tamb\u00e9m traz o conceito arquitet\u00f4nico defendido pelo escrit\u00f3rio paulista Im\u00e3 Brands, pertencente \u00e0s irm\u00e3s Vick e B\u00e1rbara Bacchi. Atentas \u00e0 quest\u00e3o ambiental, elas apostam em refer\u00eancias ind\u00edgenas, nordestinas e da floresta amaz\u00f4nica.<\/p>\n<p><strong>Ousadia no menu<\/strong><\/p>\n<figure id=\"attachment_4398\" aria-describedby=\"caption-attachment-4398\" style=\"width: 300px\" class=\"wp-caption alignright\"><a href=\"https:\/\/blogs.correiobraziliense.com.br\/lianasabo\/wp-content\/uploads\/sites\/25\/2020\/12\/Ostras-frescas-que-ser\u00e3o-servidas-com-lim\u00e3o-sal-azeite-e-pimenta_3.jpg\"><img loading=\"lazy\" decoding=\"async\" class=\"size-medium wp-image-4398\" src=\"https:\/\/blogs.correiobraziliense.com.br\/lianasabo\/wp-content\/uploads\/sites\/25\/2020\/12\/Ostras-frescas-que-ser\u00e3o-servidas-com-lim\u00e3o-sal-azeite-e-pimenta_3-300x200.jpg\" alt=\"\" width=\"300\" height=\"200\" srcset=\"https:\/\/blogs.correiobraziliense.com.br\/lianasabo\/wp-content\/uploads\/sites\/25\/2020\/12\/Ostras-frescas-que-ser\u00e3o-servidas-com-lim\u00e3o-sal-azeite-e-pimenta_3-300x200.jpg 300w, https:\/\/blogs.correiobraziliense.com.br\/lianasabo\/wp-content\/uploads\/sites\/25\/2020\/12\/Ostras-frescas-que-ser\u00e3o-servidas-com-lim\u00e3o-sal-azeite-e-pimenta_3-768x512.jpg 768w, https:\/\/blogs.correiobraziliense.com.br\/lianasabo\/wp-content\/uploads\/sites\/25\/2020\/12\/Ostras-frescas-que-ser\u00e3o-servidas-com-lim\u00e3o-sal-azeite-e-pimenta_3-1024x683.jpg 1024w, https:\/\/blogs.correiobraziliense.com.br\/lianasabo\/wp-content\/uploads\/sites\/25\/2020\/12\/Ostras-frescas-que-ser\u00e3o-servidas-com-lim\u00e3o-sal-azeite-e-pimenta_3-800x533.jpg 800w, https:\/\/blogs.correiobraziliense.com.br\/lianasabo\/wp-content\/uploads\/sites\/25\/2020\/12\/Ostras-frescas-que-ser\u00e3o-servidas-com-lim\u00e3o-sal-azeite-e-pimenta_3-550x367.jpg 550w, https:\/\/blogs.correiobraziliense.com.br\/lianasabo\/wp-content\/uploads\/sites\/25\/2020\/12\/Ostras-frescas-que-ser\u00e3o-servidas-com-lim\u00e3o-sal-azeite-e-pimenta_3-230x153.jpg 230w, https:\/\/blogs.correiobraziliense.com.br\/lianasabo\/wp-content\/uploads\/sites\/25\/2020\/12\/Ostras-frescas-que-ser\u00e3o-servidas-com-lim\u00e3o-sal-azeite-e-pimenta_3.jpg 1200w\" sizes=\"auto, (max-width: 300px) 100vw, 300px\" \/><\/a><figcaption id=\"caption-attachment-4398\" class=\"wp-caption-text\">Ostras frescas, que ser\u00e3o servidas com lim\u00e3o, sal, azeite e pimenta. Cr\u00e9dito: Pedro Santos\/Divulga\u00e7\u00e3o<\/figcaption><\/figure>\n<p>Com \u00eanfase em frutos do mar, como polvo e ostras, o menu ainda contempla cumaru, bottarga, buriti, castanha de baru, maracuj\u00e1 p\u00e9rola do cerrado e outros ingredientes peculiares, alguns do cerrado, escolhidos a dedo pelo chef Lui Veronese. A ideia foi proporcionar uma experi\u00eancia gastron\u00f4mica \u00fanica, diferente do que \u00e9 oferecido nas outras casas do g\u00eanero e que inclui tamb\u00e9m drinques especiais criados pelo mixologista Gutto Lopes.<\/p>\n<p>&#8220;O Caf\u00e9 de La Musique segue um padr\u00e3o de card\u00e1pio em todos seus empreendimentos, onde 70% s\u00e3o pratos pr\u00e9-definidos pela casa e outros 30% s\u00e3o de autoria do chef, contudo, logo em nossa primeira reuni\u00e3o eu tive a grande surpresa e o privil\u00e9gio de ter carta branca para poder montar um card\u00e1pio 100% autoral e com o meu estilo, algo at\u00e9 ent\u00e3o jamais liberado pelos s\u00f3cios da marca&#8221;, revela Lui Veronese.<\/p>\n<p>A grife, que se instala na cidade, tem aqui cinco s\u00f3cios: quatro, entre eles, Gustavo Gomes do Grupo Top7 Entretenimento e Roberto Oliveira, propriet\u00e1rio do Steak Bull.<\/p>\n<p><strong>Aposta na parrilla<\/strong><\/p>\n<p>Embora distante mil quil\u00f4metros da orla mar\u00edtima, Bras\u00edlia tem demonstrado encanto pelo litoral brasileiro. O consumo de frutos do mar aqui \u00e9 alto e as sugest\u00f5es do novo estabelecimento em mat\u00e9ria de comida n\u00e3o fogem \u00e0 regra. Polvo, lula, camar\u00e3o, lagosta, salm\u00e3o e mexilh\u00f5es grelhados na parrilla \u00e9 a grande aposta do chef. J\u00e1 nas entradas, ser\u00e3o servidas ostras frescas com lim\u00e3o, sal, azeite e pimenta, al\u00e9m de um tempur\u00e1 com maionese da casa com redu\u00e7\u00e3o de shoyo com gengibre e molho fresco.<\/p>\n<figure id=\"attachment_4396\" aria-describedby=\"caption-attachment-4396\" style=\"width: 1200px\" class=\"wp-caption aligncenter\"><a href=\"https:\/\/blogs.correiobraziliense.com.br\/lianasabo\/wp-content\/uploads\/sites\/25\/2020\/12\/Polvo-na-parrilla-com-redu\u00e7\u00e3o-de-seu-pr\u00f3prio-caldo-acompanhado-de-pur\u00ea-de-buriti-batatas-e-legumes-assados-na-brasa_1.jpg\"><img loading=\"lazy\" decoding=\"async\" class=\"size-full wp-image-4396\" src=\"https:\/\/blogs.correiobraziliense.com.br\/lianasabo\/wp-content\/uploads\/sites\/25\/2020\/12\/Polvo-na-parrilla-com-redu\u00e7\u00e3o-de-seu-pr\u00f3prio-caldo-acompanhado-de-pur\u00ea-de-buriti-batatas-e-legumes-assados-na-brasa_1.jpg\" alt=\"\" width=\"1200\" height=\"800\" srcset=\"https:\/\/blogs.correiobraziliense.com.br\/lianasabo\/wp-content\/uploads\/sites\/25\/2020\/12\/Polvo-na-parrilla-com-redu\u00e7\u00e3o-de-seu-pr\u00f3prio-caldo-acompanhado-de-pur\u00ea-de-buriti-batatas-e-legumes-assados-na-brasa_1.jpg 1200w, https:\/\/blogs.correiobraziliense.com.br\/lianasabo\/wp-content\/uploads\/sites\/25\/2020\/12\/Polvo-na-parrilla-com-redu\u00e7\u00e3o-de-seu-pr\u00f3prio-caldo-acompanhado-de-pur\u00ea-de-buriti-batatas-e-legumes-assados-na-brasa_1-300x200.jpg 300w, https:\/\/blogs.correiobraziliense.com.br\/lianasabo\/wp-content\/uploads\/sites\/25\/2020\/12\/Polvo-na-parrilla-com-redu\u00e7\u00e3o-de-seu-pr\u00f3prio-caldo-acompanhado-de-pur\u00ea-de-buriti-batatas-e-legumes-assados-na-brasa_1-768x512.jpg 768w, https:\/\/blogs.correiobraziliense.com.br\/lianasabo\/wp-content\/uploads\/sites\/25\/2020\/12\/Polvo-na-parrilla-com-redu\u00e7\u00e3o-de-seu-pr\u00f3prio-caldo-acompanhado-de-pur\u00ea-de-buriti-batatas-e-legumes-assados-na-brasa_1-1024x683.jpg 1024w, https:\/\/blogs.correiobraziliense.com.br\/lianasabo\/wp-content\/uploads\/sites\/25\/2020\/12\/Polvo-na-parrilla-com-redu\u00e7\u00e3o-de-seu-pr\u00f3prio-caldo-acompanhado-de-pur\u00ea-de-buriti-batatas-e-legumes-assados-na-brasa_1-800x533.jpg 800w, https:\/\/blogs.correiobraziliense.com.br\/lianasabo\/wp-content\/uploads\/sites\/25\/2020\/12\/Polvo-na-parrilla-com-redu\u00e7\u00e3o-de-seu-pr\u00f3prio-caldo-acompanhado-de-pur\u00ea-de-buriti-batatas-e-legumes-assados-na-brasa_1-550x367.jpg 550w, https:\/\/blogs.correiobraziliense.com.br\/lianasabo\/wp-content\/uploads\/sites\/25\/2020\/12\/Polvo-na-parrilla-com-redu\u00e7\u00e3o-de-seu-pr\u00f3prio-caldo-acompanhado-de-pur\u00ea-de-buriti-batatas-e-legumes-assados-na-brasa_1-230x153.jpg 230w\" sizes=\"auto, (max-width: 1200px) 100vw, 1200px\" \/><\/a><figcaption id=\"caption-attachment-4396\" class=\"wp-caption-text\">Polvo na parrilla com redu\u00e7\u00e3o de seu pr\u00f3prio caldo, acompanhado de pur\u00ea de buriti, batatas e legumes assados na brasa.\u00a0Cr\u00e9dito: Pedro Santos\/Divulga\u00e7\u00e3o<\/figcaption><\/figure>\n<p>Uma das atra\u00e7\u00f5es ser\u00e1 a torre de frutos do mar feitos na parrilla, outra &#8211; acredita o chef &#8212; o polvo grelhado com redu\u00e7\u00e3o de seu pr\u00f3prio caldo, acompanhado de pur\u00ea de buriti, batatas e legumes assados na brasa. &#8220;Alguns pratos ser\u00e3o muito bem servidos para que os clientes possam dividir com os amigos&#8221;, adianta Lui. Exemplo \u00e9 a burrata com salada de morangos, aceto bals\u00e2mico, jam\u00f3n ib\u00e9rico, al\u00e9m do corte tomahawk na grelha.<\/p>\n<p>Sobremesas, outra especialidade de Veronese, vem com exclusivo tiramis\u00f9 com marquise de chocolates, queijo gorgonzola e caramelo, enquanto o sorvete de capim santo acompanhado de rodelas de abacaxi oferece a op\u00e7\u00e3o mais leve para o encerrar a refei\u00e7\u00e3o. Nesse quesito leveza e sabor, nada se compara ao maracuj\u00e1 p\u00e9rola do cerrado.<\/p>\n<p><strong>Drinques in\u00e9ditos<\/strong><\/p>\n<p>Coube ao mixologista Gutto Lopes desenvolver a carta de drinques do Caf\u00e9 de La Musique Bras\u00edlia com insumos n\u00e3o convencionais, como cumaru, cujas favas s\u00e3o conhecidas como a baunilha brasileira; outras plantas regionais, como jambu e o leite de castanha de caju, al\u00e9m do mela\u00e7o de cana. &#8220;Estou trazendo muita exclusividade e ousando muito nos coquet\u00e9is, com ingredientes que as pessoas jamais imaginaram que poderiam compor um drinque. Este est\u00e1 sendo o melhor trabalho da minha vida, principalmente porque venho me especializando na coquetelaria criativa, ent\u00e3o o p\u00fablico ir\u00e1 se surpreender&#8221;, prev\u00ea o mixologista e barman.<\/p>\n<p>Alguns drinques levam o nome de tribos, como Guarani, com gim, arak (aguardente \u00e1rabe \u00e0 base de anis), cordial de amora com cardamomo, tintura de tomilho e merengue de amora; Caet\u00e9s, rum, maracuj\u00e1 do cerrado, pimenta-do-reino e xarope de cumaru e Goitac\u00e1, com tequila, leite de castanha de caju, cacha\u00e7a de ip\u00ea e um toque de \u00e1gua de flor de laranjeira. Para quem prefere a bebida mais tradicional, h\u00e1 uma caipirinha revisitada com cacha\u00e7a envelhecida em carvalho e amburana, lim\u00e3o, gengibre e mela\u00e7o de cana. Tudo de bom!<\/p>\n<p><strong>Servi\u00e7o <\/strong><br \/>\n<strong>Inaugura\u00e7\u00e3o Caf\u00e9 de La Musique Bras\u00edlia<br \/>\n<\/strong>Onde: Caf\u00e9 de La Musique Bras\u00edlia (Setor de Clubes Esportivos Sul, Trecho 2, ao lado do shopping Pier 21).<br \/>\nQuando: quarta-feira, 23 de dezembro de 2020<br \/>\nHor\u00e1rio: 17h<br \/>\nPara mais informa\u00e7\u00f5es: (61) 99983-6016<br \/>\nVendas dos ingressos para o R\u00e9veillon: <a href=\"https:\/\/beta.sympla.com.br\/\">https:\/\/beta.sympla.com.br\/<\/a><\/p>\n","protected":false},"excerpt":{"rendered":"<p>Bras\u00edlia ganha na v\u00e9spera do Natal o mais badalado endere\u00e7o de entretenimento e gastronomia, que \u00e9 o Caf\u00e9 de La Musique, existente em grandes centros h\u00e1 15 anos e s\u00f3 agora chega a capital federal para ocupar a orla do Lago Parano\u00e1, ao lado do Pier 21 e atr\u00e1s do Steak Bull. Trata-se de um espa\u00e7o de 1800 metros quadrados, [&hellip;]<\/p>\n","protected":false},"author":54,"featured_media":4395,"comment_status":"open","ping_status":"open","sticky":false,"template":"","format":"standard","meta":{"footnotes":""},"categories":[1],"tags":[],"class_list":["post-4394","post","type-post","status-publish","format-standard","has-post-thumbnail","hentry","category-sem-categoria"],"_links":{"self":[{"href":"https:\/\/blogs.correiobraziliense.com.br\/lianasabo\/wp-json\/wp\/v2\/posts\/4394","targetHints":{"allow":["GET"]}}],"collection":[{"href":"https:\/\/blogs.correiobraziliense.com.br\/lianasabo\/wp-json\/wp\/v2\/posts"}],"about":[{"href":"https:\/\/blogs.correiobraziliense.com.br\/lianasabo\/wp-json\/wp\/v2\/types\/post"}],"author":[{"embeddable":true,"href":"https:\/\/blogs.correiobraziliense.com.br\/lianasabo\/wp-json\/wp\/v2\/users\/54"}],"replies":[{"embeddable":true,"href":"https:\/\/blogs.correiobraziliense.com.br\/lianasabo\/wp-json\/wp\/v2\/comments?post=4394"}],"version-history":[{"count":2,"href":"https:\/\/blogs.correiobraziliense.com.br\/lianasabo\/wp-json\/wp\/v2\/posts\/4394\/revisions"}],"predecessor-version":[{"id":4400,"href":"https:\/\/blogs.correiobraziliense.com.br\/lianasabo\/wp-json\/wp\/v2\/posts\/4394\/revisions\/4400"}],"wp:featuredmedia":[{"embeddable":true,"href":"https:\/\/blogs.correiobraziliense.com.br\/lianasabo\/wp-json\/wp\/v2\/media\/4395"}],"wp:attachment":[{"href":"https:\/\/blogs.correiobraziliense.com.br\/lianasabo\/wp-json\/wp\/v2\/media?parent=4394"}],"wp:term":[{"taxonomy":"category","embeddable":true,"href":"https:\/\/blogs.correiobraziliense.com.br\/lianasabo\/wp-json\/wp\/v2\/categories?post=4394"},{"taxonomy":"post_tag","embeddable":true,"href":"https:\/\/blogs.correiobraziliense.com.br\/lianasabo\/wp-json\/wp\/v2\/tags?post=4394"}],"curies":[{"name":"wp","href":"https:\/\/api.w.org\/{rel}","templated":true}]}}