{"id":4368,"date":"2020-12-10T11:25:50","date_gmt":"2020-12-10T14:25:50","guid":{"rendered":"https:\/\/blogs.correiobraziliense.com.br\/lianasabo\/?p=4368"},"modified":"2020-12-10T11:25:50","modified_gmt":"2020-12-10T14:25:50","slug":"festival-fartura-comeca-sexta-em-cinco-enderecos-e-on-line","status":"publish","type":"post","link":"https:\/\/blogs.correiobraziliense.com.br\/lianasabo\/festival-fartura-comeca-sexta-em-cinco-enderecos-e-on-line\/","title":{"rendered":"Festival Fartura come\u00e7a sexta em cinco endere\u00e7os e on-line"},"content":{"rendered":"<p>Para quem tem na gastronomia um de seus maiores prazeres, chegou o aguardado Festival Fartura do Brasil, cuja edi\u00e7\u00e3o 2020, focada em extensa programa\u00e7\u00e3o on-line, ter\u00e1 tamb\u00e9m a\u00e7\u00f5es presenciais &#8212; participam cinco restaurantes locais &#8211;, n\u00e3o deixando a desejar se comparado a anos anteriores, quando, em 2019, chegou a atrair 90 mil pessoas, em nove cidades: Bras\u00edlia, Belo Horizonte, Bel\u00e9m, S\u00e3o Paulo, Fortaleza, Tiradentes, Concei\u00e7\u00e3o do Mato Dentro, Porto Alegre e Lisboa.<\/p>\n<p>Pela primeira vez, o evento se realiza de forma simult\u00e2nea em todas as regi\u00f5es brasileiras sexta-feira (11\/12), s\u00e1bado (12) e domingo (13) e conta com chefs, ingredientes, produtos e produtores do pa\u00eds inteiro. S\u00e3o mais de 50 horas de conte\u00fado on-line entre dicas, receitas, lives de empreendedorismo, shows de m\u00fasica e teatro.<\/p>\n<p>Impedido de reunir o p\u00fablico em \u00e1reas de lazer e ao ar livre por conta da pandemia, o Festival Fartura Gastronomia Du Brasil optou por uma plataforma que privilegia as duas principais caracter\u00edsticas: brasilidade e fartura da gastronomia brasileira. &#8220;Este ser\u00e1 um grande marco para o projeto que, em um ano de pandemia mundial, conseguiu estar presente no Brasil inteiro, criar condi\u00e7\u00f5es reais entre todas as pontas da cadeia gastron\u00f4mica e levar isso ao p\u00fablico. Seja em forma de conhecimento, seja por meio de experi\u00eancia&#8221;, explica Rodrigo Ferraz, diretor geral da Plataforma Fartura.<\/p>\n<p><strong>Menu Du Brasil<\/strong><\/p>\n<figure id=\"attachment_4370\" aria-describedby=\"caption-attachment-4370\" style=\"width: 800px\" class=\"wp-caption aligncenter\"><a href=\"https:\/\/blogs.correiobraziliense.com.br\/lianasabo\/wp-content\/uploads\/sites\/25\/2020\/12\/chefs-2.jpg\"><img loading=\"lazy\" decoding=\"async\" class=\"size-full wp-image-4370\" src=\"https:\/\/blogs.correiobraziliense.com.br\/lianasabo\/wp-content\/uploads\/sites\/25\/2020\/12\/chefs-2.jpg\" alt=\"\" width=\"800\" height=\"500\" srcset=\"https:\/\/blogs.correiobraziliense.com.br\/lianasabo\/wp-content\/uploads\/sites\/25\/2020\/12\/chefs-2.jpg 800w, https:\/\/blogs.correiobraziliense.com.br\/lianasabo\/wp-content\/uploads\/sites\/25\/2020\/12\/chefs-2-300x188.jpg 300w, https:\/\/blogs.correiobraziliense.com.br\/lianasabo\/wp-content\/uploads\/sites\/25\/2020\/12\/chefs-2-768x480.jpg 768w, https:\/\/blogs.correiobraziliense.com.br\/lianasabo\/wp-content\/uploads\/sites\/25\/2020\/12\/chefs-2-550x344.jpg 550w, https:\/\/blogs.correiobraziliense.com.br\/lianasabo\/wp-content\/uploads\/sites\/25\/2020\/12\/chefs-2-230x144.jpg 230w\" sizes=\"auto, (max-width: 800px) 100vw, 800px\" \/><\/a><figcaption id=\"caption-attachment-4370\" class=\"wp-caption-text\">Cr\u00e9dito: Fartura\/Divulga\u00e7\u00e3o. Chefs Marcelo Petrarca e Diego Badra<\/figcaption><\/figure>\n<p>Tendo como conceito &#8220;da origem ao prato&#8221;, 30 chefs de todas as regi\u00f5es brasileiras se encontraram em Belo Horizonte e formaram duplas para desenvolver um card\u00e1pio a quatro m\u00e3os, que ser\u00e1 executado por eles neste fim de semana. Em Bras\u00edlia, voc\u00ea poder\u00e1 participar do festival nos restaurantes Aroma, onde Ronny Peterson serve os pratos concebidos com o colega mineiro Matheus Paratella; no Ouri\u00e7o ser\u00e1 poss\u00edvel experimentar o menu de Thiago Para\u00edso com o paraense Paulo Anijar; j\u00e1 o chef Diego Badra desenvolveu menu com o cearense Marco Gil para ser oferecido em seu restaurante de nome Conca; a premiada chef ga\u00facha Natalia Tussi fez dupla com Rosario Tessier para servir em Porto Alegre e aqui na Trattoria Da Rosario o menu concebido por eles; e Marcelo Petrarca servir\u00e1 no Bloco C, os pratos criados com a paulista Mara Salles.<\/p>\n<figure id=\"attachment_4371\" aria-describedby=\"caption-attachment-4371\" style=\"width: 1024px\" class=\"wp-caption aligncenter\"><a href=\"https:\/\/blogs.correiobraziliense.com.br\/lianasabo\/wp-content\/uploads\/sites\/25\/2020\/12\/WhatsApp-Image-2020-12-09-at-19.28.45.jpeg\"><img loading=\"lazy\" decoding=\"async\" class=\"size-full wp-image-4371\" src=\"https:\/\/blogs.correiobraziliense.com.br\/lianasabo\/wp-content\/uploads\/sites\/25\/2020\/12\/WhatsApp-Image-2020-12-09-at-19.28.45.jpeg\" alt=\"\" width=\"1024\" height=\"768\" srcset=\"https:\/\/blogs.correiobraziliense.com.br\/lianasabo\/wp-content\/uploads\/sites\/25\/2020\/12\/WhatsApp-Image-2020-12-09-at-19.28.45.jpeg 1024w, https:\/\/blogs.correiobraziliense.com.br\/lianasabo\/wp-content\/uploads\/sites\/25\/2020\/12\/WhatsApp-Image-2020-12-09-at-19.28.45-300x225.jpeg 300w, https:\/\/blogs.correiobraziliense.com.br\/lianasabo\/wp-content\/uploads\/sites\/25\/2020\/12\/WhatsApp-Image-2020-12-09-at-19.28.45-768x576.jpeg 768w, https:\/\/blogs.correiobraziliense.com.br\/lianasabo\/wp-content\/uploads\/sites\/25\/2020\/12\/WhatsApp-Image-2020-12-09-at-19.28.45-800x600.jpeg 800w, https:\/\/blogs.correiobraziliense.com.br\/lianasabo\/wp-content\/uploads\/sites\/25\/2020\/12\/WhatsApp-Image-2020-12-09-at-19.28.45-550x413.jpeg 550w, https:\/\/blogs.correiobraziliense.com.br\/lianasabo\/wp-content\/uploads\/sites\/25\/2020\/12\/WhatsApp-Image-2020-12-09-at-19.28.45-230x173.jpeg 230w\" sizes=\"auto, (max-width: 1024px) 100vw, 1024px\" \/><\/a><figcaption id=\"caption-attachment-4371\" class=\"wp-caption-text\">Cr\u00e9dito: Liana Sabo\/CB\/D.A Press. Prato concebido por Rosario e Natalia<\/figcaption><\/figure>\n<p>Para refor\u00e7ar o conceito que permeia o projeto foram escolhidos ingredientes t\u00edpicos de cada cidade para compor os card\u00e1pios dos chefs que as representam, como o baru, produto nativo do cerrado, simboliza Bras\u00edlia, enquanto a rapadura, Fortaleza; jabuticaba, Belo Horizonte; e mandioca, Bel\u00e9m. S\u00e3o Paulo foi representado pela banana e Porto Alegre, pelo azeite. Durante a execu\u00e7\u00e3o do menu, todos os pratos foram registrados para que o p\u00fablico possa conferir o conte\u00fado no site do Projeto Fartura, durante o festival: <a href=\"http:\/\/www.farturabrasil.com.br\">www.farturabrasil.com.br<\/a>.<\/p>\n<p>Nos cinco restaurantes da cidade, os pre\u00e7os s\u00e3o fixos: R$ 120, menu individual e R$ 290, a caixa para duas pessoas no delivery, em formato pr\u00e9-cooking.<\/p>\n","protected":false},"excerpt":{"rendered":"<p>Para quem tem na gastronomia um de seus maiores prazeres, chegou o aguardado Festival Fartura do Brasil, cuja edi\u00e7\u00e3o 2020, focada em extensa programa\u00e7\u00e3o on-line, ter\u00e1 tamb\u00e9m a\u00e7\u00f5es presenciais &#8212; participam cinco restaurantes locais &#8211;, n\u00e3o deixando a desejar se comparado a anos anteriores, quando, em 2019, chegou a atrair 90 mil pessoas, em nove cidades: Bras\u00edlia, Belo Horizonte, Bel\u00e9m, [&hellip;]<\/p>\n","protected":false},"author":54,"featured_media":4369,"comment_status":"open","ping_status":"open","sticky":false,"template":"","format":"standard","meta":{"footnotes":""},"categories":[1],"tags":[],"class_list":["post-4368","post","type-post","status-publish","format-standard","has-post-thumbnail","hentry","category-sem-categoria"],"_links":{"self":[{"href":"https:\/\/blogs.correiobraziliense.com.br\/lianasabo\/wp-json\/wp\/v2\/posts\/4368","targetHints":{"allow":["GET"]}}],"collection":[{"href":"https:\/\/blogs.correiobraziliense.com.br\/lianasabo\/wp-json\/wp\/v2\/posts"}],"about":[{"href":"https:\/\/blogs.correiobraziliense.com.br\/lianasabo\/wp-json\/wp\/v2\/types\/post"}],"author":[{"embeddable":true,"href":"https:\/\/blogs.correiobraziliense.com.br\/lianasabo\/wp-json\/wp\/v2\/users\/54"}],"replies":[{"embeddable":true,"href":"https:\/\/blogs.correiobraziliense.com.br\/lianasabo\/wp-json\/wp\/v2\/comments?post=4368"}],"version-history":[{"count":1,"href":"https:\/\/blogs.correiobraziliense.com.br\/lianasabo\/wp-json\/wp\/v2\/posts\/4368\/revisions"}],"predecessor-version":[{"id":4372,"href":"https:\/\/blogs.correiobraziliense.com.br\/lianasabo\/wp-json\/wp\/v2\/posts\/4368\/revisions\/4372"}],"wp:featuredmedia":[{"embeddable":true,"href":"https:\/\/blogs.correiobraziliense.com.br\/lianasabo\/wp-json\/wp\/v2\/media\/4369"}],"wp:attachment":[{"href":"https:\/\/blogs.correiobraziliense.com.br\/lianasabo\/wp-json\/wp\/v2\/media?parent=4368"}],"wp:term":[{"taxonomy":"category","embeddable":true,"href":"https:\/\/blogs.correiobraziliense.com.br\/lianasabo\/wp-json\/wp\/v2\/categories?post=4368"},{"taxonomy":"post_tag","embeddable":true,"href":"https:\/\/blogs.correiobraziliense.com.br\/lianasabo\/wp-json\/wp\/v2\/tags?post=4368"}],"curies":[{"name":"wp","href":"https:\/\/api.w.org\/{rel}","templated":true}]}}