{"id":4353,"date":"2020-11-28T15:36:20","date_gmt":"2020-11-28T18:36:20","guid":{"rendered":"https:\/\/blogs.correiobraziliense.com.br\/lianasabo\/?p=4353"},"modified":"2020-11-28T15:36:20","modified_gmt":"2020-11-28T18:36:20","slug":"conheca-o-don-leon-que-apresenta-o-melhor-da-cozinha-espanhola","status":"publish","type":"post","link":"https:\/\/blogs.correiobraziliense.com.br\/lianasabo\/conheca-o-don-leon-que-apresenta-o-melhor-da-cozinha-espanhola\/","title":{"rendered":"Conhe\u00e7a o Don Le\u00f3n, que apresenta o melhor da cozinha espanhola"},"content":{"rendered":"<p>Bras\u00edlia ganha a primeira casa de comida espanhola de raiz, depois de muitos anos, quando reinaram ainda no s\u00e9culo passado, O Espanhol, La Torreta e Salamanca. Da\u00ed a enorme expectativa que cerca Don Le\u00f3n, uma grife do interior paulista, fundada h\u00e1 mais de 50 anos pela fam\u00edlia Perez y Fernandez, oriunda da prov\u00edncia de Le\u00f3n, cuja capital de mesmo nome \u00e9 uma cidade hist\u00f3rica, no noroeste da Espanha, que faz parte do Caminho de Santiago de Compostela.<\/p>\n<p>Localizado na 112 Sul, Bloco A, Loja 29, onde funcionou a Casa Doce, que se mudou para um espa\u00e7o muito maior na esquina de cima da mesma quadra, o restaurante \u00e9 comandado por Mariangelez Perez y Fernandez, filha do fundador Santiago Perez, o marido Frederico Zanpieri e o filho Henrique Perez, de 20 anos. Sempre presentes na casa, aberta h\u00e1 duas semanas, os donos s\u00e3o identificados simplesmente por Mari, Fred e Henrique.<\/p>\n<figure id=\"attachment_4358\" aria-describedby=\"caption-attachment-4358\" style=\"width: 300px\" class=\"wp-caption alignright\"><a href=\"https:\/\/blogs.correiobraziliense.com.br\/lianasabo\/wp-content\/uploads\/sites\/25\/2020\/11\/WhatsApp-Image-2020-11-28-at-15.16.46-1.jpeg\"><img loading=\"lazy\" decoding=\"async\" class=\"wp-image-4358 size-medium\" src=\"https:\/\/blogs.correiobraziliense.com.br\/lianasabo\/wp-content\/uploads\/sites\/25\/2020\/11\/WhatsApp-Image-2020-11-28-at-15.16.46-1-300x225.jpeg\" alt=\"\" width=\"300\" height=\"225\" srcset=\"https:\/\/blogs.correiobraziliense.com.br\/lianasabo\/wp-content\/uploads\/sites\/25\/2020\/11\/WhatsApp-Image-2020-11-28-at-15.16.46-1-300x225.jpeg 300w, https:\/\/blogs.correiobraziliense.com.br\/lianasabo\/wp-content\/uploads\/sites\/25\/2020\/11\/WhatsApp-Image-2020-11-28-at-15.16.46-1-768x576.jpeg 768w, https:\/\/blogs.correiobraziliense.com.br\/lianasabo\/wp-content\/uploads\/sites\/25\/2020\/11\/WhatsApp-Image-2020-11-28-at-15.16.46-1.jpeg 1024w, https:\/\/blogs.correiobraziliense.com.br\/lianasabo\/wp-content\/uploads\/sites\/25\/2020\/11\/WhatsApp-Image-2020-11-28-at-15.16.46-1-800x600.jpeg 800w, https:\/\/blogs.correiobraziliense.com.br\/lianasabo\/wp-content\/uploads\/sites\/25\/2020\/11\/WhatsApp-Image-2020-11-28-at-15.16.46-1-550x413.jpeg 550w, https:\/\/blogs.correiobraziliense.com.br\/lianasabo\/wp-content\/uploads\/sites\/25\/2020\/11\/WhatsApp-Image-2020-11-28-at-15.16.46-1-230x173.jpeg 230w\" sizes=\"auto, (max-width: 300px) 100vw, 300px\" \/><\/a><figcaption id=\"caption-attachment-4358\" class=\"wp-caption-text\">Cr\u00e9dito: Su Maestri\/Divulga\u00e7\u00e3o. Henrique, Mari e Fred<\/figcaption><\/figure>\n<p><strong>A origem<\/strong><\/p>\n<p>&#8220;Nosso primeiro restaurante fica em Monte Apraz\u00edvel, distante 500 quil\u00f4metros de S\u00e3o Paulo, onde se consolidou como refer\u00eancia. At\u00e9 hoje minha m\u00e3e, irm\u00e3 e sobrinho cuidam daquela unidade com amor&#8221;, conta a chef Mari, a ca\u00e7ula de cinco irm\u00e3os, que aos 11 meses de idade, quase n\u00e3o sobreviveu na travessia do Atl\u00e2ntico de navio. Funileiro de profiss\u00e3o, o pai come\u00e7ou a trabalhar e a fam\u00edlia, muito amorosa, logo se cercou de in\u00fameros amigos que \u00edam l\u00e1 se deliciar com bons pratos espanh\u00f3is, quando a m\u00e3e, Rubina Fernandez, indagou: &#8220;j\u00e1 que todo mundo gosta da comida, por que n\u00e3o se come\u00e7a um neg\u00f3cio?&#8221;, lembra Mari.<\/p>\n<p>Um ano depois de terem emigrado, os Perez y Fernandez inauguram o primeiro Don Le\u00f3n em 1964. O segundo veio seis anos atr\u00e1s a menos de 40 quil\u00f4metros do primeiro e est\u00e1 localizado em S\u00e3o Jos\u00e9 do Rio Preto, &#8220;um lugar fant\u00e1stico administrado pelo meu irm\u00e3o Angel Perez, que tem sido premiado&#8221;, define Mariangelez. A grife ainda tem em Campo Belo, distrito de S\u00e3o Paulo, um servi\u00e7o de delivery, previsto para se tornar restaurante a partir de fevereiro de 2021.<\/p>\n<p>Por sugest\u00e3o de um cliente que se tornou &#8220;amigo querido&#8221;, o empres\u00e1rio Jos\u00e9 Carlos Semenzato, franqueador da rede de prato \u00fanico L`Entrec\u00f4te de Paris e s\u00f3cio de mais de 20 empresas, o casal Mari e Fred veio \u00e0 capital, no ano passado prospectar neg\u00f3cio. Depois de pesquisar a \u00e1rea de alimenta\u00e7\u00e3o fora do lar, viu que teria boas chances de trazer a cozinha espanhola. Quando alugou a loja vaga, <a href=\"https:\/\/blogs.correiobraziliense.com.br\/lianasabo\/don-leon-esta-chegando\/\">este <strong>Blog<\/strong> anunciou, em primeira m\u00e3o, no \u00faltimo m\u00eas de mar\u00e7o, a vinda de Don Le\u00f3n antes da P\u00e1scoa<\/a>. A pandemia atrasou o projeto que se realiza agora.<\/p>\n<p><strong>A melhor paella<\/strong><\/p>\n<figure id=\"attachment_4355\" aria-describedby=\"caption-attachment-4355\" style=\"width: 1024px\" class=\"wp-caption aligncenter\"><a href=\"https:\/\/blogs.correiobraziliense.com.br\/lianasabo\/wp-content\/uploads\/sites\/25\/2020\/11\/WhatsApp-Image-2020-11-28-at-15.16.47.jpeg\"><img loading=\"lazy\" decoding=\"async\" class=\"size-large wp-image-4355\" src=\"https:\/\/blogs.correiobraziliense.com.br\/lianasabo\/wp-content\/uploads\/sites\/25\/2020\/11\/WhatsApp-Image-2020-11-28-at-15.16.47-1024x954.jpeg\" alt=\"\" width=\"1024\" height=\"954\" srcset=\"https:\/\/blogs.correiobraziliense.com.br\/lianasabo\/wp-content\/uploads\/sites\/25\/2020\/11\/WhatsApp-Image-2020-11-28-at-15.16.47-1024x954.jpeg 1024w, https:\/\/blogs.correiobraziliense.com.br\/lianasabo\/wp-content\/uploads\/sites\/25\/2020\/11\/WhatsApp-Image-2020-11-28-at-15.16.47-300x279.jpeg 300w, https:\/\/blogs.correiobraziliense.com.br\/lianasabo\/wp-content\/uploads\/sites\/25\/2020\/11\/WhatsApp-Image-2020-11-28-at-15.16.47-768x715.jpeg 768w, https:\/\/blogs.correiobraziliense.com.br\/lianasabo\/wp-content\/uploads\/sites\/25\/2020\/11\/WhatsApp-Image-2020-11-28-at-15.16.47-800x745.jpeg 800w, https:\/\/blogs.correiobraziliense.com.br\/lianasabo\/wp-content\/uploads\/sites\/25\/2020\/11\/WhatsApp-Image-2020-11-28-at-15.16.47-550x512.jpeg 550w, https:\/\/blogs.correiobraziliense.com.br\/lianasabo\/wp-content\/uploads\/sites\/25\/2020\/11\/WhatsApp-Image-2020-11-28-at-15.16.47-230x214.jpeg 230w, https:\/\/blogs.correiobraziliense.com.br\/lianasabo\/wp-content\/uploads\/sites\/25\/2020\/11\/WhatsApp-Image-2020-11-28-at-15.16.47.jpeg 1280w\" sizes=\"auto, (max-width: 1024px) 100vw, 1024px\" \/><\/a><figcaption id=\"caption-attachment-4355\" class=\"wp-caption-text\">Cr\u00e9dito: Su Maestri\/Divulga\u00e7\u00e3o. Paella<\/figcaption><\/figure>\n<p>Nos anos 1980, o \u00fanico concorrente do n\u00edvel de Don Le\u00f3n era Don Curro, famoso templo da comida espanhola na capital paulista, localizado no bairro Pinheiros. Os respons\u00e1veis, que se admiravam mutuamente, respeitavam o embate. Desse tempo, a herdeira de Don Le\u00f3n lembra, com orgulho, a frase que o fundador do Don Curro disse ao seu pai: &#8220;A minha paella tem o glamour, mas a sua tem o sabor&#8221;.<\/p>\n<p>N\u00e3o s\u00f3 na paella (de frutos do mar, valenciana e com lagosta), mas em todos os pratos, o sabor profundo \u00e9 o primeiro elemento, depois do aroma, que distingue o card\u00e1pio da cozinha cl\u00e1ssica da Espanha. O pre\u00e7o das paellas varia entre R$ 188, a de frutos do mar, a R$ 247, a de lagosta para duas pessoas, que servem bem at\u00e9 tr\u00eas. Polvo \u00e0 galega grelhado no azeite com p\u00e1prica espanhola, batatas cozidas e arroz \u00e9 outra pedida por R$ 247, tamb\u00e9m para duas pessoas.<\/p>\n<p>O grande destaque que tem surpreendido a incipiente clientela nessas duas semanas (tem gente que j\u00e1 voltou tr\u00eas vezes) \u00e9 um prato feito com o peixe branco do dia (eu comi pescada amarela) frito \u00e0 milanesa e mergulhado em molho branco, que leva alcaparras, batatas e camar\u00f5es. A receita do molho branco \u00e9 o grande trunfo da chef, que n\u00e3o revela. Servido com arroz branco sai por R$ 218 para at\u00e9 tr\u00eas pessoas se pedirem antes uma entrada. Como o carpaccio de bacalhau, regado com azeite, salsa, rodelas de tomate e alho frito acompanhado de p\u00e3o torrado que voc\u00ea pode fazer um montadito.<\/p>\n<figure id=\"attachment_4356\" aria-describedby=\"caption-attachment-4356\" style=\"width: 1024px\" class=\"wp-caption aligncenter\"><a href=\"https:\/\/blogs.correiobraziliense.com.br\/lianasabo\/wp-content\/uploads\/sites\/25\/2020\/11\/WhatsApp-Image-2020-11-28-at-15.16.48.jpeg\"><img loading=\"lazy\" decoding=\"async\" class=\"size-large wp-image-4356\" src=\"https:\/\/blogs.correiobraziliense.com.br\/lianasabo\/wp-content\/uploads\/sites\/25\/2020\/11\/WhatsApp-Image-2020-11-28-at-15.16.48-1024x764.jpeg\" alt=\"\" width=\"1024\" height=\"764\" srcset=\"https:\/\/blogs.correiobraziliense.com.br\/lianasabo\/wp-content\/uploads\/sites\/25\/2020\/11\/WhatsApp-Image-2020-11-28-at-15.16.48-1024x764.jpeg 1024w, https:\/\/blogs.correiobraziliense.com.br\/lianasabo\/wp-content\/uploads\/sites\/25\/2020\/11\/WhatsApp-Image-2020-11-28-at-15.16.48-300x224.jpeg 300w, https:\/\/blogs.correiobraziliense.com.br\/lianasabo\/wp-content\/uploads\/sites\/25\/2020\/11\/WhatsApp-Image-2020-11-28-at-15.16.48-768x573.jpeg 768w, https:\/\/blogs.correiobraziliense.com.br\/lianasabo\/wp-content\/uploads\/sites\/25\/2020\/11\/WhatsApp-Image-2020-11-28-at-15.16.48-800x597.jpeg 800w, https:\/\/blogs.correiobraziliense.com.br\/lianasabo\/wp-content\/uploads\/sites\/25\/2020\/11\/WhatsApp-Image-2020-11-28-at-15.16.48-550x410.jpeg 550w, https:\/\/blogs.correiobraziliense.com.br\/lianasabo\/wp-content\/uploads\/sites\/25\/2020\/11\/WhatsApp-Image-2020-11-28-at-15.16.48-230x172.jpeg 230w, https:\/\/blogs.correiobraziliense.com.br\/lianasabo\/wp-content\/uploads\/sites\/25\/2020\/11\/WhatsApp-Image-2020-11-28-at-15.16.48.jpeg 1280w\" sizes=\"auto, (max-width: 1024px) 100vw, 1024px\" \/><\/a><figcaption id=\"caption-attachment-4356\" class=\"wp-caption-text\">Cr\u00e9dito: Su Maestri\/Divulga\u00e7\u00e3o. Peixe \u00e0 milanesa embebido em molho branco<\/figcaption><\/figure>\n<p>Para come\u00e7ar, tamb\u00e9m, h\u00e1 mexilh\u00f5es no molho de tomate, cebola, alho e p\u00e1prica; piment\u00f5es no azeite; camar\u00e3o no alho; tortilha tradicional; tapas e jam\u00f3n serrano. J\u00e1 no principal, camar\u00e3o, lula, mexilh\u00e3o, v\u00f4ngole, pescada branca v\u00eam na Caldeirada Espanhola em molho vermelho com p\u00e1prica por R$ 198, para dois ou tr\u00eas. Os pratos de bacalhau do porto s\u00e3o quatro: ao forno; \u00e0 moda (molho de a\u00e7afr\u00e3o, batatas cozidas, br\u00f3colis, ovos, cenoura, ervilhas e azeitonas pretas); \u00e0 visca\u00edna e bacalhau Silvio em homenagem a um cliente, que sugeriu o peixe grelhado com batata, champignon, ervilha, br\u00f3colis, cenoura baby, couve-flor e tomate cereja &#8211; um mix por R$ 195.<\/p>\n<p><strong>Os valores<\/strong><\/p>\n<figure id=\"attachment_4357\" aria-describedby=\"caption-attachment-4357\" style=\"width: 225px\" class=\"wp-caption alignleft\"><a href=\"https:\/\/blogs.correiobraziliense.com.br\/lianasabo\/wp-content\/uploads\/sites\/25\/2020\/11\/WhatsApp-Image-2020-11-28-at-15.16.48-2.jpeg\"><img loading=\"lazy\" decoding=\"async\" class=\"size-medium wp-image-4357\" src=\"https:\/\/blogs.correiobraziliense.com.br\/lianasabo\/wp-content\/uploads\/sites\/25\/2020\/11\/WhatsApp-Image-2020-11-28-at-15.16.48-2-225x300.jpeg\" alt=\"\" width=\"225\" height=\"300\" srcset=\"https:\/\/blogs.correiobraziliense.com.br\/lianasabo\/wp-content\/uploads\/sites\/25\/2020\/11\/WhatsApp-Image-2020-11-28-at-15.16.48-2-225x300.jpeg 225w, https:\/\/blogs.correiobraziliense.com.br\/lianasabo\/wp-content\/uploads\/sites\/25\/2020\/11\/WhatsApp-Image-2020-11-28-at-15.16.48-2-768x1024.jpeg 768w, https:\/\/blogs.correiobraziliense.com.br\/lianasabo\/wp-content\/uploads\/sites\/25\/2020\/11\/WhatsApp-Image-2020-11-28-at-15.16.48-2-800x1067.jpeg 800w, https:\/\/blogs.correiobraziliense.com.br\/lianasabo\/wp-content\/uploads\/sites\/25\/2020\/11\/WhatsApp-Image-2020-11-28-at-15.16.48-2-550x733.jpeg 550w, https:\/\/blogs.correiobraziliense.com.br\/lianasabo\/wp-content\/uploads\/sites\/25\/2020\/11\/WhatsApp-Image-2020-11-28-at-15.16.48-2-230x307.jpeg 230w, https:\/\/blogs.correiobraziliense.com.br\/lianasabo\/wp-content\/uploads\/sites\/25\/2020\/11\/WhatsApp-Image-2020-11-28-at-15.16.48-2.jpeg 960w\" sizes=\"auto, (max-width: 225px) 100vw, 225px\" \/><\/a><figcaption id=\"caption-attachment-4357\" class=\"wp-caption-text\">Cr\u00e9dito: Su Maestri\/Divulga\u00e7\u00e3o. Vinho com o r\u00f3tulo da casa<\/figcaption><\/figure>\n<p>Al\u00e9m da apreciada crema catalana, na sobremesa, completa o menu drinques bem inspirados, como sprits di Alhambra, levemente picante, de espumante, licor 43, p\u00eassego, gengibre, lim\u00e3o siciliano e tomilho de teor alco\u00f3lico m\u00e9dio por R$ 36. \u00c9 claro que n\u00e3o pode faltar a tradicional sangria feita com vinhos tinto ou branco (R$ 89) e clericot de espumante ros\u00e9 (R$ 99). J\u00e1 na carta de vinhos, assinada pela Del Maipo, o destaque \u00e9 o r\u00f3tulo da casa Don Le\u00f3n 2018, um Tempranillo produzido pela Bodega Vizar, a preferida do rei da Espanha.<\/p>\n<p>A equipe do restaurante foi escolhida a dedo pela chef Mari, que aproveita o treinamento para passar os valores da fam\u00edlia: respeito, honestidade e humildade, como ela mesmo se refere no menu. Don Le\u00f3n funciona de ter\u00e7a a s\u00e1bado, para jantar e s\u00e1bado e domingo, para almo\u00e7o. Telefone: 99276-2727.<\/p>\n","protected":false},"excerpt":{"rendered":"<p>Bras\u00edlia ganha a primeira casa de comida espanhola de raiz, depois de muitos anos, quando reinaram ainda no s\u00e9culo passado, O Espanhol, La Torreta e Salamanca. Da\u00ed a enorme expectativa que cerca Don Le\u00f3n, uma grife do interior paulista, fundada h\u00e1 mais de 50 anos pela fam\u00edlia Perez y Fernandez, oriunda da prov\u00edncia de Le\u00f3n, cuja capital de mesmo nome [&hellip;]<\/p>\n","protected":false},"author":54,"featured_media":4354,"comment_status":"open","ping_status":"open","sticky":false,"template":"","format":"standard","meta":{"footnotes":""},"categories":[1],"tags":[],"class_list":["post-4353","post","type-post","status-publish","format-standard","has-post-thumbnail","hentry","category-sem-categoria"],"_links":{"self":[{"href":"https:\/\/blogs.correiobraziliense.com.br\/lianasabo\/wp-json\/wp\/v2\/posts\/4353","targetHints":{"allow":["GET"]}}],"collection":[{"href":"https:\/\/blogs.correiobraziliense.com.br\/lianasabo\/wp-json\/wp\/v2\/posts"}],"about":[{"href":"https:\/\/blogs.correiobraziliense.com.br\/lianasabo\/wp-json\/wp\/v2\/types\/post"}],"author":[{"embeddable":true,"href":"https:\/\/blogs.correiobraziliense.com.br\/lianasabo\/wp-json\/wp\/v2\/users\/54"}],"replies":[{"embeddable":true,"href":"https:\/\/blogs.correiobraziliense.com.br\/lianasabo\/wp-json\/wp\/v2\/comments?post=4353"}],"version-history":[{"count":1,"href":"https:\/\/blogs.correiobraziliense.com.br\/lianasabo\/wp-json\/wp\/v2\/posts\/4353\/revisions"}],"predecessor-version":[{"id":4359,"href":"https:\/\/blogs.correiobraziliense.com.br\/lianasabo\/wp-json\/wp\/v2\/posts\/4353\/revisions\/4359"}],"wp:featuredmedia":[{"embeddable":true,"href":"https:\/\/blogs.correiobraziliense.com.br\/lianasabo\/wp-json\/wp\/v2\/media\/4354"}],"wp:attachment":[{"href":"https:\/\/blogs.correiobraziliense.com.br\/lianasabo\/wp-json\/wp\/v2\/media?parent=4353"}],"wp:term":[{"taxonomy":"category","embeddable":true,"href":"https:\/\/blogs.correiobraziliense.com.br\/lianasabo\/wp-json\/wp\/v2\/categories?post=4353"},{"taxonomy":"post_tag","embeddable":true,"href":"https:\/\/blogs.correiobraziliense.com.br\/lianasabo\/wp-json\/wp\/v2\/tags?post=4353"}],"curies":[{"name":"wp","href":"https:\/\/api.w.org\/{rel}","templated":true}]}}