{"id":4349,"date":"2020-11-26T18:10:07","date_gmt":"2020-11-26T21:10:07","guid":{"rendered":"https:\/\/blogs.correiobraziliense.com.br\/lianasabo\/?p=4349"},"modified":"2020-11-27T20:30:17","modified_gmt":"2020-11-27T23:30:17","slug":"depois-de-56-anos-manuelzinho-ira-comandar-resto-com-o-seu-nome-na-asa-sul","status":"publish","type":"post","link":"https:\/\/blogs.correiobraziliense.com.br\/lianasabo\/depois-de-56-anos-manuelzinho-ira-comandar-resto-com-o-seu-nome-na-asa-sul\/","title":{"rendered":"Depois de 56 anos, Manuelzinho ir\u00e1 comandar rest\u00f4 com o seu nome na Asa Sul"},"content":{"rendered":"<p>J\u00e1 se passou mais de meio s\u00e9culo, que um garoto portugu\u00eas chamado Manuel Pires come\u00e7ou a trabalhar, aos 11 anos, numa pousada no Alentejo, primeiro arrumando camas, depois passando pelo bar at\u00e9 o restaurante. Ali, j\u00e1 se desenhava a carreira de sucesso, que chegou ao auge no Rio de Janeiro, onde por quatro d\u00e9cadas o restaurateur lusitano emprestou sua desenvoltura e conhecimento gastron\u00f4mico no Antiquarius at\u00e9 vir a Bras\u00edlia com a mesma grife. As marcas desapareceram, mas o legado permaneceu na alma e no c\u00e9rebro do portugu\u00eas, que passou a tocar o restaurante Tejo, de onde se afasta em dezembro para se lan\u00e7ar em novo projeto, o primeiro com o seu nome.<\/p>\n<p>Manuelzinho abrir\u00e1 as portas em janeiro na 404 Sul, Bloco A, numa \u00fanica lojinha, a 33, onde funcionou Brace Cortes Especiais. O propriet\u00e1rio S\u00e9rgio Oliveira confirmou ao <strong>Blog do Correio<\/strong> que vendeu o ponto, de porteira fechada, com todas as instala\u00e7\u00f5es para um empres\u00e1rio da cidade inaugurar ali uma casa portuguesa. A opera\u00e7\u00e3o conta ainda com Fl\u00e1vio Potiguar como um dos s\u00f3cios.<\/p>\n<p>&#8220;As obras j\u00e1 come\u00e7aram e n\u00f3s n\u00e3o vamos precisar da parrilla&#8221;, disse Manuelzinho, o s\u00f3cio-propriet\u00e1rio do estabelecimento, que ir\u00e1 tomar conta, tendo ao lado a mulher Natividade, tamb\u00e9m do ramo culin\u00e1rio desde que comandou o Dali Cam\u00f5es no Brasil 21.<\/p>\n<p><strong>O chef vai junto<\/strong><\/p>\n<p>Na cozinha estar\u00e1 o chef Cust\u00f3dio Alves, que acompanha Manuel Pires h\u00e1 15 anos, e agora tamb\u00e9m se desliga do Tejo. \u00c9 ele quem prepara cl\u00e1ssicos como o bacalhau \u00e0 portuguesa, assado ao forno e servido com batata, ovos, br\u00f3colis, tomate, alho laminado e cebola confitada. Al\u00e9m do arroz com pato, haver\u00e1 arroz com bandejo, camar\u00e3o e lagostins. Outra especialidade da casa, que tem como investidor um amante da cozinha lusitana, ser\u00e1 a cavaquinha grelhada com molho escarg\u00f4, revelou o s\u00f3cio homenageado.<\/p>\n<p>Pela anima\u00e7\u00e3o de Manuelzinho, j\u00e1 d\u00e1 para se prever que o restaurante com o seu nome focar\u00e1 em pratos fartos, arom\u00e1ticos e com grande variedade de ingredientes, bons vinhos e diversos tipos de doce, que conferem personalidade \u00e0 gastronomia portuguesa. Boa sorte!<\/p>\n","protected":false},"excerpt":{"rendered":"<p>J\u00e1 se passou mais de meio s\u00e9culo, que um garoto portugu\u00eas chamado Manuel Pires come\u00e7ou a trabalhar, aos 11 anos, numa pousada no Alentejo, primeiro arrumando camas, depois passando pelo bar at\u00e9 o restaurante. Ali, j\u00e1 se desenhava a carreira de sucesso, que chegou ao auge no Rio de Janeiro, onde por quatro d\u00e9cadas o restaurateur lusitano emprestou sua desenvoltura [&hellip;]<\/p>\n","protected":false},"author":54,"featured_media":4350,"comment_status":"open","ping_status":"open","sticky":false,"template":"","format":"standard","meta":{"footnotes":""},"categories":[1],"tags":[],"class_list":["post-4349","post","type-post","status-publish","format-standard","has-post-thumbnail","hentry","category-sem-categoria"],"_links":{"self":[{"href":"https:\/\/blogs.correiobraziliense.com.br\/lianasabo\/wp-json\/wp\/v2\/posts\/4349","targetHints":{"allow":["GET"]}}],"collection":[{"href":"https:\/\/blogs.correiobraziliense.com.br\/lianasabo\/wp-json\/wp\/v2\/posts"}],"about":[{"href":"https:\/\/blogs.correiobraziliense.com.br\/lianasabo\/wp-json\/wp\/v2\/types\/post"}],"author":[{"embeddable":true,"href":"https:\/\/blogs.correiobraziliense.com.br\/lianasabo\/wp-json\/wp\/v2\/users\/54"}],"replies":[{"embeddable":true,"href":"https:\/\/blogs.correiobraziliense.com.br\/lianasabo\/wp-json\/wp\/v2\/comments?post=4349"}],"version-history":[{"count":2,"href":"https:\/\/blogs.correiobraziliense.com.br\/lianasabo\/wp-json\/wp\/v2\/posts\/4349\/revisions"}],"predecessor-version":[{"id":4352,"href":"https:\/\/blogs.correiobraziliense.com.br\/lianasabo\/wp-json\/wp\/v2\/posts\/4349\/revisions\/4352"}],"wp:featuredmedia":[{"embeddable":true,"href":"https:\/\/blogs.correiobraziliense.com.br\/lianasabo\/wp-json\/wp\/v2\/media\/4350"}],"wp:attachment":[{"href":"https:\/\/blogs.correiobraziliense.com.br\/lianasabo\/wp-json\/wp\/v2\/media?parent=4349"}],"wp:term":[{"taxonomy":"category","embeddable":true,"href":"https:\/\/blogs.correiobraziliense.com.br\/lianasabo\/wp-json\/wp\/v2\/categories?post=4349"},{"taxonomy":"post_tag","embeddable":true,"href":"https:\/\/blogs.correiobraziliense.com.br\/lianasabo\/wp-json\/wp\/v2\/tags?post=4349"}],"curies":[{"name":"wp","href":"https:\/\/api.w.org\/{rel}","templated":true}]}}