{"id":4313,"date":"2020-11-17T09:31:26","date_gmt":"2020-11-17T12:31:26","guid":{"rendered":"https:\/\/blogs.correiobraziliense.com.br\/lianasabo\/?p=4313"},"modified":"2020-11-17T09:31:26","modified_gmt":"2020-11-17T12:31:26","slug":"enologo-espanhol-pablo-miranda-harmoniza-jantar-no-lago-sul","status":"publish","type":"post","link":"https:\/\/blogs.correiobraziliense.com.br\/lianasabo\/enologo-espanhol-pablo-miranda-harmoniza-jantar-no-lago-sul\/","title":{"rendered":"En\u00f3logo espanhol Pablo Miranda harmoniza jantar no Lago Sul"},"content":{"rendered":"<p>N\u00e3o se sabe o que veio primeiro: a paix\u00e3o do brasiliense pelos vinhos espanh\u00f3is ou a do en\u00f3logo Pablo Miranda por Bras\u00edlia. O certo \u00e9 que ele vem seguido \u00e0 cidade e, agora, ao se preparar para a viagem, informou \u00e0 Del Maipo, &#8220;aqui j\u00e1 est\u00e1 muito frio&#8221;. Assessor internacional de projetos vitivin\u00edcolas da importadora brasiliense, Pablo ir\u00e1 passar, pelo menos, alguns dias mais c\u00e1lidos na capital e dessa vez ir\u00e1 conhecer uma joia de bom gosto, conforto e sabor que \u00e9 o The Queens Place Greenhouse, no Lago Sul.<\/p>\n<p>L\u00e1, estar\u00e1 nessa quinta-feira, Pablo Miranda explicando cada r\u00f3tulo para a clientela gourmet que ir\u00e1 degustar o menu do chef Pedro Henrique Batista a come\u00e7ar pela croqueta de fil\u00e9 com molho de pimenta; burrata servida com p\u00e3o r\u00fastico e chutney de manga e steak tartare acompanhados pelo Vizar Verdejo e Charlat\u00e1n Rose.<\/p>\n<figure id=\"attachment_4316\" aria-describedby=\"caption-attachment-4316\" style=\"width: 768px\" class=\"wp-caption aligncenter\"><a href=\"https:\/\/blogs.correiobraziliense.com.br\/lianasabo\/wp-content\/uploads\/sites\/25\/2020\/11\/WhatsApp-Image-2020-11-16-at-21.22.11.jpeg\"><img loading=\"lazy\" decoding=\"async\" class=\"size-full wp-image-4316\" src=\"https:\/\/blogs.correiobraziliense.com.br\/lianasabo\/wp-content\/uploads\/sites\/25\/2020\/11\/WhatsApp-Image-2020-11-16-at-21.22.11.jpeg\" alt=\"\" width=\"768\" height=\"641\" srcset=\"https:\/\/blogs.correiobraziliense.com.br\/lianasabo\/wp-content\/uploads\/sites\/25\/2020\/11\/WhatsApp-Image-2020-11-16-at-21.22.11.jpeg 768w, https:\/\/blogs.correiobraziliense.com.br\/lianasabo\/wp-content\/uploads\/sites\/25\/2020\/11\/WhatsApp-Image-2020-11-16-at-21.22.11-300x250.jpeg 300w, https:\/\/blogs.correiobraziliense.com.br\/lianasabo\/wp-content\/uploads\/sites\/25\/2020\/11\/WhatsApp-Image-2020-11-16-at-21.22.11-550x459.jpeg 550w, https:\/\/blogs.correiobraziliense.com.br\/lianasabo\/wp-content\/uploads\/sites\/25\/2020\/11\/WhatsApp-Image-2020-11-16-at-21.22.11-230x192.jpeg 230w\" sizes=\"auto, (max-width: 768px) 100vw, 768px\" \/><\/a><figcaption id=\"caption-attachment-4316\" class=\"wp-caption-text\">En\u00f3logo espanhol Pablo Miranda. Cr\u00e9dito: Liana Sabo\/CB\/D.A Press<\/figcaption><\/figure>\n<p>No principal, vir\u00e3o tr\u00eas iguarias: um tornedor de fil\u00e9-mignon envolto em bacon com uma crosta de parmes\u00e3o, surpreendente pur\u00ea de couve-flor defumado e molho de pimentas; risoto funghi com brie e pato confitado com pur\u00ea de ra\u00edzes e molho de laranja. Nas ta\u00e7as, o Visar Tempranillo e o R\u00e9quiem e Pablo aproveita para lan\u00e7ar um dos \u00faltimos &#8220;rebentos&#8221;, o Re Minor,<\/p>\n<p>Sobre os vinhos, a especialista Su Maestri, respons\u00e1vel pelo blog <em>VinhoCapital<\/em>, comenta &#8220;o R\u00e9quiem oferece o cheiro acentuado de frutas negras, mas tamb\u00e9m traz toques sutis de flores e nuances torradas. Da composi\u00e7\u00e3o ao visual, o Charlat\u00e1n aparece com a delicadeza dos vinhos ros\u00e9 e a pot\u00eancia da garnacha tinta&#8221;.<\/p>\n<p><strong>Pera ao vinho<\/strong><\/p>\n<p>Um cl\u00e1ssico da do\u00e7aria francesa foi escolhido para sobremesa, mas de forma revisitada. O chef Pedro Henrique serve a pera cozida numa redu\u00e7\u00e3o de vinho do porto com uma camada de merengue ma\u00e7aricado e uma bola de sorvete de nata da Saborella.<\/p>\n<p>A degusta\u00e7\u00e3o ter\u00e1 in\u00edcio \u00e0s 19h30 e reservas s\u00e3o necess\u00e1rias para o The Queens Place Greenhouse, QI 21 do Lago Sul. Pre\u00e7o por pessoa: R$ 180. Telefone e whatsapp: 99329-6752.<\/p>\n","protected":false},"excerpt":{"rendered":"<p>N\u00e3o se sabe o que veio primeiro: a paix\u00e3o do brasiliense pelos vinhos espanh\u00f3is ou a do en\u00f3logo Pablo Miranda por Bras\u00edlia. O certo \u00e9 que ele vem seguido \u00e0 cidade e, agora, ao se preparar para a viagem, informou \u00e0 Del Maipo, &#8220;aqui j\u00e1 est\u00e1 muito frio&#8221;. Assessor internacional de projetos vitivin\u00edcolas da importadora brasiliense, Pablo ir\u00e1 passar, pelo [&hellip;]<\/p>\n","protected":false},"author":54,"featured_media":4314,"comment_status":"open","ping_status":"open","sticky":false,"template":"","format":"standard","meta":{"footnotes":""},"categories":[1],"tags":[],"class_list":["post-4313","post","type-post","status-publish","format-standard","has-post-thumbnail","hentry","category-sem-categoria"],"_links":{"self":[{"href":"https:\/\/blogs.correiobraziliense.com.br\/lianasabo\/wp-json\/wp\/v2\/posts\/4313","targetHints":{"allow":["GET"]}}],"collection":[{"href":"https:\/\/blogs.correiobraziliense.com.br\/lianasabo\/wp-json\/wp\/v2\/posts"}],"about":[{"href":"https:\/\/blogs.correiobraziliense.com.br\/lianasabo\/wp-json\/wp\/v2\/types\/post"}],"author":[{"embeddable":true,"href":"https:\/\/blogs.correiobraziliense.com.br\/lianasabo\/wp-json\/wp\/v2\/users\/54"}],"replies":[{"embeddable":true,"href":"https:\/\/blogs.correiobraziliense.com.br\/lianasabo\/wp-json\/wp\/v2\/comments?post=4313"}],"version-history":[{"count":1,"href":"https:\/\/blogs.correiobraziliense.com.br\/lianasabo\/wp-json\/wp\/v2\/posts\/4313\/revisions"}],"predecessor-version":[{"id":4317,"href":"https:\/\/blogs.correiobraziliense.com.br\/lianasabo\/wp-json\/wp\/v2\/posts\/4313\/revisions\/4317"}],"wp:featuredmedia":[{"embeddable":true,"href":"https:\/\/blogs.correiobraziliense.com.br\/lianasabo\/wp-json\/wp\/v2\/media\/4314"}],"wp:attachment":[{"href":"https:\/\/blogs.correiobraziliense.com.br\/lianasabo\/wp-json\/wp\/v2\/media?parent=4313"}],"wp:term":[{"taxonomy":"category","embeddable":true,"href":"https:\/\/blogs.correiobraziliense.com.br\/lianasabo\/wp-json\/wp\/v2\/categories?post=4313"},{"taxonomy":"post_tag","embeddable":true,"href":"https:\/\/blogs.correiobraziliense.com.br\/lianasabo\/wp-json\/wp\/v2\/tags?post=4313"}],"curies":[{"name":"wp","href":"https:\/\/api.w.org\/{rel}","templated":true}]}}