{"id":4269,"date":"2020-10-21T19:17:20","date_gmt":"2020-10-21T22:17:20","guid":{"rendered":"https:\/\/blogs.correiobraziliense.com.br\/lianasabo\/?p=4269"},"modified":"2020-10-21T19:17:20","modified_gmt":"2020-10-21T22:17:20","slug":"carpe-diem-se-rende-a-um-pedido-dos-clientes-bufe-por-quilo-no-almoco","status":"publish","type":"post","link":"https:\/\/blogs.correiobraziliense.com.br\/lianasabo\/carpe-diem-se-rende-a-um-pedido-dos-clientes-bufe-por-quilo-no-almoco\/","title":{"rendered":"Carpe Diem se rende a um pedido dos clientes: buf\u00ea por quilo no almo\u00e7o"},"content":{"rendered":"<p>Faltando um ano para completar tr\u00eas d\u00e9cadas, o Carpe Diem da 104 Sul lan\u00e7a uma novidade h\u00e1 muito esperada pelos clientes: comida por quilo. De segunda a sexta-feira, o buf\u00ea do almo\u00e7o ser\u00e1 oferecido a R$ 69,90, o quilo. &#8220;Trata-se de um pedido antigo de nossa fiel clientela&#8221;, justifica o chef-restaurateur Fernando La Rocque, fundador da casa, que fica na esquina gastron\u00f4mica mais tradicional da cidade.<\/p>\n<p>Nos fins de semana, est\u00e3o mantidas as duas atra\u00e7\u00f5es do card\u00e1pio: feijoada, no s\u00e1bado, com pernil assado, leit\u00e3o pururuca e couve e no domingo, buf\u00ea mediterr\u00e2neo. Ambos por R$ 49,90 por pessoa. Crian\u00e7as at\u00e9 12 anos pagam R$ 24,95.<\/p>\n<p><strong>Card\u00e1pio variado<\/strong><\/p>\n<p>Agora que a casa aderiu ao buf\u00ea por quilo, voc\u00ea poder\u00e1 degustar nessa modalidade de servi\u00e7o n\u00e3o apenas o trivial feij\u00e3o, arroz e carne, mas tamb\u00e9m os pratos muito bem elaborados da grife, que conta ainda com o talento da chef Fernanda La Rocque. Afinal, filha de peixe, o que \u00e9?<\/p>\n<p>Fil\u00e9 do chef \u00e9 um dos pratos \u00edcones da casa, que oferece sempre tr\u00eas molhos para diversos tipos de massas. Outro ponto alto s\u00e3o as saladas de folhas verdes montadas na hora com molhos \u00e0 escolha do fregu\u00eas, como mostarda e mel; ceasar; parmes\u00e3o; iogurte e hortel\u00e3; aceto bals\u00e2mico reduzido; al\u00e9m de croutons, abacaxi, uvas passas, cenoura castanha; chips de berinjela e de abobrinha; caponata e at\u00e9 ceviche.<\/p>\n<p>Outra marca da grife em seus quase 30 anos tem sido os r\u00e9chauds fumegantes recheados de boas prepara\u00e7\u00f5es, como risotos, peixes, frango e carne vermelha, guarni\u00e7\u00f5es quentes, batatas chips, farofa e caldinho do dia de entrada.<br \/>\nDois outros servi\u00e7os completam o portf\u00f3lio do Carpe Diem: o a la carte com uma infinidade de pratos e o delivery, que tem sido carro-chefe nesses tempos de pandemia. Telefone: 3325-5301.<\/p>\n","protected":false},"excerpt":{"rendered":"<p>Faltando um ano para completar tr\u00eas d\u00e9cadas, o Carpe Diem da 104 Sul lan\u00e7a uma novidade h\u00e1 muito esperada pelos clientes: comida por quilo. De segunda a sexta-feira, o buf\u00ea do almo\u00e7o ser\u00e1 oferecido a R$ 69,90, o quilo. &#8220;Trata-se de um pedido antigo de nossa fiel clientela&#8221;, justifica o chef-restaurateur Fernando La Rocque, fundador da casa, que fica na [&hellip;]<\/p>\n","protected":false},"author":54,"featured_media":4270,"comment_status":"open","ping_status":"open","sticky":false,"template":"","format":"standard","meta":{"footnotes":""},"categories":[1],"tags":[],"class_list":["post-4269","post","type-post","status-publish","format-standard","has-post-thumbnail","hentry","category-sem-categoria"],"_links":{"self":[{"href":"https:\/\/blogs.correiobraziliense.com.br\/lianasabo\/wp-json\/wp\/v2\/posts\/4269","targetHints":{"allow":["GET"]}}],"collection":[{"href":"https:\/\/blogs.correiobraziliense.com.br\/lianasabo\/wp-json\/wp\/v2\/posts"}],"about":[{"href":"https:\/\/blogs.correiobraziliense.com.br\/lianasabo\/wp-json\/wp\/v2\/types\/post"}],"author":[{"embeddable":true,"href":"https:\/\/blogs.correiobraziliense.com.br\/lianasabo\/wp-json\/wp\/v2\/users\/54"}],"replies":[{"embeddable":true,"href":"https:\/\/blogs.correiobraziliense.com.br\/lianasabo\/wp-json\/wp\/v2\/comments?post=4269"}],"version-history":[{"count":2,"href":"https:\/\/blogs.correiobraziliense.com.br\/lianasabo\/wp-json\/wp\/v2\/posts\/4269\/revisions"}],"predecessor-version":[{"id":4272,"href":"https:\/\/blogs.correiobraziliense.com.br\/lianasabo\/wp-json\/wp\/v2\/posts\/4269\/revisions\/4272"}],"wp:featuredmedia":[{"embeddable":true,"href":"https:\/\/blogs.correiobraziliense.com.br\/lianasabo\/wp-json\/wp\/v2\/media\/4270"}],"wp:attachment":[{"href":"https:\/\/blogs.correiobraziliense.com.br\/lianasabo\/wp-json\/wp\/v2\/media?parent=4269"}],"wp:term":[{"taxonomy":"category","embeddable":true,"href":"https:\/\/blogs.correiobraziliense.com.br\/lianasabo\/wp-json\/wp\/v2\/categories?post=4269"},{"taxonomy":"post_tag","embeddable":true,"href":"https:\/\/blogs.correiobraziliense.com.br\/lianasabo\/wp-json\/wp\/v2\/tags?post=4269"}],"curies":[{"name":"wp","href":"https:\/\/api.w.org\/{rel}","templated":true}]}}