{"id":4259,"date":"2020-10-13T16:34:20","date_gmt":"2020-10-13T19:34:20","guid":{"rendered":"https:\/\/blogs.correiobraziliense.com.br\/lianasabo\/?p=4259"},"modified":"2020-10-13T16:34:20","modified_gmt":"2020-10-13T19:34:20","slug":"papa-cucina-surge-no-terraco-shopping-com-nome-de-babbo-osteria","status":"publish","type":"post","link":"https:\/\/blogs.correiobraziliense.com.br\/lianasabo\/papa-cucina-surge-no-terraco-shopping-com-nome-de-babbo-osteria\/","title":{"rendered":"Pap\u00e0 Cucina surge no Terra\u00e7o Shopping com nome de Babbo Osteria"},"content":{"rendered":"<p>O que come\u00e7ou como uma simples cantineta despretensiosa, num v\u00e3o do Centro Comercial Gilberto Salom\u00e3o, deu t\u00e3o certo, gra\u00e7as \u00e0 excelente cozinha italiana, que o inventor do Pap\u00e0 Cucina, Carlos Rodriguez, conhecido como Carl\u00e3o, j\u00e1 foi convidado a estender seus dom\u00ednios por outros rinc\u00f5es. Ainda este ano, Pap\u00e0 como est\u00e1 sendo chamado o restaurateur Carlos Rodriguez, pai de Carl\u00e3o, espera expandir a opera\u00e7\u00e3o para o Terra\u00e7o Shopping, no Sudoeste. &#8220;Vamos abrir antes do Natal&#8221;, anunciou o empres\u00e1rio.<\/p>\n<p>S\u00f3 que com outro nome. Vai se chamar Babbo Osteria e ser\u00e1 instalada onde funcionou o Carpe Diem, desde a inaugura\u00e7\u00e3o do shopping, em 1999, informou Carl\u00e3o, que acaba de fechar o neg\u00f3cio. &#8220;Em italiano, Babbo significa a mesma coisa que Pap\u00e0, ou seja papai&#8221;, explica Carl\u00e3o, para quem o &#8220;importante \u00e9 desenvolver a opera\u00e7\u00e3o entre pai e filho&#8221;.<\/p>\n<p>Muito presente na Toscana, osterias s\u00e3o espa\u00e7os caracterizados pela hospitalidade com poucas mesas, algumas de uso compartilhado. Geralmente \u00e9 a pr\u00f3pria fam\u00edlia do propriet\u00e1rio que faz o atendimento da clientela com pratos de execu\u00e7\u00e3o r\u00e1pida e um bom vinho da casa. Com cozinha \u00e0 vista, num projeto semelhante ao do Gilberto Salom\u00e3o, o menu da Osteria ter\u00e1 novidades.<\/p>\n<p><strong>Menu toscano<\/strong><\/p>\n<figure id=\"attachment_4261\" aria-describedby=\"caption-attachment-4261\" style=\"width: 1024px\" class=\"wp-caption aligncenter\"><a href=\"https:\/\/blogs.correiobraziliense.com.br\/lianasabo\/wp-content\/uploads\/sites\/25\/2020\/10\/WhatsApp-Image-2020-10-13-at-14.43.15-1.jpeg\"><img loading=\"lazy\" decoding=\"async\" class=\"size-full wp-image-4261\" src=\"https:\/\/blogs.correiobraziliense.com.br\/lianasabo\/wp-content\/uploads\/sites\/25\/2020\/10\/WhatsApp-Image-2020-10-13-at-14.43.15-1.jpeg\" alt=\"\" width=\"1024\" height=\"894\" srcset=\"https:\/\/blogs.correiobraziliense.com.br\/lianasabo\/wp-content\/uploads\/sites\/25\/2020\/10\/WhatsApp-Image-2020-10-13-at-14.43.15-1.jpeg 1024w, https:\/\/blogs.correiobraziliense.com.br\/lianasabo\/wp-content\/uploads\/sites\/25\/2020\/10\/WhatsApp-Image-2020-10-13-at-14.43.15-1-300x262.jpeg 300w, https:\/\/blogs.correiobraziliense.com.br\/lianasabo\/wp-content\/uploads\/sites\/25\/2020\/10\/WhatsApp-Image-2020-10-13-at-14.43.15-1-768x671.jpeg 768w, https:\/\/blogs.correiobraziliense.com.br\/lianasabo\/wp-content\/uploads\/sites\/25\/2020\/10\/WhatsApp-Image-2020-10-13-at-14.43.15-1-550x480.jpeg 550w, https:\/\/blogs.correiobraziliense.com.br\/lianasabo\/wp-content\/uploads\/sites\/25\/2020\/10\/WhatsApp-Image-2020-10-13-at-14.43.15-1-230x201.jpeg 230w\" sizes=\"auto, (max-width: 1024px) 100vw, 1024px\" \/><\/a><figcaption id=\"caption-attachment-4261\" class=\"wp-caption-text\">Cr\u00e9dito: Sueli Maestri\/Divulga\u00e7\u00e3o<\/figcaption><\/figure>\n<p>Para come\u00e7ar, pici d\u00b4avola e stracciatella, a massa fresca com lingui\u00e7a molho de tomate e burrata; p\u00e3o italiano caseiro recheado com mini polpetone e creme de grana padano. No principal, destaque para a paleta de cordeiro inteira com fregola ao pr\u00f3prio molho (serve tr\u00eas pessoas), al\u00e9m do prato t\u00edpico da Toscana: papardelle com rag\u00fa de javali e pistache.<\/p>\n<p>Alguns pratos ser\u00e3o reprisados do Pap\u00e0, cujo sucesso surpreendeu at\u00e9 mesmo os donos, que t\u00eam recebido propostas de consultoria. Eles tamb\u00e9m atuam com servi\u00e7o de buf\u00ea em domic\u00edlio e delivery.<\/p>\n","protected":false},"excerpt":{"rendered":"<p>O que come\u00e7ou como uma simples cantineta despretensiosa, num v\u00e3o do Centro Comercial Gilberto Salom\u00e3o, deu t\u00e3o certo, gra\u00e7as \u00e0 excelente cozinha italiana, que o inventor do Pap\u00e0 Cucina, Carlos Rodriguez, conhecido como Carl\u00e3o, j\u00e1 foi convidado a estender seus dom\u00ednios por outros rinc\u00f5es. Ainda este ano, Pap\u00e0 como est\u00e1 sendo chamado o restaurateur Carlos Rodriguez, pai de Carl\u00e3o, espera [&hellip;]<\/p>\n","protected":false},"author":54,"featured_media":4260,"comment_status":"open","ping_status":"open","sticky":false,"template":"","format":"standard","meta":{"footnotes":""},"categories":[73],"tags":[],"class_list":["post-4259","post","type-post","status-publish","format-standard","has-post-thumbnail","hentry","category-materia"],"_links":{"self":[{"href":"https:\/\/blogs.correiobraziliense.com.br\/lianasabo\/wp-json\/wp\/v2\/posts\/4259","targetHints":{"allow":["GET"]}}],"collection":[{"href":"https:\/\/blogs.correiobraziliense.com.br\/lianasabo\/wp-json\/wp\/v2\/posts"}],"about":[{"href":"https:\/\/blogs.correiobraziliense.com.br\/lianasabo\/wp-json\/wp\/v2\/types\/post"}],"author":[{"embeddable":true,"href":"https:\/\/blogs.correiobraziliense.com.br\/lianasabo\/wp-json\/wp\/v2\/users\/54"}],"replies":[{"embeddable":true,"href":"https:\/\/blogs.correiobraziliense.com.br\/lianasabo\/wp-json\/wp\/v2\/comments?post=4259"}],"version-history":[{"count":1,"href":"https:\/\/blogs.correiobraziliense.com.br\/lianasabo\/wp-json\/wp\/v2\/posts\/4259\/revisions"}],"predecessor-version":[{"id":4262,"href":"https:\/\/blogs.correiobraziliense.com.br\/lianasabo\/wp-json\/wp\/v2\/posts\/4259\/revisions\/4262"}],"wp:featuredmedia":[{"embeddable":true,"href":"https:\/\/blogs.correiobraziliense.com.br\/lianasabo\/wp-json\/wp\/v2\/media\/4260"}],"wp:attachment":[{"href":"https:\/\/blogs.correiobraziliense.com.br\/lianasabo\/wp-json\/wp\/v2\/media?parent=4259"}],"wp:term":[{"taxonomy":"category","embeddable":true,"href":"https:\/\/blogs.correiobraziliense.com.br\/lianasabo\/wp-json\/wp\/v2\/categories?post=4259"},{"taxonomy":"post_tag","embeddable":true,"href":"https:\/\/blogs.correiobraziliense.com.br\/lianasabo\/wp-json\/wp\/v2\/tags?post=4259"}],"curies":[{"name":"wp","href":"https:\/\/api.w.org\/{rel}","templated":true}]}}