{"id":4247,"date":"2020-10-11T19:48:37","date_gmt":"2020-10-11T22:48:37","guid":{"rendered":"https:\/\/blogs.correiobraziliense.com.br\/lianasabo\/?p=4247"},"modified":"2020-10-11T20:05:08","modified_gmt":"2020-10-11T23:05:08","slug":"parrilla-do-mayer-traz-o-primeiro-bufe-por-quilo","status":"publish","type":"post","link":"https:\/\/blogs.correiobraziliense.com.br\/lianasabo\/parrilla-do-mayer-traz-o-primeiro-bufe-por-quilo\/","title":{"rendered":"Parrilla do Mayer traz o primeiro buf\u00ea por quilo"},"content":{"rendered":"<p>Inaugurado h\u00e1 menos de um m\u00eas na 116 Sul, o Mayer Sabores do Brasil traz o primeiro self service por quilo da cidade, que inclui carnes nobres assadas na brasa. No comando da parrilla, o chef-consultor ga\u00facho Marcello Piucco empresta seu conhecimento no treinamento dos assadores que, n\u00e3o se descuidam tamb\u00e9m dos vegetais grelhados. Servido de segunda a sexta-feira (menos nos feriados) o buf\u00ea do almo\u00e7o sai por R$ 79,90 o quilo.<\/p>\n<figure id=\"attachment_4256\" aria-describedby=\"caption-attachment-4256\" style=\"width: 1024px\" class=\"wp-caption aligncenter\"><a href=\"https:\/\/blogs.correiobraziliense.com.br\/lianasabo\/wp-content\/uploads\/sites\/25\/2020\/10\/IMG-20201011-WA0007.jpg\"><img loading=\"lazy\" decoding=\"async\" class=\"size-full wp-image-4256\" src=\"https:\/\/blogs.correiobraziliense.com.br\/lianasabo\/wp-content\/uploads\/sites\/25\/2020\/10\/IMG-20201011-WA0007.jpg\" alt=\"\" width=\"1024\" height=\"768\" srcset=\"https:\/\/blogs.correiobraziliense.com.br\/lianasabo\/wp-content\/uploads\/sites\/25\/2020\/10\/IMG-20201011-WA0007.jpg 1024w, https:\/\/blogs.correiobraziliense.com.br\/lianasabo\/wp-content\/uploads\/sites\/25\/2020\/10\/IMG-20201011-WA0007-300x225.jpg 300w, https:\/\/blogs.correiobraziliense.com.br\/lianasabo\/wp-content\/uploads\/sites\/25\/2020\/10\/IMG-20201011-WA0007-768x576.jpg 768w, https:\/\/blogs.correiobraziliense.com.br\/lianasabo\/wp-content\/uploads\/sites\/25\/2020\/10\/IMG-20201011-WA0007-550x413.jpg 550w, https:\/\/blogs.correiobraziliense.com.br\/lianasabo\/wp-content\/uploads\/sites\/25\/2020\/10\/IMG-20201011-WA0007-230x173.jpg 230w\" sizes=\"auto, (max-width: 1024px) 100vw, 1024px\" \/><\/a><figcaption id=\"caption-attachment-4256\" class=\"wp-caption-text\">Cr\u00e9dito: Liana Sabo\/CB\/D.A Press. Chef Marcello Piucco presta consultoria do restaurante Mayer<\/figcaption><\/figure>\n<p>Nele, voc\u00ea vai encontrar o suculento bife ancho defumado na brasa, o baby beef Black Angus e outros cortes que podem ser regados com delicioso vinagrete numa receita exclusiva da propriet\u00e1ria Keli Cristina Mayer. Ela ainda acrescentou a outra vers\u00e3o do molho, o polvo &#8212; uma iguaria bastante requisitada. Desde o self service do Sudoeste, onde tudo come\u00e7ou.<\/p>\n<p>N\u00e3o s\u00f3 a prote\u00edna bovina reina sozinha na parrilla. H\u00e1 frutos do mar e peixes, como a cioba inteira, al\u00e9m de lagosta. S\u00e3o sugest\u00f5es da noite ou do almo\u00e7o vip, no qual tamb\u00e9m se destacam frango com quiabo; canjiquinha com queijo da Serra do Salitre. Todos os vegetais oferecidos na casa s\u00e3o org\u00e2nicos e procedem de grifes nobres como S\u00edtio Samambaia e Malunga. Igualmente o frango, servido nos cortes coxa e sobrecoxa, tem origem org\u00e2nica, sem aditivos.<\/p>\n<p><strong>Caf\u00e9 da manh\u00e3 no jardim<\/strong><\/p>\n<figure id=\"attachment_4250\" aria-describedby=\"caption-attachment-4250\" style=\"width: 1200px\" class=\"wp-caption aligncenter\"><a href=\"https:\/\/blogs.correiobraziliense.com.br\/lianasabo\/wp-content\/uploads\/sites\/25\/2020\/10\/Keli.jpeg\"><img loading=\"lazy\" decoding=\"async\" class=\"wp-image-4250 size-full\" src=\"https:\/\/blogs.correiobraziliense.com.br\/lianasabo\/wp-content\/uploads\/sites\/25\/2020\/10\/Keli.jpeg\" alt=\"\" width=\"1200\" height=\"800\" srcset=\"https:\/\/blogs.correiobraziliense.com.br\/lianasabo\/wp-content\/uploads\/sites\/25\/2020\/10\/Keli.jpeg 1200w, https:\/\/blogs.correiobraziliense.com.br\/lianasabo\/wp-content\/uploads\/sites\/25\/2020\/10\/Keli-300x200.jpeg 300w, https:\/\/blogs.correiobraziliense.com.br\/lianasabo\/wp-content\/uploads\/sites\/25\/2020\/10\/Keli-768x512.jpeg 768w, https:\/\/blogs.correiobraziliense.com.br\/lianasabo\/wp-content\/uploads\/sites\/25\/2020\/10\/Keli-1024x683.jpeg 1024w, https:\/\/blogs.correiobraziliense.com.br\/lianasabo\/wp-content\/uploads\/sites\/25\/2020\/10\/Keli-550x367.jpeg 550w, https:\/\/blogs.correiobraziliense.com.br\/lianasabo\/wp-content\/uploads\/sites\/25\/2020\/10\/Keli-230x153.jpeg 230w\" sizes=\"auto, (max-width: 1200px) 100vw, 1200px\" \/><\/a><figcaption id=\"caption-attachment-4250\" class=\"wp-caption-text\">Cr\u00e9dito: C\u00e9sar Tanizaki\/Divulga\u00e7\u00e3o. Keli Cristina Mayer, propriet\u00e1ria<\/figcaption><\/figure>\n<p>&#8220;Minha ideia \u00e9 propiciar ao comensal viajar pelos sabores brasileiros e invocar a mem\u00f3ria afetiva, com pratos como o robalo ao tucupi e jambu, do Norte; o trio da orla patinhas de caranguejo, lula e camar\u00e3o empanados servidos com molho t\u00e1rtaro; a carne serenada, de angus grelhada na parrilla e regada em manteiga de garrafa com cebola baby, mandioca frita e queijo coalho assado&#8221;, afirma Keli, que al\u00e9m de chef, tamb\u00e9m \u00e9 nutricionista. Ao lado do marido Celso Zuza, \u00e9 ela quem toca o restaurante, sob a ger\u00eancia de Jailson Alves, que tem no curr\u00edculo o La Tambouille, de S\u00e3o Paulo.<\/p>\n<figure id=\"attachment_4249\" aria-describedby=\"caption-attachment-4249\" style=\"width: 1280px\" class=\"wp-caption aligncenter\"><a href=\"https:\/\/blogs.correiobraziliense.com.br\/lianasabo\/wp-content\/uploads\/sites\/25\/2020\/10\/WhatsApp-Image-2020-09-16-at-17.07.58-2.jpeg\"><img loading=\"lazy\" decoding=\"async\" class=\"size-full wp-image-4249\" src=\"https:\/\/blogs.correiobraziliense.com.br\/lianasabo\/wp-content\/uploads\/sites\/25\/2020\/10\/WhatsApp-Image-2020-09-16-at-17.07.58-2.jpeg\" alt=\"\" width=\"1280\" height=\"853\" srcset=\"https:\/\/blogs.correiobraziliense.com.br\/lianasabo\/wp-content\/uploads\/sites\/25\/2020\/10\/WhatsApp-Image-2020-09-16-at-17.07.58-2.jpeg 1280w, https:\/\/blogs.correiobraziliense.com.br\/lianasabo\/wp-content\/uploads\/sites\/25\/2020\/10\/WhatsApp-Image-2020-09-16-at-17.07.58-2-300x200.jpeg 300w, https:\/\/blogs.correiobraziliense.com.br\/lianasabo\/wp-content\/uploads\/sites\/25\/2020\/10\/WhatsApp-Image-2020-09-16-at-17.07.58-2-768x512.jpeg 768w, https:\/\/blogs.correiobraziliense.com.br\/lianasabo\/wp-content\/uploads\/sites\/25\/2020\/10\/WhatsApp-Image-2020-09-16-at-17.07.58-2-1024x682.jpeg 1024w, https:\/\/blogs.correiobraziliense.com.br\/lianasabo\/wp-content\/uploads\/sites\/25\/2020\/10\/WhatsApp-Image-2020-09-16-at-17.07.58-2-550x367.jpeg 550w, https:\/\/blogs.correiobraziliense.com.br\/lianasabo\/wp-content\/uploads\/sites\/25\/2020\/10\/WhatsApp-Image-2020-09-16-at-17.07.58-2-230x153.jpeg 230w\" sizes=\"auto, (max-width: 1280px) 100vw, 1280px\" \/><\/a><figcaption id=\"caption-attachment-4249\" class=\"wp-caption-text\">Cr\u00e9dito: Dinho Mendes\/Divulga\u00e7\u00e3o. Jardim<\/figcaption><\/figure>\n<p>Al\u00e9m da comida, o restaurante tem causado muita admira\u00e7\u00e3o pelo jardim que invade a quadra e permite que voc\u00ea se sente embaixo de \u00e1rvores e possa curtir a enorme cole\u00e7\u00e3o de orqu\u00eddeas. &#8220;S\u00e3o mais de 450 esp\u00e9cies&#8221;, informa Celso, que teve de realizar obra de engenharia para colocar o piso no mesmo n\u00edvel.<\/p>\n<p>&#8220;Valeu muito a pena&#8221;, \u00e9 o que ele tem ouvido dos clientes, que desde cedo j\u00e1 podem desfrutar do espa\u00e7o, ouvir a sinfonia dos p\u00e1ssaros e saborear o caf\u00e9 da manh\u00e3, servido ao ar livre. Funciona de segunda a quinta, das 7h \u00e0s 23h; sexta e s\u00e1bado, das 7h \u00e0s 0h, domingos e feriados, das 7h \u00e0s 17h. Reservas: 99339-4175.<\/p>\n","protected":false},"excerpt":{"rendered":"<p>Inaugurado h\u00e1 menos de um m\u00eas na 116 Sul, o Mayer Sabores do Brasil traz o primeiro self service por quilo da cidade, que inclui carnes nobres assadas na brasa. No comando da parrilla, o chef-consultor ga\u00facho Marcello Piucco empresta seu conhecimento no treinamento dos assadores que, n\u00e3o se descuidam tamb\u00e9m dos vegetais grelhados. Servido de segunda a sexta-feira (menos [&hellip;]<\/p>\n","protected":false},"author":54,"featured_media":4248,"comment_status":"open","ping_status":"open","sticky":false,"template":"","format":"standard","meta":{"footnotes":""},"categories":[1],"tags":[],"class_list":["post-4247","post","type-post","status-publish","format-standard","has-post-thumbnail","hentry","category-sem-categoria"],"_links":{"self":[{"href":"https:\/\/blogs.correiobraziliense.com.br\/lianasabo\/wp-json\/wp\/v2\/posts\/4247","targetHints":{"allow":["GET"]}}],"collection":[{"href":"https:\/\/blogs.correiobraziliense.com.br\/lianasabo\/wp-json\/wp\/v2\/posts"}],"about":[{"href":"https:\/\/blogs.correiobraziliense.com.br\/lianasabo\/wp-json\/wp\/v2\/types\/post"}],"author":[{"embeddable":true,"href":"https:\/\/blogs.correiobraziliense.com.br\/lianasabo\/wp-json\/wp\/v2\/users\/54"}],"replies":[{"embeddable":true,"href":"https:\/\/blogs.correiobraziliense.com.br\/lianasabo\/wp-json\/wp\/v2\/comments?post=4247"}],"version-history":[{"count":4,"href":"https:\/\/blogs.correiobraziliense.com.br\/lianasabo\/wp-json\/wp\/v2\/posts\/4247\/revisions"}],"predecessor-version":[{"id":4258,"href":"https:\/\/blogs.correiobraziliense.com.br\/lianasabo\/wp-json\/wp\/v2\/posts\/4247\/revisions\/4258"}],"wp:featuredmedia":[{"embeddable":true,"href":"https:\/\/blogs.correiobraziliense.com.br\/lianasabo\/wp-json\/wp\/v2\/media\/4248"}],"wp:attachment":[{"href":"https:\/\/blogs.correiobraziliense.com.br\/lianasabo\/wp-json\/wp\/v2\/media?parent=4247"}],"wp:term":[{"taxonomy":"category","embeddable":true,"href":"https:\/\/blogs.correiobraziliense.com.br\/lianasabo\/wp-json\/wp\/v2\/categories?post=4247"},{"taxonomy":"post_tag","embeddable":true,"href":"https:\/\/blogs.correiobraziliense.com.br\/lianasabo\/wp-json\/wp\/v2\/tags?post=4247"}],"curies":[{"name":"wp","href":"https:\/\/api.w.org\/{rel}","templated":true}]}}