{"id":424,"date":"2016-09-02T09:31:32","date_gmt":"2016-09-02T12:31:32","guid":{"rendered":"https:\/\/blogs.correiobraziliense.com.br\/lianasabo\/?p=424"},"modified":"2016-09-01T18:33:16","modified_gmt":"2016-09-01T21:33:16","slug":"so-hermanas","status":"publish","type":"post","link":"https:\/\/blogs.correiobraziliense.com.br\/lianasabo\/so-hermanas\/","title":{"rendered":"S\u00f3 hermanas"},"content":{"rendered":"<p>Domingo, 11, quem abre os jardins no fundo do bistr\u00f4 \u00e9 Renata Carvalho para comandar a terceira edi\u00e7\u00e3o de Assados, s\u00f3 que desta vez os chefs convidados s\u00e3o mulheres. L\u00eddia Nasser, do Emp\u00f3rio \u00c1rabe, e Nicole Magalh\u00e3es, do Piau\u00edndia, oferecem menu de carnes, enquanto Inai\u00e1 Sant&#8217;Ana (<b>foto<\/b>) vai levar ao evento no Bloco C da 306 Sul, atr\u00e1s do Ancho Bistr\u00f4, sobremesas sem gl\u00faten e sem lactose. Os pratos custar\u00e3o at\u00e9 R$ 20.<\/p>\n","protected":false},"excerpt":{"rendered":"<p>Domingo, 11, quem abre os jardins no fundo do bistr\u00f4 \u00e9 Renata Carvalho para comandar a terceira edi\u00e7\u00e3o de Assados, s\u00f3 que desta vez os chefs convidados s\u00e3o mulheres. L\u00eddia Nasser, do Emp\u00f3rio \u00c1rabe, e Nicole Magalh\u00e3es, do Piau\u00edndia, oferecem menu de carnes, enquanto Inai\u00e1 Sant&#8217;Ana (foto) vai levar ao evento no Bloco C da 306 Sul, atr\u00e1s do Ancho [&hellip;]<\/p>\n","protected":false},"author":54,"featured_media":425,"comment_status":"open","ping_status":"open","sticky":false,"template":"","format":"standard","meta":{"footnotes":""},"categories":[1],"tags":[],"class_list":["post-424","post","type-post","status-publish","format-standard","has-post-thumbnail","hentry","category-sem-categoria"],"_links":{"self":[{"href":"https:\/\/blogs.correiobraziliense.com.br\/lianasabo\/wp-json\/wp\/v2\/posts\/424","targetHints":{"allow":["GET"]}}],"collection":[{"href":"https:\/\/blogs.correiobraziliense.com.br\/lianasabo\/wp-json\/wp\/v2\/posts"}],"about":[{"href":"https:\/\/blogs.correiobraziliense.com.br\/lianasabo\/wp-json\/wp\/v2\/types\/post"}],"author":[{"embeddable":true,"href":"https:\/\/blogs.correiobraziliense.com.br\/lianasabo\/wp-json\/wp\/v2\/users\/54"}],"replies":[{"embeddable":true,"href":"https:\/\/blogs.correiobraziliense.com.br\/lianasabo\/wp-json\/wp\/v2\/comments?post=424"}],"version-history":[{"count":1,"href":"https:\/\/blogs.correiobraziliense.com.br\/lianasabo\/wp-json\/wp\/v2\/posts\/424\/revisions"}],"predecessor-version":[{"id":426,"href":"https:\/\/blogs.correiobraziliense.com.br\/lianasabo\/wp-json\/wp\/v2\/posts\/424\/revisions\/426"}],"wp:featuredmedia":[{"embeddable":true,"href":"https:\/\/blogs.correiobraziliense.com.br\/lianasabo\/wp-json\/wp\/v2\/media\/425"}],"wp:attachment":[{"href":"https:\/\/blogs.correiobraziliense.com.br\/lianasabo\/wp-json\/wp\/v2\/media?parent=424"}],"wp:term":[{"taxonomy":"category","embeddable":true,"href":"https:\/\/blogs.correiobraziliense.com.br\/lianasabo\/wp-json\/wp\/v2\/categories?post=424"},{"taxonomy":"post_tag","embeddable":true,"href":"https:\/\/blogs.correiobraziliense.com.br\/lianasabo\/wp-json\/wp\/v2\/tags?post=424"}],"curies":[{"name":"wp","href":"https:\/\/api.w.org\/{rel}","templated":true}]}}