{"id":4215,"date":"2020-10-05T13:09:43","date_gmt":"2020-10-05T16:09:43","guid":{"rendered":"https:\/\/blogs.correiobraziliense.com.br\/lianasabo\/?p=4215"},"modified":"2020-10-05T13:09:43","modified_gmt":"2020-10-05T16:09:43","slug":"orla-do-lago-na-ponte-jk-ganha-o-segundo-sante","status":"publish","type":"post","link":"https:\/\/blogs.correiobraziliense.com.br\/lianasabo\/orla-do-lago-na-ponte-jk-ganha-o-segundo-sante\/","title":{"rendered":"Orla do lago na Ponte JK ganha o segundo Sant\u00e9"},"content":{"rendered":"<p>Se um Sant\u00e9 j\u00e1 \u00e9 bom, imagine dois! Na outra ponta do final da Asa Norte, onde nasceu o Sant\u00e9 13, a ideia foi reprisada no espa\u00e7o que abrigou o Nikkei, pr\u00f3ximo \u00e0 Orla da Ponte JK, e ganhou o aposto Lago. Funcionando desde meados de setembro em soft opening, o Sant\u00e9 Lago ostenta 20% de pratos novos e o restante, do card\u00e1pio j\u00e1 conhecido executado pelo <a href=\"https:\/\/www.correiobraziliense.com.br\/app\/noticia\/revista\/2018\/12\/30\/interna_revista_correio,727562\/trajetoria-do-chef-divino-barbosa.shtml\">chef Divino Barbosa<\/a>.<\/p>\n<figure id=\"attachment_4217\" aria-describedby=\"caption-attachment-4217\" style=\"width: 853px\" class=\"wp-caption aligncenter\"><a href=\"https:\/\/blogs.correiobraziliense.com.br\/lianasabo\/wp-content\/uploads\/sites\/25\/2020\/10\/20181227140945876199a.jpg\"><img loading=\"lazy\" decoding=\"async\" class=\"wp-image-4217 size-full\" src=\"https:\/\/blogs.correiobraziliense.com.br\/lianasabo\/wp-content\/uploads\/sites\/25\/2020\/10\/20181227140945876199a.jpg\" alt=\"\" width=\"853\" height=\"639\" srcset=\"https:\/\/blogs.correiobraziliense.com.br\/lianasabo\/wp-content\/uploads\/sites\/25\/2020\/10\/20181227140945876199a.jpg 853w, https:\/\/blogs.correiobraziliense.com.br\/lianasabo\/wp-content\/uploads\/sites\/25\/2020\/10\/20181227140945876199a-300x225.jpg 300w, https:\/\/blogs.correiobraziliense.com.br\/lianasabo\/wp-content\/uploads\/sites\/25\/2020\/10\/20181227140945876199a-768x575.jpg 768w, https:\/\/blogs.correiobraziliense.com.br\/lianasabo\/wp-content\/uploads\/sites\/25\/2020\/10\/20181227140945876199a-550x412.jpg 550w, https:\/\/blogs.correiobraziliense.com.br\/lianasabo\/wp-content\/uploads\/sites\/25\/2020\/10\/20181227140945876199a-230x172.jpg 230w\" sizes=\"auto, (max-width: 853px) 100vw, 853px\" \/><\/a><figcaption id=\"caption-attachment-4217\" class=\"wp-caption-text\">O chef Divino Barbosa<\/figcaption><\/figure>\n<p>Para os aficionados da culin\u00e1ria oriental, uma esperan\u00e7a: o Nikkei n\u00e3o desapareceu para sempre e poder\u00e1 voltar depois da pandemia. Por trabalhar basicamente com peixe cru, &#8220;a cozinha japonesa \u00e9 muito delicada&#8221;, observa o fundador do Sant\u00e9 e propriet\u00e1rio, tamb\u00e9m do Nikkei, Oswaldo Scafuto que n\u00e3o descarta reabrir num futuro pr\u00f3ximo a grife oriental, sem convid-19.<\/p>\n<p><strong>Op\u00e7\u00f5es leves<\/strong><\/p>\n<figure id=\"attachment_4218\" aria-describedby=\"caption-attachment-4218\" style=\"width: 1200px\" class=\"wp-caption aligncenter\"><a href=\"https:\/\/blogs.correiobraziliense.com.br\/lianasabo\/wp-content\/uploads\/sites\/25\/2020\/10\/pedra-da-conversa-santelago_Cr\u00e9ditos_Davi_Fernandes_de_Freitas_Cre.H_092420_64.jpg\"><img loading=\"lazy\" decoding=\"async\" class=\"size-full wp-image-4218\" src=\"https:\/\/blogs.correiobraziliense.com.br\/lianasabo\/wp-content\/uploads\/sites\/25\/2020\/10\/pedra-da-conversa-santelago_Cr\u00e9ditos_Davi_Fernandes_de_Freitas_Cre.H_092420_64.jpg\" alt=\"\" width=\"1200\" height=\"800\" srcset=\"https:\/\/blogs.correiobraziliense.com.br\/lianasabo\/wp-content\/uploads\/sites\/25\/2020\/10\/pedra-da-conversa-santelago_Cr\u00e9ditos_Davi_Fernandes_de_Freitas_Cre.H_092420_64.jpg 1200w, https:\/\/blogs.correiobraziliense.com.br\/lianasabo\/wp-content\/uploads\/sites\/25\/2020\/10\/pedra-da-conversa-santelago_Cr\u00e9ditos_Davi_Fernandes_de_Freitas_Cre.H_092420_64-300x200.jpg 300w, https:\/\/blogs.correiobraziliense.com.br\/lianasabo\/wp-content\/uploads\/sites\/25\/2020\/10\/pedra-da-conversa-santelago_Cr\u00e9ditos_Davi_Fernandes_de_Freitas_Cre.H_092420_64-768x512.jpg 768w, https:\/\/blogs.correiobraziliense.com.br\/lianasabo\/wp-content\/uploads\/sites\/25\/2020\/10\/pedra-da-conversa-santelago_Cr\u00e9ditos_Davi_Fernandes_de_Freitas_Cre.H_092420_64-1024x683.jpg 1024w, https:\/\/blogs.correiobraziliense.com.br\/lianasabo\/wp-content\/uploads\/sites\/25\/2020\/10\/pedra-da-conversa-santelago_Cr\u00e9ditos_Davi_Fernandes_de_Freitas_Cre.H_092420_64-550x367.jpg 550w, https:\/\/blogs.correiobraziliense.com.br\/lianasabo\/wp-content\/uploads\/sites\/25\/2020\/10\/pedra-da-conversa-santelago_Cr\u00e9ditos_Davi_Fernandes_de_Freitas_Cre.H_092420_64-230x153.jpg 230w\" sizes=\"auto, (max-width: 1200px) 100vw, 1200px\" \/><\/a><figcaption id=\"caption-attachment-4218\" class=\"wp-caption-text\">Pedra da conversa. Cr\u00e9ditos: Davi Fernandes de Freitas\/Divulga\u00e7\u00e3o<\/figcaption><\/figure>\n<p>Para sorte do restaurateur, o chef Divino desistiu de concorrer a uma cadeira na C\u00e2mara de Vereadores de Mimoso (GO), cidade de tr\u00eas mil habitantes, onde nasceu e foi desmembrada de Niquel\u00e2ndia, em 1975. Assim, o chef continua \u00e0 frente das duas casas. &#8220;Vou concorrer em 2022, como distrital&#8221;, planeja Divino, que elaborou o menu em parceria com Scafuto. Sob o nome Pedra da Conversa h\u00e1 o couvert para duas pessoas com copa, salaminho, queijos brie e gorgonzola, azeitona e p\u00e3o artesanal por R$ 49.<\/p>\n<p>Ainda no item Pra come\u00e7ar&#8230; tem arancini (bolinho de risoto com funghi recheado com queijo) servido com geleia de tomate verde. Carpaccio, dadinho de queijo coalho, brusqueta e pasteizinhos tamb\u00e9m fazem parte das entradas, com destaque para o trio de tartar do chef que varia diariamente de acordo com os ingredientes mais frescos por R$ 45. &#8220;Pode ser atum, salm\u00e3o ou robalo e at\u00e9 uma carne bovina&#8221;, admite Divino.<\/p>\n<p>Entre as saladas, h\u00e1 um mix de folhas com salm\u00e3o curado, pepino e cebola roxa ao molho de queijo aromatizado com lim\u00e3o siciliano e crocante de p\u00e3o por R$ 42. J\u00e1 nas massas, h\u00e1 o Yucca, prato vegetariano de nhoque de mandioca salteado ao pesto sem lactose com trio de cogumelos e refogado de abobrinhas e tomates por R$ 59.<\/p>\n<p><strong>Fraldinha suculenta<\/strong><\/p>\n<figure id=\"attachment_4219\" aria-describedby=\"caption-attachment-4219\" style=\"width: 1024px\" class=\"wp-caption aligncenter\"><a href=\"https:\/\/blogs.correiobraziliense.com.br\/lianasabo\/wp-content\/uploads\/sites\/25\/2020\/10\/WhatsApp-Image-2020-10-04-at-18.41.54.jpeg\"><img loading=\"lazy\" decoding=\"async\" class=\"size-full wp-image-4219\" src=\"https:\/\/blogs.correiobraziliense.com.br\/lianasabo\/wp-content\/uploads\/sites\/25\/2020\/10\/WhatsApp-Image-2020-10-04-at-18.41.54.jpeg\" alt=\"\" width=\"1024\" height=\"768\" srcset=\"https:\/\/blogs.correiobraziliense.com.br\/lianasabo\/wp-content\/uploads\/sites\/25\/2020\/10\/WhatsApp-Image-2020-10-04-at-18.41.54.jpeg 1024w, https:\/\/blogs.correiobraziliense.com.br\/lianasabo\/wp-content\/uploads\/sites\/25\/2020\/10\/WhatsApp-Image-2020-10-04-at-18.41.54-300x225.jpeg 300w, https:\/\/blogs.correiobraziliense.com.br\/lianasabo\/wp-content\/uploads\/sites\/25\/2020\/10\/WhatsApp-Image-2020-10-04-at-18.41.54-768x576.jpeg 768w, https:\/\/blogs.correiobraziliense.com.br\/lianasabo\/wp-content\/uploads\/sites\/25\/2020\/10\/WhatsApp-Image-2020-10-04-at-18.41.54-550x413.jpeg 550w, https:\/\/blogs.correiobraziliense.com.br\/lianasabo\/wp-content\/uploads\/sites\/25\/2020\/10\/WhatsApp-Image-2020-10-04-at-18.41.54-230x173.jpeg 230w\" sizes=\"auto, (max-width: 1024px) 100vw, 1024px\" \/><\/a><figcaption id=\"caption-attachment-4219\" class=\"wp-caption-text\">Cr\u00e9dito: Liana Sabo\/CB\/D.A Press. Fraldinha de Angus com arroz biro biro<\/figcaption><\/figure>\n<p>Desenvolvido semana passada, o prato de fraldinha de Angus grelhada \u00e9 uma del\u00edcia de carne macia e saborosa que entra no card\u00e1pio e vale muito \u00e0 pena pedir. Vem com arroz biro biro Divino e sai por R$ 78. &#8220;As inova\u00e7\u00f5es s\u00e3o poucas, pois a proposta \u00e9 a casa nova se consolidar e aos poucos virem as novidades, como salm\u00e3o com legumes, al\u00e9m do cl\u00e1ssico robalo em crosta com redu\u00e7\u00e3o de laranja&#8221;, explica Barbosa.<\/p>\n<p>Entre as sobremesas, h\u00e1 uma torta de banana, doce de leite e chantilly (R$ 20) e o bolo de chocolate quente com calda de brigadeiro, chantilly salpicado com castanha de caju e duas bolas de sorvete de creme (R$ 39).Os pratos mais bem elaborados n\u00e3o chegam rapidamente \u00e0 mesa. Para isso, h\u00e1 uma explica\u00e7\u00e3o: &#8220;como fazemos tudo na hora n\u00e3o somos uma cozinha expressa&#8221;, justifica o propriet\u00e1rio.<\/p>\n<figure id=\"attachment_4220\" aria-describedby=\"caption-attachment-4220\" style=\"width: 1200px\" class=\"wp-caption aligncenter\"><a href=\"https:\/\/blogs.correiobraziliense.com.br\/lianasabo\/wp-content\/uploads\/sites\/25\/2020\/10\/bolo-quente-santelago_Cr\u00e9ditos_Davi_Fernandes_de_Freitas_Cre.H_092420_212.jpg\"><img loading=\"lazy\" decoding=\"async\" class=\"size-full wp-image-4220\" src=\"https:\/\/blogs.correiobraziliense.com.br\/lianasabo\/wp-content\/uploads\/sites\/25\/2020\/10\/bolo-quente-santelago_Cr\u00e9ditos_Davi_Fernandes_de_Freitas_Cre.H_092420_212.jpg\" alt=\"\" width=\"1200\" height=\"800\" srcset=\"https:\/\/blogs.correiobraziliense.com.br\/lianasabo\/wp-content\/uploads\/sites\/25\/2020\/10\/bolo-quente-santelago_Cr\u00e9ditos_Davi_Fernandes_de_Freitas_Cre.H_092420_212.jpg 1200w, https:\/\/blogs.correiobraziliense.com.br\/lianasabo\/wp-content\/uploads\/sites\/25\/2020\/10\/bolo-quente-santelago_Cr\u00e9ditos_Davi_Fernandes_de_Freitas_Cre.H_092420_212-300x200.jpg 300w, https:\/\/blogs.correiobraziliense.com.br\/lianasabo\/wp-content\/uploads\/sites\/25\/2020\/10\/bolo-quente-santelago_Cr\u00e9ditos_Davi_Fernandes_de_Freitas_Cre.H_092420_212-768x512.jpg 768w, https:\/\/blogs.correiobraziliense.com.br\/lianasabo\/wp-content\/uploads\/sites\/25\/2020\/10\/bolo-quente-santelago_Cr\u00e9ditos_Davi_Fernandes_de_Freitas_Cre.H_092420_212-1024x683.jpg 1024w, https:\/\/blogs.correiobraziliense.com.br\/lianasabo\/wp-content\/uploads\/sites\/25\/2020\/10\/bolo-quente-santelago_Cr\u00e9ditos_Davi_Fernandes_de_Freitas_Cre.H_092420_212-550x367.jpg 550w, https:\/\/blogs.correiobraziliense.com.br\/lianasabo\/wp-content\/uploads\/sites\/25\/2020\/10\/bolo-quente-santelago_Cr\u00e9ditos_Davi_Fernandes_de_Freitas_Cre.H_092420_212-230x153.jpg 230w\" sizes=\"auto, (max-width: 1200px) 100vw, 1200px\" \/><\/a><figcaption id=\"caption-attachment-4220\" class=\"wp-caption-text\">Bolo quente. Cr\u00e9dito: Davi Fernandes de Freitas\/Divulga\u00e7\u00e3o<\/figcaption><\/figure>\n<p>Na casa de 180 lugares n\u00e3o faltam as velas acesas, uma caracter\u00edstica da grife, que para Oswaldo Scafuto &#8220;simbolizam a uni\u00e3o em volta do fogo para relembrarmos como \u00e9 bom estarmos reunidos com quem gostamos&#8221;. Nesse ambiente rom\u00e2ntico o verde est\u00e1 muito presente em plantas ornamentais verdadeiras e at\u00e9 artificiais, como numa parede vertical. Destaque para obras de arte como as da artista pl\u00e1stica Cris Conde, que j\u00e1 passou por Bras\u00edlia. Quem n\u00e3o lembra da Azulejaria?<\/p>\n<p>Com bonita vista para o lago, a casa funciona \u00e0s ter\u00e7as e quartas, das 18h \u00e0 0h: quinta e sexta, das 18h \u00e0 1h: s\u00e1bado, das 12h \u00e0 1h e domingo, das 12h \u00e0s 23h no SCES, Trecho 2. Telefone: 2099-2461. No Instagram: <a href=\"https:\/\/www.instagram.com\/santelago\/\">@santelago<\/a><\/p>\n","protected":false},"excerpt":{"rendered":"<p>Se um Sant\u00e9 j\u00e1 \u00e9 bom, imagine dois! Na outra ponta do final da Asa Norte, onde nasceu o Sant\u00e9 13, a ideia foi reprisada no espa\u00e7o que abrigou o Nikkei, pr\u00f3ximo \u00e0 Orla da Ponte JK, e ganhou o aposto Lago. Funcionando desde meados de setembro em soft opening, o Sant\u00e9 Lago ostenta 20% de pratos novos e o [&hellip;]<\/p>\n","protected":false},"author":54,"featured_media":4216,"comment_status":"open","ping_status":"open","sticky":false,"template":"","format":"standard","meta":{"footnotes":""},"categories":[1],"tags":[],"class_list":["post-4215","post","type-post","status-publish","format-standard","has-post-thumbnail","hentry","category-sem-categoria"],"_links":{"self":[{"href":"https:\/\/blogs.correiobraziliense.com.br\/lianasabo\/wp-json\/wp\/v2\/posts\/4215","targetHints":{"allow":["GET"]}}],"collection":[{"href":"https:\/\/blogs.correiobraziliense.com.br\/lianasabo\/wp-json\/wp\/v2\/posts"}],"about":[{"href":"https:\/\/blogs.correiobraziliense.com.br\/lianasabo\/wp-json\/wp\/v2\/types\/post"}],"author":[{"embeddable":true,"href":"https:\/\/blogs.correiobraziliense.com.br\/lianasabo\/wp-json\/wp\/v2\/users\/54"}],"replies":[{"embeddable":true,"href":"https:\/\/blogs.correiobraziliense.com.br\/lianasabo\/wp-json\/wp\/v2\/comments?post=4215"}],"version-history":[{"count":1,"href":"https:\/\/blogs.correiobraziliense.com.br\/lianasabo\/wp-json\/wp\/v2\/posts\/4215\/revisions"}],"predecessor-version":[{"id":4221,"href":"https:\/\/blogs.correiobraziliense.com.br\/lianasabo\/wp-json\/wp\/v2\/posts\/4215\/revisions\/4221"}],"wp:featuredmedia":[{"embeddable":true,"href":"https:\/\/blogs.correiobraziliense.com.br\/lianasabo\/wp-json\/wp\/v2\/media\/4216"}],"wp:attachment":[{"href":"https:\/\/blogs.correiobraziliense.com.br\/lianasabo\/wp-json\/wp\/v2\/media?parent=4215"}],"wp:term":[{"taxonomy":"category","embeddable":true,"href":"https:\/\/blogs.correiobraziliense.com.br\/lianasabo\/wp-json\/wp\/v2\/categories?post=4215"},{"taxonomy":"post_tag","embeddable":true,"href":"https:\/\/blogs.correiobraziliense.com.br\/lianasabo\/wp-json\/wp\/v2\/tags?post=4215"}],"curies":[{"name":"wp","href":"https:\/\/api.w.org\/{rel}","templated":true}]}}