{"id":4149,"date":"2020-08-31T19:22:56","date_gmt":"2020-08-31T22:22:56","guid":{"rendered":"https:\/\/blogs.correiobraziliense.com.br\/lianasabo\/?p=4149"},"modified":"2020-08-31T19:22:56","modified_gmt":"2020-08-31T22:22:56","slug":"depois-de-meio-ano-fechado-dom-francisco-asbac-reabre-dia-1o","status":"publish","type":"post","link":"https:\/\/blogs.correiobraziliense.com.br\/lianasabo\/depois-de-meio-ano-fechado-dom-francisco-asbac-reabre-dia-1o\/","title":{"rendered":"Depois de meio ano fechado, Dom Francisco Asbac reabre dia 1\u00ba"},"content":{"rendered":"<p>A fiel clientela do Dom Francisco da Asbac j\u00e1 pode, a partir dessa ter\u00e7a-feira, primeiro de setembro, retornar ao seu restaurante preferido que ir\u00e1 encontrar as portas abertas ap\u00f3s quase seis meses de interrup\u00e7\u00e3o devido ao novo coronav\u00edrus. Na reabertura, as medidas de seguran\u00e7a foram redobradas de acordo com os protocolos exigidos. As mesas guardam uma dist\u00e2ncia de 2,5m para evitar aproxima\u00e7\u00e3o desnecess\u00e1ria, com toda a equipe de atendimento usando m\u00e1scaras.<\/p>\n<p>S\u00f3 o chef Francisco Ansiliero ainda n\u00e3o estar\u00e1 l\u00e1. Quem comanda a casa \u00e9 Giuliana Ansiliero at\u00e9 que o pai tenha seguran\u00e7a para retornar ao sal\u00e3o como de costume. O hor\u00e1rio ser\u00e1 o mesmo funcionando para almo\u00e7o e jantar, de segunda a s\u00e1bado. No domingo, o servi\u00e7o encerra \u00e0s 17h.<\/p>\n<p><strong>Atra\u00e7\u00f5es do menu<\/strong><\/p>\n<figure id=\"attachment_4153\" aria-describedby=\"caption-attachment-4153\" style=\"width: 1280px\" class=\"wp-caption aligncenter\"><a href=\"https:\/\/blogs.correiobraziliense.com.br\/lianasabo\/wp-content\/uploads\/sites\/25\/2020\/08\/IMG-20200831-WA0021.jpg\"><img loading=\"lazy\" decoding=\"async\" class=\"size-full wp-image-4153\" src=\"https:\/\/blogs.correiobraziliense.com.br\/lianasabo\/wp-content\/uploads\/sites\/25\/2020\/08\/IMG-20200831-WA0021.jpg\" alt=\"\" width=\"1280\" height=\"853\" srcset=\"https:\/\/blogs.correiobraziliense.com.br\/lianasabo\/wp-content\/uploads\/sites\/25\/2020\/08\/IMG-20200831-WA0021.jpg 1280w, https:\/\/blogs.correiobraziliense.com.br\/lianasabo\/wp-content\/uploads\/sites\/25\/2020\/08\/IMG-20200831-WA0021-300x200.jpg 300w, https:\/\/blogs.correiobraziliense.com.br\/lianasabo\/wp-content\/uploads\/sites\/25\/2020\/08\/IMG-20200831-WA0021-768x512.jpg 768w, https:\/\/blogs.correiobraziliense.com.br\/lianasabo\/wp-content\/uploads\/sites\/25\/2020\/08\/IMG-20200831-WA0021-1024x682.jpg 1024w, https:\/\/blogs.correiobraziliense.com.br\/lianasabo\/wp-content\/uploads\/sites\/25\/2020\/08\/IMG-20200831-WA0021-550x367.jpg 550w, https:\/\/blogs.correiobraziliense.com.br\/lianasabo\/wp-content\/uploads\/sites\/25\/2020\/08\/IMG-20200831-WA0021-230x153.jpg 230w\" sizes=\"auto, (max-width: 1280px) 100vw, 1280px\" \/><\/a><figcaption id=\"caption-attachment-4153\" class=\"wp-caption-text\">Cr\u00e9dito: Sergio Alberto\/ Divulga\u00e7\u00e3o. Francisco e Giuliana Ansiliero t\u00eam a mesma paix\u00e3o pelos bons sabores<\/figcaption><\/figure>\n<p>Tambaqui, picanha e o bacalhau em diversas vers\u00f5es, que s\u00e3o os \u00edcones da casa, seguem firmes no card\u00e1pio. Apenas os pratos ex\u00f3ticos foram suspensos do menu temporariamente. Para harmonizar com os pratos, o Sommelier Santana sugere vinhos que considera especialmente interessantes, como alguns r\u00f3tulos que entram em promo\u00e7\u00e3o de at\u00e9 30% de desconto. A novidade \u00e9 que a casa tamb\u00e9m aceita pedidos para viagem, tanto voc\u00ea pode levar para casa como pedir por aplicativo.<\/p>\n<p>&#8220;Levamos bastante tempo para reabrir a unidade da Asbac porque l\u00e1 temos muitos colaboradores do grupo de risco&#8221;, explica Giuliana. Ela garante que a volta se d\u00e1 &#8220;com cuidados triplicados e com muita saudade de fazer aquilo que \u00e9 nossa voca\u00e7\u00e3o: receber os amigos clientes com muito carinho e bons vinhos&#8221;. Telefone: 3226-2005.<\/p>\n","protected":false},"excerpt":{"rendered":"<p>A fiel clientela do Dom Francisco da Asbac j\u00e1 pode, a partir dessa ter\u00e7a-feira, primeiro de setembro, retornar ao seu restaurante preferido que ir\u00e1 encontrar as portas abertas ap\u00f3s quase seis meses de interrup\u00e7\u00e3o devido ao novo coronav\u00edrus. Na reabertura, as medidas de seguran\u00e7a foram redobradas de acordo com os protocolos exigidos. As mesas guardam uma dist\u00e2ncia de 2,5m para [&hellip;]<\/p>\n","protected":false},"author":54,"featured_media":4151,"comment_status":"open","ping_status":"open","sticky":false,"template":"","format":"standard","meta":{"footnotes":""},"categories":[1],"tags":[],"class_list":["post-4149","post","type-post","status-publish","format-standard","has-post-thumbnail","hentry","category-sem-categoria"],"_links":{"self":[{"href":"https:\/\/blogs.correiobraziliense.com.br\/lianasabo\/wp-json\/wp\/v2\/posts\/4149","targetHints":{"allow":["GET"]}}],"collection":[{"href":"https:\/\/blogs.correiobraziliense.com.br\/lianasabo\/wp-json\/wp\/v2\/posts"}],"about":[{"href":"https:\/\/blogs.correiobraziliense.com.br\/lianasabo\/wp-json\/wp\/v2\/types\/post"}],"author":[{"embeddable":true,"href":"https:\/\/blogs.correiobraziliense.com.br\/lianasabo\/wp-json\/wp\/v2\/users\/54"}],"replies":[{"embeddable":true,"href":"https:\/\/blogs.correiobraziliense.com.br\/lianasabo\/wp-json\/wp\/v2\/comments?post=4149"}],"version-history":[{"count":3,"href":"https:\/\/blogs.correiobraziliense.com.br\/lianasabo\/wp-json\/wp\/v2\/posts\/4149\/revisions"}],"predecessor-version":[{"id":4154,"href":"https:\/\/blogs.correiobraziliense.com.br\/lianasabo\/wp-json\/wp\/v2\/posts\/4149\/revisions\/4154"}],"wp:featuredmedia":[{"embeddable":true,"href":"https:\/\/blogs.correiobraziliense.com.br\/lianasabo\/wp-json\/wp\/v2\/media\/4151"}],"wp:attachment":[{"href":"https:\/\/blogs.correiobraziliense.com.br\/lianasabo\/wp-json\/wp\/v2\/media?parent=4149"}],"wp:term":[{"taxonomy":"category","embeddable":true,"href":"https:\/\/blogs.correiobraziliense.com.br\/lianasabo\/wp-json\/wp\/v2\/categories?post=4149"},{"taxonomy":"post_tag","embeddable":true,"href":"https:\/\/blogs.correiobraziliense.com.br\/lianasabo\/wp-json\/wp\/v2\/tags?post=4149"}],"curies":[{"name":"wp","href":"https:\/\/api.w.org\/{rel}","templated":true}]}}