{"id":4090,"date":"2020-08-18T11:47:17","date_gmt":"2020-08-18T14:47:17","guid":{"rendered":"https:\/\/blogs.correiobraziliense.com.br\/lianasabo\/?p=4090"},"modified":"2020-08-18T14:56:35","modified_gmt":"2020-08-18T17:56:35","slug":"reabertura-de-restaurantes-enfrenta-ritmo-lento","status":"publish","type":"post","link":"https:\/\/blogs.correiobraziliense.com.br\/lianasabo\/reabertura-de-restaurantes-enfrenta-ritmo-lento\/","title":{"rendered":"Reabertura de restaurantes enfrenta ritmo lento"},"content":{"rendered":"<p style=\"text-align: left\">Um m\u00eas ap\u00f3s a reabertura dos restaurantes, que ocorreu no dia 15 de julho, o setor j\u00e1 contabiliza os ganhos &#8212; embora muito inferiores ao normal &#8211;, e reconhece que a pandemia causada pelo coronav\u00edrus modificou profundamente a forma como se vive e os h\u00e1bitos que as fam\u00edlias possu\u00edam antes. Da\u00ed n\u00e3o ter havido ainda um retorno expressivo \u00e0s fontes de alimenta\u00e7\u00e3o fora do lar, apesar e todos os cuidados com rela\u00e7\u00e3o aos protocolos de higieniza\u00e7\u00e3o e limpeza.<\/p>\n<p>Para o empres\u00e1rio Beto Pinheiro, presidente da Abrasel &#8211; DF, entidade que congrega os bares e restaurantes, a retomada tem sido lenta. &#8220;O nosso faturamento est\u00e1 em torno de 40% em rela\u00e7\u00e3o ao mesmo per\u00edodo do ano passado. Acreditamos que, com o tempo, os clientes v\u00e3o ganhando um pouco mais de confian\u00e7a de que os estabelecimentos est\u00e3o cumprindo todos os procedimentos de seguran\u00e7a requeridos no decreto&#8221;, explica.<\/p>\n<div id='gallery-1' class='gallery galleryid-4090 gallery-columns-3 gallery-size-full'><figure class='gallery-item'>\n\t\t\t<div class='gallery-icon portrait'>\n\t\t\t\t<a href='https:\/\/blogs.correiobraziliense.com.br\/lianasabo\/reabertura-de-restaurantes-enfrenta-ritmo-lento\/whatsapp-image-2020-08-18-at-12-31-22\/'><img loading=\"lazy\" decoding=\"async\" width=\"853\" height=\"1280\" src=\"https:\/\/blogs.correiobraziliense.com.br\/lianasabo\/wp-content\/uploads\/sites\/25\/2020\/08\/WhatsApp-Image-2020-08-18-at-12.31.22.jpeg\" class=\"attachment-full size-full\" alt=\"\" aria-describedby=\"gallery-1-4096\" srcset=\"https:\/\/blogs.correiobraziliense.com.br\/lianasabo\/wp-content\/uploads\/sites\/25\/2020\/08\/WhatsApp-Image-2020-08-18-at-12.31.22.jpeg 853w, https:\/\/blogs.correiobraziliense.com.br\/lianasabo\/wp-content\/uploads\/sites\/25\/2020\/08\/WhatsApp-Image-2020-08-18-at-12.31.22-200x300.jpeg 200w, https:\/\/blogs.correiobraziliense.com.br\/lianasabo\/wp-content\/uploads\/sites\/25\/2020\/08\/WhatsApp-Image-2020-08-18-at-12.31.22-768x1152.jpeg 768w, https:\/\/blogs.correiobraziliense.com.br\/lianasabo\/wp-content\/uploads\/sites\/25\/2020\/08\/WhatsApp-Image-2020-08-18-at-12.31.22-682x1024.jpeg 682w, https:\/\/blogs.correiobraziliense.com.br\/lianasabo\/wp-content\/uploads\/sites\/25\/2020\/08\/WhatsApp-Image-2020-08-18-at-12.31.22-550x825.jpeg 550w, https:\/\/blogs.correiobraziliense.com.br\/lianasabo\/wp-content\/uploads\/sites\/25\/2020\/08\/WhatsApp-Image-2020-08-18-at-12.31.22-230x345.jpeg 230w\" sizes=\"auto, (max-width: 853px) 100vw, 853px\" \/><\/a>\n\t\t\t<\/div>\n\t\t\t\t<figcaption class='wp-caption-text gallery-caption' id='gallery-1-4096'>\n\t\t\t\tCr\u00e9dito: Farocomunica\/Divulga\u00e7\u00e3o. Dom Francisco na Asa Sul\n\t\t\t\t<\/figcaption><\/figure><figure class='gallery-item'>\n\t\t\t<div class='gallery-icon portrait'>\n\t\t\t\t<a href='https:\/\/blogs.correiobraziliense.com.br\/lianasabo\/reabertura-de-restaurantes-enfrenta-ritmo-lento\/whatsapp-image-2020-08-18-at-12-27-24-2\/'><img loading=\"lazy\" decoding=\"async\" width=\"853\" height=\"1280\" src=\"https:\/\/blogs.correiobraziliense.com.br\/lianasabo\/wp-content\/uploads\/sites\/25\/2020\/08\/WhatsApp-Image-2020-08-18-at-12.27.24-2.jpeg\" class=\"attachment-full size-full\" alt=\"\" aria-describedby=\"gallery-1-4094\" srcset=\"https:\/\/blogs.correiobraziliense.com.br\/lianasabo\/wp-content\/uploads\/sites\/25\/2020\/08\/WhatsApp-Image-2020-08-18-at-12.27.24-2.jpeg 853w, https:\/\/blogs.correiobraziliense.com.br\/lianasabo\/wp-content\/uploads\/sites\/25\/2020\/08\/WhatsApp-Image-2020-08-18-at-12.27.24-2-200x300.jpeg 200w, https:\/\/blogs.correiobraziliense.com.br\/lianasabo\/wp-content\/uploads\/sites\/25\/2020\/08\/WhatsApp-Image-2020-08-18-at-12.27.24-2-768x1152.jpeg 768w, https:\/\/blogs.correiobraziliense.com.br\/lianasabo\/wp-content\/uploads\/sites\/25\/2020\/08\/WhatsApp-Image-2020-08-18-at-12.27.24-2-682x1024.jpeg 682w, https:\/\/blogs.correiobraziliense.com.br\/lianasabo\/wp-content\/uploads\/sites\/25\/2020\/08\/WhatsApp-Image-2020-08-18-at-12.27.24-2-550x825.jpeg 550w, https:\/\/blogs.correiobraziliense.com.br\/lianasabo\/wp-content\/uploads\/sites\/25\/2020\/08\/WhatsApp-Image-2020-08-18-at-12.27.24-2-230x345.jpeg 230w\" sizes=\"auto, (max-width: 853px) 100vw, 853px\" \/><\/a>\n\t\t\t<\/div>\n\t\t\t\t<figcaption class='wp-caption-text gallery-caption' id='gallery-1-4094'>\n\t\t\t\tCr\u00e9dito: Farocomunica\/Divulga\u00e7\u00e3o. Gar\u00e7ons equipados\n\t\t\t\t<\/figcaption><\/figure><figure class='gallery-item'>\n\t\t\t<div class='gallery-icon portrait'>\n\t\t\t\t<a href='https:\/\/blogs.correiobraziliense.com.br\/lianasabo\/reabertura-de-restaurantes-enfrenta-ritmo-lento\/whatsapp-image-2020-08-18-at-12-27-24-1\/'><img loading=\"lazy\" decoding=\"async\" width=\"853\" height=\"1280\" src=\"https:\/\/blogs.correiobraziliense.com.br\/lianasabo\/wp-content\/uploads\/sites\/25\/2020\/08\/WhatsApp-Image-2020-08-18-at-12.27.24-1.jpeg\" class=\"attachment-full size-full\" alt=\"\" aria-describedby=\"gallery-1-4095\" srcset=\"https:\/\/blogs.correiobraziliense.com.br\/lianasabo\/wp-content\/uploads\/sites\/25\/2020\/08\/WhatsApp-Image-2020-08-18-at-12.27.24-1.jpeg 853w, https:\/\/blogs.correiobraziliense.com.br\/lianasabo\/wp-content\/uploads\/sites\/25\/2020\/08\/WhatsApp-Image-2020-08-18-at-12.27.24-1-200x300.jpeg 200w, https:\/\/blogs.correiobraziliense.com.br\/lianasabo\/wp-content\/uploads\/sites\/25\/2020\/08\/WhatsApp-Image-2020-08-18-at-12.27.24-1-768x1152.jpeg 768w, https:\/\/blogs.correiobraziliense.com.br\/lianasabo\/wp-content\/uploads\/sites\/25\/2020\/08\/WhatsApp-Image-2020-08-18-at-12.27.24-1-682x1024.jpeg 682w, https:\/\/blogs.correiobraziliense.com.br\/lianasabo\/wp-content\/uploads\/sites\/25\/2020\/08\/WhatsApp-Image-2020-08-18-at-12.27.24-1-550x825.jpeg 550w, https:\/\/blogs.correiobraziliense.com.br\/lianasabo\/wp-content\/uploads\/sites\/25\/2020\/08\/WhatsApp-Image-2020-08-18-at-12.27.24-1-230x345.jpeg 230w\" sizes=\"auto, (max-width: 853px) 100vw, 853px\" \/><\/a>\n\t\t\t<\/div>\n\t\t\t\t<figcaption class='wp-caption-text gallery-caption' id='gallery-1-4095'>\n\t\t\t\tCr\u00e9dito: Farocomunica\/Divulga\u00e7\u00e3o. Limpeza redobrada\n\t\t\t\t<\/figcaption><\/figure><figure class='gallery-item'>\n\t\t\t<div class='gallery-icon portrait'>\n\t\t\t\t<a href='https:\/\/blogs.correiobraziliense.com.br\/lianasabo\/reabertura-de-restaurantes-enfrenta-ritmo-lento\/whatsapp-image-2020-08-18-at-12-27-24\/'><img loading=\"lazy\" decoding=\"async\" width=\"853\" height=\"1280\" src=\"https:\/\/blogs.correiobraziliense.com.br\/lianasabo\/wp-content\/uploads\/sites\/25\/2020\/08\/WhatsApp-Image-2020-08-18-at-12.27.24.jpeg\" class=\"attachment-full size-full\" alt=\"\" aria-describedby=\"gallery-1-4099\" srcset=\"https:\/\/blogs.correiobraziliense.com.br\/lianasabo\/wp-content\/uploads\/sites\/25\/2020\/08\/WhatsApp-Image-2020-08-18-at-12.27.24.jpeg 853w, https:\/\/blogs.correiobraziliense.com.br\/lianasabo\/wp-content\/uploads\/sites\/25\/2020\/08\/WhatsApp-Image-2020-08-18-at-12.27.24-200x300.jpeg 200w, https:\/\/blogs.correiobraziliense.com.br\/lianasabo\/wp-content\/uploads\/sites\/25\/2020\/08\/WhatsApp-Image-2020-08-18-at-12.27.24-768x1152.jpeg 768w, https:\/\/blogs.correiobraziliense.com.br\/lianasabo\/wp-content\/uploads\/sites\/25\/2020\/08\/WhatsApp-Image-2020-08-18-at-12.27.24-682x1024.jpeg 682w, https:\/\/blogs.correiobraziliense.com.br\/lianasabo\/wp-content\/uploads\/sites\/25\/2020\/08\/WhatsApp-Image-2020-08-18-at-12.27.24-550x825.jpeg 550w, https:\/\/blogs.correiobraziliense.com.br\/lianasabo\/wp-content\/uploads\/sites\/25\/2020\/08\/WhatsApp-Image-2020-08-18-at-12.27.24-230x345.jpeg 230w\" sizes=\"auto, (max-width: 853px) 100vw, 853px\" \/><\/a>\n\t\t\t<\/div>\n\t\t\t\t<figcaption class='wp-caption-text gallery-caption' id='gallery-1-4099'>\n\t\t\t\tCr\u00e9dito: Farocomunica\/Divulga\u00e7\u00e3o.\n\t\t\t\t<\/figcaption><\/figure><figure class='gallery-item'>\n\t\t\t<div class='gallery-icon landscape'>\n\t\t\t\t<a href='https:\/\/blogs.correiobraziliense.com.br\/lianasabo\/reabertura-de-restaurantes-enfrenta-ritmo-lento\/whatsapp-image-2020-08-18-at-12-27-25-1\/'><img loading=\"lazy\" decoding=\"async\" width=\"1280\" height=\"853\" src=\"https:\/\/blogs.correiobraziliense.com.br\/lianasabo\/wp-content\/uploads\/sites\/25\/2020\/08\/WhatsApp-Image-2020-08-18-at-12.27.25-1.jpeg\" class=\"attachment-full size-full\" alt=\"\" aria-describedby=\"gallery-1-4097\" srcset=\"https:\/\/blogs.correiobraziliense.com.br\/lianasabo\/wp-content\/uploads\/sites\/25\/2020\/08\/WhatsApp-Image-2020-08-18-at-12.27.25-1.jpeg 1280w, https:\/\/blogs.correiobraziliense.com.br\/lianasabo\/wp-content\/uploads\/sites\/25\/2020\/08\/WhatsApp-Image-2020-08-18-at-12.27.25-1-300x200.jpeg 300w, https:\/\/blogs.correiobraziliense.com.br\/lianasabo\/wp-content\/uploads\/sites\/25\/2020\/08\/WhatsApp-Image-2020-08-18-at-12.27.25-1-768x512.jpeg 768w, https:\/\/blogs.correiobraziliense.com.br\/lianasabo\/wp-content\/uploads\/sites\/25\/2020\/08\/WhatsApp-Image-2020-08-18-at-12.27.25-1-1024x682.jpeg 1024w, https:\/\/blogs.correiobraziliense.com.br\/lianasabo\/wp-content\/uploads\/sites\/25\/2020\/08\/WhatsApp-Image-2020-08-18-at-12.27.25-1-550x367.jpeg 550w, https:\/\/blogs.correiobraziliense.com.br\/lianasabo\/wp-content\/uploads\/sites\/25\/2020\/08\/WhatsApp-Image-2020-08-18-at-12.27.25-1-230x153.jpeg 230w\" sizes=\"auto, (max-width: 1280px) 100vw, 1280px\" \/><\/a>\n\t\t\t<\/div>\n\t\t\t\t<figcaption class='wp-caption-text gallery-caption' id='gallery-1-4097'>\n\t\t\t\tCr\u00e9dito: Farocomunica\/Divulga\u00e7\u00e3o. As mesas respeitam o distanciamento\n\t\t\t\t<\/figcaption><\/figure><figure class='gallery-item'>\n\t\t\t<div class='gallery-icon landscape'>\n\t\t\t\t<a href='https:\/\/blogs.correiobraziliense.com.br\/lianasabo\/reabertura-de-restaurantes-enfrenta-ritmo-lento\/whatsapp-image-2020-08-18-at-12-27-25\/'><img loading=\"lazy\" decoding=\"async\" width=\"1280\" height=\"853\" src=\"https:\/\/blogs.correiobraziliense.com.br\/lianasabo\/wp-content\/uploads\/sites\/25\/2020\/08\/WhatsApp-Image-2020-08-18-at-12.27.25.jpeg\" class=\"attachment-full size-full\" alt=\"\" aria-describedby=\"gallery-1-4098\" srcset=\"https:\/\/blogs.correiobraziliense.com.br\/lianasabo\/wp-content\/uploads\/sites\/25\/2020\/08\/WhatsApp-Image-2020-08-18-at-12.27.25.jpeg 1280w, https:\/\/blogs.correiobraziliense.com.br\/lianasabo\/wp-content\/uploads\/sites\/25\/2020\/08\/WhatsApp-Image-2020-08-18-at-12.27.25-300x200.jpeg 300w, https:\/\/blogs.correiobraziliense.com.br\/lianasabo\/wp-content\/uploads\/sites\/25\/2020\/08\/WhatsApp-Image-2020-08-18-at-12.27.25-768x512.jpeg 768w, https:\/\/blogs.correiobraziliense.com.br\/lianasabo\/wp-content\/uploads\/sites\/25\/2020\/08\/WhatsApp-Image-2020-08-18-at-12.27.25-1024x682.jpeg 1024w, https:\/\/blogs.correiobraziliense.com.br\/lianasabo\/wp-content\/uploads\/sites\/25\/2020\/08\/WhatsApp-Image-2020-08-18-at-12.27.25-550x367.jpeg 550w, https:\/\/blogs.correiobraziliense.com.br\/lianasabo\/wp-content\/uploads\/sites\/25\/2020\/08\/WhatsApp-Image-2020-08-18-at-12.27.25-230x153.jpeg 230w\" sizes=\"auto, (max-width: 1280px) 100vw, 1280px\" \/><\/a>\n\t\t\t<\/div>\n\t\t\t\t<figcaption class='wp-caption-text gallery-caption' id='gallery-1-4098'>\n\t\t\t\tCr\u00e9dito: Farocomunica\/Divulga\u00e7\u00e3o.\n\t\t\t\t<\/figcaption><\/figure>\n\t\t<\/div>\n\n<p>Dois fatores tiveram influ\u00eancia no desempenho do setor nesse primeiro m\u00eas de reabertura: o Dia dos Pais, que ajudou muito a alavancar os pedidos no segundo domingo de agosto e o Festival Brasil Sabor Delivery, promovido pela Abrasel com a participa\u00e7\u00e3o de mais de 120 casas associadas. Tendo como tem\u00e1tica &#8220;Experimente novos sabores&#8221; a iniciativa deu um up grade \u00e0 gastronomia da cidade, que estava em banho-maria. At\u00e9 agora, foram vendidos, em m\u00e9dia, 1.700 pratos por semana.<\/p>\n<p>Voc\u00ea ainda tem dois dias para degustar o card\u00e1pio criativo e bem apresentado do festival que termina nessa quarta-feira, dia 20. O foco da programa\u00e7\u00e3o \u00e9 o servi\u00e7o de delivery, mas todos os pratos inscritos tamb\u00e9m podem ser degustados no local, com todas as medidas de seguran\u00e7a.<\/p>\n<p><strong>Mais puxadinhos<\/strong><\/p>\n<figure id=\"attachment_4091\" aria-describedby=\"caption-attachment-4091\" style=\"width: 800px\" class=\"wp-caption alignnone\"><a href=\"https:\/\/blogs.correiobraziliense.com.br\/lianasabo\/wp-content\/uploads\/sites\/25\/2020\/08\/WhatsApp-Image-2020-08-18-at-11.44.32.jpeg\"><img loading=\"lazy\" decoding=\"async\" class=\"size-full wp-image-4091\" src=\"https:\/\/blogs.correiobraziliense.com.br\/lianasabo\/wp-content\/uploads\/sites\/25\/2020\/08\/WhatsApp-Image-2020-08-18-at-11.44.32.jpeg\" alt=\"\" width=\"800\" height=\"533\" srcset=\"https:\/\/blogs.correiobraziliense.com.br\/lianasabo\/wp-content\/uploads\/sites\/25\/2020\/08\/WhatsApp-Image-2020-08-18-at-11.44.32.jpeg 800w, https:\/\/blogs.correiobraziliense.com.br\/lianasabo\/wp-content\/uploads\/sites\/25\/2020\/08\/WhatsApp-Image-2020-08-18-at-11.44.32-300x200.jpeg 300w, https:\/\/blogs.correiobraziliense.com.br\/lianasabo\/wp-content\/uploads\/sites\/25\/2020\/08\/WhatsApp-Image-2020-08-18-at-11.44.32-768x512.jpeg 768w, https:\/\/blogs.correiobraziliense.com.br\/lianasabo\/wp-content\/uploads\/sites\/25\/2020\/08\/WhatsApp-Image-2020-08-18-at-11.44.32-550x366.jpeg 550w, https:\/\/blogs.correiobraziliense.com.br\/lianasabo\/wp-content\/uploads\/sites\/25\/2020\/08\/WhatsApp-Image-2020-08-18-at-11.44.32-230x153.jpeg 230w\" sizes=\"auto, (max-width: 800px) 100vw, 800px\" \/><\/a><figcaption id=\"caption-attachment-4091\" class=\"wp-caption-text\">Cr\u00e9dito: Arquivo Pessoal. Beto Pinheiro, empres\u00e1rio da \u00e1rea de gastronomia<\/figcaption><\/figure>\n<p>Talvez a mais importante consequ\u00eancia da pandemia tenha sido a necessidade de utiliza\u00e7\u00e3o de \u00e1reas externas dos bares e restaurantes para obter mais espa\u00e7o entre as mesas. Por isso, a Abrasel-DF tratou de solicitar ao Governo do Distrito Federal que libere o uso de \u00e1reas p\u00fablicas. Segundo o dirigente Beto Pinheiro, &#8220;os clientes costumam se sentir mais seguros em \u00e1reas abertas, o que j\u00e1 ocorre em outras cidades do Brasil e do mundo e, aqui em Bras\u00edlia, temos capacidade de adotar a pr\u00e1tica e ajudar o setor&#8221;, conclui. Ele acredita que a medida venha a contribuir para o crescimento dos ganhos do setor, um dos mais abalados na economia do pa\u00eds.<\/p>\n","protected":false},"excerpt":{"rendered":"<p>Um m\u00eas ap\u00f3s a reabertura dos restaurantes, que ocorreu no dia 15 de julho, o setor j\u00e1 contabiliza os ganhos &#8212; embora muito inferiores ao normal &#8211;, e reconhece que a pandemia causada pelo coronav\u00edrus modificou profundamente a forma como se vive e os h\u00e1bitos que as fam\u00edlias possu\u00edam antes. Da\u00ed n\u00e3o ter havido ainda um retorno expressivo \u00e0s fontes [&hellip;]<\/p>\n","protected":false},"author":54,"featured_media":4097,"comment_status":"open","ping_status":"open","sticky":false,"template":"","format":"standard","meta":{"footnotes":""},"categories":[1],"tags":[],"class_list":["post-4090","post","type-post","status-publish","format-standard","has-post-thumbnail","hentry","category-sem-categoria"],"_links":{"self":[{"href":"https:\/\/blogs.correiobraziliense.com.br\/lianasabo\/wp-json\/wp\/v2\/posts\/4090","targetHints":{"allow":["GET"]}}],"collection":[{"href":"https:\/\/blogs.correiobraziliense.com.br\/lianasabo\/wp-json\/wp\/v2\/posts"}],"about":[{"href":"https:\/\/blogs.correiobraziliense.com.br\/lianasabo\/wp-json\/wp\/v2\/types\/post"}],"author":[{"embeddable":true,"href":"https:\/\/blogs.correiobraziliense.com.br\/lianasabo\/wp-json\/wp\/v2\/users\/54"}],"replies":[{"embeddable":true,"href":"https:\/\/blogs.correiobraziliense.com.br\/lianasabo\/wp-json\/wp\/v2\/comments?post=4090"}],"version-history":[{"count":5,"href":"https:\/\/blogs.correiobraziliense.com.br\/lianasabo\/wp-json\/wp\/v2\/posts\/4090\/revisions"}],"predecessor-version":[{"id":4102,"href":"https:\/\/blogs.correiobraziliense.com.br\/lianasabo\/wp-json\/wp\/v2\/posts\/4090\/revisions\/4102"}],"wp:featuredmedia":[{"embeddable":true,"href":"https:\/\/blogs.correiobraziliense.com.br\/lianasabo\/wp-json\/wp\/v2\/media\/4097"}],"wp:attachment":[{"href":"https:\/\/blogs.correiobraziliense.com.br\/lianasabo\/wp-json\/wp\/v2\/media?parent=4090"}],"wp:term":[{"taxonomy":"category","embeddable":true,"href":"https:\/\/blogs.correiobraziliense.com.br\/lianasabo\/wp-json\/wp\/v2\/categories?post=4090"},{"taxonomy":"post_tag","embeddable":true,"href":"https:\/\/blogs.correiobraziliense.com.br\/lianasabo\/wp-json\/wp\/v2\/tags?post=4090"}],"curies":[{"name":"wp","href":"https:\/\/api.w.org\/{rel}","templated":true}]}}