{"id":4086,"date":"2020-08-17T18:21:50","date_gmt":"2020-08-17T21:21:50","guid":{"rendered":"https:\/\/blogs.correiobraziliense.com.br\/lianasabo\/?p=4086"},"modified":"2020-08-17T18:21:50","modified_gmt":"2020-08-17T21:21:50","slug":"acai-artesanal-abre-mais-duas-lojas-ate-outubro","status":"publish","type":"post","link":"https:\/\/blogs.correiobraziliense.com.br\/lianasabo\/acai-artesanal-abre-mais-duas-lojas-ate-outubro\/","title":{"rendered":"A\u00e7a\u00ed Artesanal abre mais duas lojas at\u00e9 outubro"},"content":{"rendered":"<p>A mat\u00e9ria prima \u00e9 importada da Regi\u00e3o Norte, mas a produ\u00e7\u00e3o \u00e9 cem por cento local, afinal brasiliense adora a\u00e7a\u00ed, da\u00ed a grife ter-se espalhado por 19 pontos do quadradinho com previs\u00e3o para mais dois: Vicente Pires e Jardim Bot\u00e2nico, ambos com inaugura\u00e7\u00e3o planejada para outubro, al\u00e9m de outra loja que havia fechado na pandemia e reabre agora no ParkSul, totalizando 22 opera\u00e7\u00f5es.<\/p>\n<p>A ideia surgiu h\u00e1 13 anos quando um grupo de amigos m\u00fasicos preparava uma vers\u00e3o caseira da pasta de fruta para confraternizar e degustar. &#8220;A experi\u00eancia se repetiu e n\u00f3s come\u00e7amos a fazer uma vaquinha para continuar produzindo o a\u00e7a\u00ed e logo iniciamos a comercializa\u00e7\u00e3o, com pedidos pelo Facebook&#8221;, conta o baterista Martin Barreiro, fundador da marca, que tem como s\u00f3cio Marcos Zanette. Segundo Barreiro, n\u00e3o foi o acaso que juntou o grupo. &#8220;Al\u00e9m da m\u00fasica, fomos aproximados pela sa\u00fade, esporte, vida e &#8230; pelo a\u00e7a\u00ed&#8221;.<\/p>\n<p>A frutinha escura vem do Par\u00e1 j\u00e1 sem a casca, s\u00f3 a polpa pura. Muito consumida em textura cremosa, tanto em doces como salgados, passou a ser utilizada pela marca A\u00e7a\u00ed Artesanal em v\u00e1rias receitas, como as da linha cl\u00e1ssica que leva um toque de guaran\u00e1 no sabor original e tamb\u00e9m pode ser batida com banana, morango, hortel\u00e3 e cookies. Custam R$ 13,99 (300g); R$ 19,99 (500g) e R$ 23,99 (700g).<\/p>\n<figure id=\"attachment_4088\" aria-describedby=\"caption-attachment-4088\" style=\"width: 1000px\" class=\"wp-caption aligncenter\"><a href=\"https:\/\/blogs.correiobraziliense.com.br\/lianasabo\/wp-content\/uploads\/sites\/25\/2020\/08\/A\u00e7a\u00ed-Artesanal_1.jpg\"><img loading=\"lazy\" decoding=\"async\" class=\"size-full wp-image-4088\" src=\"https:\/\/blogs.correiobraziliense.com.br\/lianasabo\/wp-content\/uploads\/sites\/25\/2020\/08\/A\u00e7a\u00ed-Artesanal_1.jpg\" alt=\"\" width=\"1000\" height=\"1200\" srcset=\"https:\/\/blogs.correiobraziliense.com.br\/lianasabo\/wp-content\/uploads\/sites\/25\/2020\/08\/A\u00e7a\u00ed-Artesanal_1.jpg 1000w, https:\/\/blogs.correiobraziliense.com.br\/lianasabo\/wp-content\/uploads\/sites\/25\/2020\/08\/A\u00e7a\u00ed-Artesanal_1-250x300.jpg 250w, https:\/\/blogs.correiobraziliense.com.br\/lianasabo\/wp-content\/uploads\/sites\/25\/2020\/08\/A\u00e7a\u00ed-Artesanal_1-768x922.jpg 768w, https:\/\/blogs.correiobraziliense.com.br\/lianasabo\/wp-content\/uploads\/sites\/25\/2020\/08\/A\u00e7a\u00ed-Artesanal_1-853x1024.jpg 853w, https:\/\/blogs.correiobraziliense.com.br\/lianasabo\/wp-content\/uploads\/sites\/25\/2020\/08\/A\u00e7a\u00ed-Artesanal_1-550x660.jpg 550w, https:\/\/blogs.correiobraziliense.com.br\/lianasabo\/wp-content\/uploads\/sites\/25\/2020\/08\/A\u00e7a\u00ed-Artesanal_1-230x276.jpg 230w\" sizes=\"auto, (max-width: 1000px) 100vw, 1000px\" \/><\/a><figcaption id=\"caption-attachment-4088\" class=\"wp-caption-text\">Cr\u00e9dito: ETC Comunica\u00e7\u00e3o\/Divulga\u00e7\u00e3o. A\u00e7a\u00ed Artesanal<\/figcaption><\/figure>\n<p>J\u00e1 a linha gourmet sofistica um pouco o preparo para incorporar pitaya, guaran\u00e1, cacau, pa\u00e7oca e castanha-do-par\u00e1, cuja nomenclatura mudou para castanha-do-brasil para fins de exporta\u00e7\u00e3o. H\u00e1 ainda mais duas vers\u00f5es: de cupua\u00e7u e coco. Tamb\u00e9m vem em tr\u00eas por\u00e7\u00f5es de 300g por R$ 15,99; 500g por R$ 21,99 e 700g por R$ 25,99.<\/p>\n<h3>Sem contamina\u00e7\u00e3o<\/h3>\n<p>Instalada no SAAN, onde fica a sede, c\u00e2mara fria, estoque, distribui\u00e7\u00e3o e centro de treinamento aos franqueados, a marca \u00e9 uma das \u00fanicas a utilizar a polpa pasteurizada (padr\u00e3o internacional) livre de qualquer tipo de contamina\u00e7\u00e3o. O produto tamb\u00e9m n\u00e3o leva conservantes, corantes, emulsionantes ou aditivos qu\u00edmicos e todo o processo de preparo \u00e9 manual. Voc\u00ea pode pedir se quer o seu a\u00e7a\u00ed batido sem a\u00e7\u00facar ou ado\u00e7ado com uma dose m\u00ednima de xarope de guaran\u00e1, mel, a\u00e7\u00facar mascavo ou stevia.<\/p>\n<p>Para quem \u00e9 fitness, tem o A\u00e7a\u00ed Fit feito com whey protein, mel, castanha-do-brasil, morango ou banana. Sai por R$ 21,99 (300g) e R$ 32,99 (700g). H\u00e1 ainda uma receita especial chamada Sant\u00edssimo com gengibre, hortel\u00e3 e mel, al\u00e9m de um combinado Vai bem, que conquistou o consumidor com sorbet de frutas vermelhas no a\u00e7a\u00ed intercalado por camadas de sorvete de creme. Os pre\u00e7os v\u00e3o de R$ 23,99 a R$ 33,99. Completa o portf\u00f3lio o Nut A\u00e7a\u00ed, que leva leite em p\u00f3, banana cortada e creme de avel\u00e3. Veja mais: <a href=\"http:\/\/www.acaiartesanal.com.br\">www.acaiartesanal.com.br<\/a><\/p>\n","protected":false},"excerpt":{"rendered":"<p>A mat\u00e9ria prima \u00e9 importada da Regi\u00e3o Norte, mas a produ\u00e7\u00e3o \u00e9 cem por cento local, afinal brasiliense adora a\u00e7a\u00ed, da\u00ed a grife ter-se espalhado por 19 pontos do quadradinho com previs\u00e3o para mais dois: Vicente Pires e Jardim Bot\u00e2nico, ambos com inaugura\u00e7\u00e3o planejada para outubro, al\u00e9m de outra loja que havia fechado na pandemia e reabre agora no ParkSul, [&hellip;]<\/p>\n","protected":false},"author":54,"featured_media":4087,"comment_status":"open","ping_status":"open","sticky":false,"template":"","format":"standard","meta":{"footnotes":""},"categories":[1],"tags":[],"class_list":["post-4086","post","type-post","status-publish","format-standard","has-post-thumbnail","hentry","category-sem-categoria"],"_links":{"self":[{"href":"https:\/\/blogs.correiobraziliense.com.br\/lianasabo\/wp-json\/wp\/v2\/posts\/4086","targetHints":{"allow":["GET"]}}],"collection":[{"href":"https:\/\/blogs.correiobraziliense.com.br\/lianasabo\/wp-json\/wp\/v2\/posts"}],"about":[{"href":"https:\/\/blogs.correiobraziliense.com.br\/lianasabo\/wp-json\/wp\/v2\/types\/post"}],"author":[{"embeddable":true,"href":"https:\/\/blogs.correiobraziliense.com.br\/lianasabo\/wp-json\/wp\/v2\/users\/54"}],"replies":[{"embeddable":true,"href":"https:\/\/blogs.correiobraziliense.com.br\/lianasabo\/wp-json\/wp\/v2\/comments?post=4086"}],"version-history":[{"count":1,"href":"https:\/\/blogs.correiobraziliense.com.br\/lianasabo\/wp-json\/wp\/v2\/posts\/4086\/revisions"}],"predecessor-version":[{"id":4089,"href":"https:\/\/blogs.correiobraziliense.com.br\/lianasabo\/wp-json\/wp\/v2\/posts\/4086\/revisions\/4089"}],"wp:featuredmedia":[{"embeddable":true,"href":"https:\/\/blogs.correiobraziliense.com.br\/lianasabo\/wp-json\/wp\/v2\/media\/4087"}],"wp:attachment":[{"href":"https:\/\/blogs.correiobraziliense.com.br\/lianasabo\/wp-json\/wp\/v2\/media?parent=4086"}],"wp:term":[{"taxonomy":"category","embeddable":true,"href":"https:\/\/blogs.correiobraziliense.com.br\/lianasabo\/wp-json\/wp\/v2\/categories?post=4086"},{"taxonomy":"post_tag","embeddable":true,"href":"https:\/\/blogs.correiobraziliense.com.br\/lianasabo\/wp-json\/wp\/v2\/tags?post=4086"}],"curies":[{"name":"wp","href":"https:\/\/api.w.org\/{rel}","templated":true}]}}