{"id":3980,"date":"2020-05-29T18:36:49","date_gmt":"2020-05-29T21:36:49","guid":{"rendered":"http:\/\/blogs.correiobraziliense.com.br\/lianasabo\/?p=3980"},"modified":"2020-05-29T18:36:49","modified_gmt":"2020-05-29T21:36:49","slug":"costela-assada-no-fogo-de-chao-e-atracao-de-domingo-no-nativas","status":"publish","type":"post","link":"https:\/\/blogs.correiobraziliense.com.br\/lianasabo\/costela-assada-no-fogo-de-chao-e-atracao-de-domingo-no-nativas\/","title":{"rendered":"Costela assada no fogo de ch\u00e3o \u00e9 atra\u00e7\u00e3o de domingo no Nativas"},"content":{"rendered":"<p>Nesse domingo, o ultimo do m\u00eas de maio, o delivery da Nativas Grill, churrascaria instalada no SIA, desde o m\u00eas de novembro, traz uma grande atra\u00e7\u00e3o para o gourmet carn\u00edvoro: costela bovina assada no espeto com fogo de ch\u00e3o. Trata-se de um dos rituais mais tradicionalistas da culin\u00e1ria ga\u00facha &#8211; toda ela executado no forno, fog\u00e3o e fogo de ch\u00e3o. Quem garante o sabor do prato \u00e9 o ga\u00facho de Erechim Gilberto Zort\u00e9a, que vive h\u00e1 24 anos na capital e se tornou conhecido dos brasilienses justamente pela enogastronomia. Primeiro foram os vinhos vendidos por ele na Adega Baco, uma bem estruturada loja no Sudoeste, e nos \u00faltimos dois anos, Gilberto atuou como patr\u00e3o no CTG Jayme Caetano Braun, onde comandava o costel\u00e3o servido no primeiro domingo de cada m\u00eas.<\/p>\n<p>Para o especialista, assar costela \u00e9 uma rotina. &#8220;O segredo \u00e9 amor e paci\u00eancia&#8221;, diz Zort\u00e9a, que arma o cen\u00e1rio na v\u00e9spera. &#8220;S\u00e1bado, deixo a &#8220;fogueira&#8221; montada com toras de madeira de eucalipto reflorestado e no domingo volto de madrugada para acender o fogo com gel e carv\u00e3o mineral&#8221;, revela o ga\u00facho. Em seguida, ele espeta a carne e cobre-a de sal grosso que vai penetrando nas fibras \u00e0 medida que vai assando num processo lento e gradativo de cerca de sete horas. &#8220;Depois de assada, a gente &#8220;surra&#8221; a costela no espeto batendo para tirar o excesso de sal&#8221;, ensina.<\/p>\n<figure id=\"attachment_3982\" aria-describedby=\"caption-attachment-3982\" style=\"width: 169px\" class=\"wp-caption alignleft\"><a href=\"https:\/\/blogs.correiobraziliense.com.br\/lianasabo\/wp-content\/uploads\/sites\/25\/2020\/05\/WhatsApp-Image-2020-05-29-at-18.23.50-1.jpeg\"><img loading=\"lazy\" decoding=\"async\" class=\"wp-image-3982 size-medium\" src=\"https:\/\/blogs.correiobraziliense.com.br\/lianasabo\/wp-content\/uploads\/sites\/25\/2020\/05\/WhatsApp-Image-2020-05-29-at-18.23.50-1-169x300.jpeg\" alt=\"\" width=\"169\" height=\"300\" srcset=\"https:\/\/blogs.correiobraziliense.com.br\/lianasabo\/wp-content\/uploads\/sites\/25\/2020\/05\/WhatsApp-Image-2020-05-29-at-18.23.50-1-169x300.jpeg 169w, https:\/\/blogs.correiobraziliense.com.br\/lianasabo\/wp-content\/uploads\/sites\/25\/2020\/05\/WhatsApp-Image-2020-05-29-at-18.23.50-1-576x1024.jpeg 576w, https:\/\/blogs.correiobraziliense.com.br\/lianasabo\/wp-content\/uploads\/sites\/25\/2020\/05\/WhatsApp-Image-2020-05-29-at-18.23.50-1-550x978.jpeg 550w, https:\/\/blogs.correiobraziliense.com.br\/lianasabo\/wp-content\/uploads\/sites\/25\/2020\/05\/WhatsApp-Image-2020-05-29-at-18.23.50-1-230x409.jpeg 230w, https:\/\/blogs.correiobraziliense.com.br\/lianasabo\/wp-content\/uploads\/sites\/25\/2020\/05\/WhatsApp-Image-2020-05-29-at-18.23.50-1.jpeg 720w\" sizes=\"auto, (max-width: 169px) 100vw, 169px\" \/><\/a><figcaption id=\"caption-attachment-3982\" class=\"wp-caption-text\">Cr\u00e9dito: Nativas\/Divulga\u00e7\u00e3o. Ga\u00facho assador Gilberto Zort\u00e9a e a costelada<\/figcaption><\/figure>\n<p>Enquanto tem carne no espeto, o fogo continua sendo alimentado &#8220;at\u00e9 terminar de vender&#8221;, diz Gilberto, que acrescentou no prato cinco acompanhamentos: arroz branco, mandioca cozida na \u00e1gua e sal passada na manteiga de garrafa, salada de batata com maionese, vinagrete e farofa de farinha de mandioca refogada no \u00f3leo, alho, cebola e sal. A costela completa sai por R$ 79,90 e serve duas pessoas. Para acompanhar, o assador sugere a uva uruguaia Tannat, que d\u00e1 esplendidos vinhos harmonizados com carne, embora o dono da casa, Jaime Luiz Prezotto, natural de Anchieta, no norte catarinense, prefira um Malbec. Tamb\u00e9m soberbo!<\/p>\n<h2>Outras op\u00e7\u00f5es<\/h2>\n<p>Todos os acompanhamentos da costela s\u00e3o feitos na cozinha do Nativas Grill, que n\u00e3o parou um dia desde que come\u00e7ou a pandemia. A casa elegeu alguns outros pratos para oferecer no delivery e criou uma marmita de apenas R$ 18. Nela, vem arroz, batata frita, salada, frango, lingui\u00e7a e carne bovina. J\u00e1 na marmita especial de R$ 28 vem feij\u00e3o tropeiro, arroz, salada, picanha e fraldinha, informa o gestor Renato Loureiro. Voc\u00ea tamb\u00e9m poder\u00e1 pedir salm\u00e3o com salada e arroz de br\u00f3colis por R$ 39,90 mesmo pre\u00e7o do carr\u00e9 de carneiro, que j\u00e1 comi l\u00e1 antes do fechamento e gostei. Outra sugest\u00e3o \u00e9 o risoto de camar\u00e3o por R$ 38,90. O delivery funciona todos os dias para almo\u00e7o e jantar, com exce\u00e7\u00e3o de domingo, que atende s\u00f3 para o almo\u00e7o. Pedidos pelo Ifood ou pelo telefone 3038-4680. Voc\u00ea tamb\u00e9m pode pegar l\u00e1 no SIA, Trecho 14, lote 5, estacionamento do antigo Makro.<\/p>\n","protected":false},"excerpt":{"rendered":"<p>Nesse domingo, o ultimo do m\u00eas de maio, o delivery da Nativas Grill, churrascaria instalada no SIA, desde o m\u00eas de novembro, traz uma grande atra\u00e7\u00e3o para o gourmet carn\u00edvoro: costela bovina assada no espeto com fogo de ch\u00e3o. Trata-se de um dos rituais mais tradicionalistas da culin\u00e1ria ga\u00facha &#8211; toda ela executado no forno, fog\u00e3o e fogo de ch\u00e3o. [&hellip;]<\/p>\n","protected":false},"author":54,"featured_media":3981,"comment_status":"open","ping_status":"open","sticky":false,"template":"","format":"standard","meta":{"footnotes":""},"categories":[1],"tags":[],"class_list":["post-3980","post","type-post","status-publish","format-standard","has-post-thumbnail","hentry","category-sem-categoria"],"_links":{"self":[{"href":"https:\/\/blogs.correiobraziliense.com.br\/lianasabo\/wp-json\/wp\/v2\/posts\/3980","targetHints":{"allow":["GET"]}}],"collection":[{"href":"https:\/\/blogs.correiobraziliense.com.br\/lianasabo\/wp-json\/wp\/v2\/posts"}],"about":[{"href":"https:\/\/blogs.correiobraziliense.com.br\/lianasabo\/wp-json\/wp\/v2\/types\/post"}],"author":[{"embeddable":true,"href":"https:\/\/blogs.correiobraziliense.com.br\/lianasabo\/wp-json\/wp\/v2\/users\/54"}],"replies":[{"embeddable":true,"href":"https:\/\/blogs.correiobraziliense.com.br\/lianasabo\/wp-json\/wp\/v2\/comments?post=3980"}],"version-history":[{"count":0,"href":"https:\/\/blogs.correiobraziliense.com.br\/lianasabo\/wp-json\/wp\/v2\/posts\/3980\/revisions"}],"wp:featuredmedia":[{"embeddable":true,"href":"https:\/\/blogs.correiobraziliense.com.br\/lianasabo\/wp-json\/wp\/v2\/media\/3981"}],"wp:attachment":[{"href":"https:\/\/blogs.correiobraziliense.com.br\/lianasabo\/wp-json\/wp\/v2\/media?parent=3980"}],"wp:term":[{"taxonomy":"category","embeddable":true,"href":"https:\/\/blogs.correiobraziliense.com.br\/lianasabo\/wp-json\/wp\/v2\/categories?post=3980"},{"taxonomy":"post_tag","embeddable":true,"href":"https:\/\/blogs.correiobraziliense.com.br\/lianasabo\/wp-json\/wp\/v2\/tags?post=3980"}],"curies":[{"name":"wp","href":"https:\/\/api.w.org\/{rel}","templated":true}]}}