{"id":3886,"date":"2020-03-20T06:00:54","date_gmt":"2020-03-20T09:00:54","guid":{"rendered":"https:\/\/blogs.correiobraziliense.com.br\/lianasabo\/?p=3886"},"modified":"2020-03-19T18:46:50","modified_gmt":"2020-03-19T21:46:50","slug":"nativas-grill-abre-no-sia-com-carnes-nobres-no-espeto","status":"publish","type":"post","link":"https:\/\/blogs.correiobraziliense.com.br\/lianasabo\/nativas-grill-abre-no-sia-com-carnes-nobres-no-espeto\/","title":{"rendered":"Nativas Grill abre no SIA com carnes nobres no espeto"},"content":{"rendered":"<p>A alta do pre\u00e7o da carne assustou no fim de 2019. Agora, d\u00e1 para ver a volta \u00e0 normalidade. Nesses tempos de crise \u00e9 bom seguir as churrascarias que fazem promo\u00e7\u00f5es pelas m\u00eddias sociais, como o Instagram, em que uma nova grife acaba de desembarcar. Trata-se da Nativas Grill Bras\u00edlia, que abriu a quinta unidade no estacionamento do Makro, rec\u00e9m-comprado pelo grupo Carrefour.<\/p>\n<p>Numa \u00e1rea imensa localizada no SIA (Trecho 14, Lote 5), a churrascaria abriga at\u00e9 750 pessoas confortavelmente, no espa\u00e7o assinado pela arquiteta Alessandra Lobo. Nascida em Goi\u00e2nia, pelas m\u00e3os de um paulista de Franca, Jaime Luiz Prezotto, a marca se expandiu para outras localidades do pa\u00eds, como S\u00e3o Paulo, Ribeir\u00e3o Preto e Cuiab\u00e1.<\/p>\n<h2>Estilo ga\u00facho<\/h2>\n<figure id=\"attachment_3888\" aria-describedby=\"caption-attachment-3888\" style=\"width: 800px\" class=\"wp-caption aligncenter\"><a href=\"https:\/\/blogs.correiobraziliense.com.br\/lianasabo\/wp-content\/uploads\/sites\/25\/2020\/03\/CBNFOT170320200117.jpg\"><img loading=\"lazy\" decoding=\"async\" class=\"size-full wp-image-3888\" src=\"https:\/\/blogs.correiobraziliense.com.br\/lianasabo\/wp-content\/uploads\/sites\/25\/2020\/03\/CBNFOT170320200117.jpg\" alt=\"\" width=\"800\" height=\"879\" srcset=\"https:\/\/blogs.correiobraziliense.com.br\/lianasabo\/wp-content\/uploads\/sites\/25\/2020\/03\/CBNFOT170320200117.jpg 800w, https:\/\/blogs.correiobraziliense.com.br\/lianasabo\/wp-content\/uploads\/sites\/25\/2020\/03\/CBNFOT170320200117-273x300.jpg 273w, https:\/\/blogs.correiobraziliense.com.br\/lianasabo\/wp-content\/uploads\/sites\/25\/2020\/03\/CBNFOT170320200117-768x844.jpg 768w, https:\/\/blogs.correiobraziliense.com.br\/lianasabo\/wp-content\/uploads\/sites\/25\/2020\/03\/CBNFOT170320200117-550x604.jpg 550w, https:\/\/blogs.correiobraziliense.com.br\/lianasabo\/wp-content\/uploads\/sites\/25\/2020\/03\/CBNFOT170320200117-230x253.jpg 230w\" sizes=\"auto, (max-width: 800px) 100vw, 800px\" \/><\/a><figcaption id=\"caption-attachment-3888\" class=\"wp-caption-text\">Cr\u00e9dito: Denise Margis\/Divulga\u00e7\u00e3o. Favas Contadas. Renato Loureiro, gerente da Nativas.<\/figcaption><\/figure>\n<p>Cada unidade \u00e9 comandada por um gestor nomeado pelo fundador da grife, que foi buscar, como seu bra\u00e7o direito, o ga\u00facho de Tr\u00eas Palmeiras, Renato Loureiro, 33 anos, ex-gerente da Fogo Campeiro. \u201cAcompanhei toda a execu\u00e7\u00e3o da obra, durante os 40 dias que antecederam a inaugura\u00e7\u00e3o\u201d, relata Renato, que vislumbra abrir uma segunda unidade na capital, ainda sem data prevista. \u201cFizemos um estudo que apontou Bras\u00edlia como um \u00f3timo campo para o neg\u00f3cio, especialmente pelo alto n\u00edvel de exig\u00eancia do p\u00fablico\u201d, explica o gestor, para quem \u201cservi\u00e7os de qualidade a um pre\u00e7o justo valorizam o nosso cliente\u201d.<\/p>\n<h2>Cordeiro no ponto<\/h2>\n<p>Os cortes s\u00e3o servidos no sistema de rod\u00edzio, isto \u00e9, v\u00eam \u00e0 mesa no espeto. Podem ser assados na brasa ou na parrilla, como a costela, o shoulder, o T-bone ou o assado de tiras. Al\u00e9m da tradicional picanha, o bife ancho e chorizo \u2014 tudo o que uma boa churrascaria precisa oferecer.<\/p>\n<figure id=\"attachment_3889\" aria-describedby=\"caption-attachment-3889\" style=\"width: 800px\" class=\"wp-caption aligncenter\"><a href=\"https:\/\/blogs.correiobraziliense.com.br\/lianasabo\/wp-content\/uploads\/sites\/25\/2020\/03\/CBNFOT090320200462.jpg\"><img loading=\"lazy\" decoding=\"async\" class=\"size-full wp-image-3889\" src=\"https:\/\/blogs.correiobraziliense.com.br\/lianasabo\/wp-content\/uploads\/sites\/25\/2020\/03\/CBNFOT090320200462.jpg\" alt=\"\" width=\"800\" height=\"1199\" srcset=\"https:\/\/blogs.correiobraziliense.com.br\/lianasabo\/wp-content\/uploads\/sites\/25\/2020\/03\/CBNFOT090320200462.jpg 800w, https:\/\/blogs.correiobraziliense.com.br\/lianasabo\/wp-content\/uploads\/sites\/25\/2020\/03\/CBNFOT090320200462-200x300.jpg 200w, https:\/\/blogs.correiobraziliense.com.br\/lianasabo\/wp-content\/uploads\/sites\/25\/2020\/03\/CBNFOT090320200462-768x1151.jpg 768w, https:\/\/blogs.correiobraziliense.com.br\/lianasabo\/wp-content\/uploads\/sites\/25\/2020\/03\/CBNFOT090320200462-683x1024.jpg 683w, https:\/\/blogs.correiobraziliense.com.br\/lianasabo\/wp-content\/uploads\/sites\/25\/2020\/03\/CBNFOT090320200462-550x824.jpg 550w, https:\/\/blogs.correiobraziliense.com.br\/lianasabo\/wp-content\/uploads\/sites\/25\/2020\/03\/CBNFOT090320200462-230x345.jpg 230w\" sizes=\"auto, (max-width: 800px) 100vw, 800px\" \/><\/a><figcaption id=\"caption-attachment-3889\" class=\"wp-caption-text\">Cr\u00e9dito: Yukio Brito \/ Nativas Grill. Favas Contadas.Bufe de saladas do Nativas Grill.<\/figcaption><\/figure>\n<p>Tenho um amigo que recomenda, quando se trata de restaurante italiano, sempre pedir pasta a pomodoro, porque \u00e9 o mais simples e b\u00e1sico para voc\u00ea avaliar a casa. Vale o semelhante para churrascaria: pedir um cordeiro, um corte cuja execu\u00e7\u00e3o n\u00e3o \u00e9 f\u00e1cil. Veio no ponto certo, suculento e saboroso!<\/p>\n<p>Complementos voc\u00ea se serve no buf\u00ea, como saladas, massas, queijos, peixes, frutos do mar e at\u00e9 uma ilha de sushi. Para ado\u00e7ar o bico, ningu\u00e9m precisa se levantar da mesa, porque o carrinho com diversas tortas v\u00e3o at\u00e9 voc\u00ea. Para beber, drinques variados e mais de 100 r\u00f3tulos na carta de vinhos.<\/p>\n<p>De segunda a quinta, o almo\u00e7o sai por R$ 59,90; sexta e s\u00e1bado, R$ 69,90 e domingos e feriados, R$ 82,90. O jantar sai por R$ 54,90, de domingo a quinta; e R$ 59,90, sexta e s\u00e1bado. As promo\u00e7\u00f5es podem chegar a R$ 49,90, somente no jantar. Reservas: 3038-4680.<\/p>\n","protected":false},"excerpt":{"rendered":"<p>A alta do pre\u00e7o da carne assustou no fim de 2019. Agora, d\u00e1 para ver a volta \u00e0 normalidade. Nesses tempos de crise \u00e9 bom seguir as churrascarias que fazem promo\u00e7\u00f5es pelas m\u00eddias sociais, como o Instagram, em que uma nova grife acaba de desembarcar. Trata-se da Nativas Grill Bras\u00edlia, que abriu a quinta unidade no estacionamento do Makro, rec\u00e9m-comprado [&hellip;]<\/p>\n","protected":false},"author":54,"featured_media":3887,"comment_status":"open","ping_status":"open","sticky":false,"template":"","format":"standard","meta":{"footnotes":""},"categories":[1],"tags":[],"class_list":["post-3886","post","type-post","status-publish","format-standard","has-post-thumbnail","hentry","category-sem-categoria"],"_links":{"self":[{"href":"https:\/\/blogs.correiobraziliense.com.br\/lianasabo\/wp-json\/wp\/v2\/posts\/3886","targetHints":{"allow":["GET"]}}],"collection":[{"href":"https:\/\/blogs.correiobraziliense.com.br\/lianasabo\/wp-json\/wp\/v2\/posts"}],"about":[{"href":"https:\/\/blogs.correiobraziliense.com.br\/lianasabo\/wp-json\/wp\/v2\/types\/post"}],"author":[{"embeddable":true,"href":"https:\/\/blogs.correiobraziliense.com.br\/lianasabo\/wp-json\/wp\/v2\/users\/54"}],"replies":[{"embeddable":true,"href":"https:\/\/blogs.correiobraziliense.com.br\/lianasabo\/wp-json\/wp\/v2\/comments?post=3886"}],"version-history":[{"count":2,"href":"https:\/\/blogs.correiobraziliense.com.br\/lianasabo\/wp-json\/wp\/v2\/posts\/3886\/revisions"}],"predecessor-version":[{"id":3891,"href":"https:\/\/blogs.correiobraziliense.com.br\/lianasabo\/wp-json\/wp\/v2\/posts\/3886\/revisions\/3891"}],"wp:featuredmedia":[{"embeddable":true,"href":"https:\/\/blogs.correiobraziliense.com.br\/lianasabo\/wp-json\/wp\/v2\/media\/3887"}],"wp:attachment":[{"href":"https:\/\/blogs.correiobraziliense.com.br\/lianasabo\/wp-json\/wp\/v2\/media?parent=3886"}],"wp:term":[{"taxonomy":"category","embeddable":true,"href":"https:\/\/blogs.correiobraziliense.com.br\/lianasabo\/wp-json\/wp\/v2\/categories?post=3886"},{"taxonomy":"post_tag","embeddable":true,"href":"https:\/\/blogs.correiobraziliense.com.br\/lianasabo\/wp-json\/wp\/v2\/tags?post=3886"}],"curies":[{"name":"wp","href":"https:\/\/api.w.org\/{rel}","templated":true}]}}