{"id":3821,"date":"2020-02-21T07:34:50","date_gmt":"2020-02-21T10:34:50","guid":{"rendered":"https:\/\/blogs.correiobraziliense.com.br\/lianasabo\/?p=3821"},"modified":"2020-02-20T17:39:54","modified_gmt":"2020-02-20T20:39:54","slug":"boa-opcao-no-sul-carnaval-com-wine-guarden-no-4o-carnevale","status":"publish","type":"post","link":"https:\/\/blogs.correiobraziliense.com.br\/lianasabo\/boa-opcao-no-sul-carnaval-com-wine-guarden-no-4o-carnevale\/","title":{"rendered":"Boa op\u00e7\u00e3o no Sul: Carnaval com Wine Guarden no 4\u00ba Carnevale"},"content":{"rendered":"<p><strong>Serra ga\u00facha \u2014<\/strong> Para quem quer fugir da folia do carnaval e busca comodidade, boa bebida e natureza preferindo o rock ao samba, o Vale dos Vinhedos \u00e9 o destino certo. Quase sem chuva, temperatura at\u00e9 amena para os padr\u00f5es da Serra Ga\u00facha, o Sul nesta \u00e9poca do ano \u00e9 s\u00f3 tempo bom de sol, ideal para curtir um assento nos jardins, como os da Vin\u00edcola Miolo, onde, h\u00e1 cinco anos, a empresa lan\u00e7ou o Wine Garden, que desde ent\u00e3o celebra a festa de Momo de um modo inusitado com cineminha, shows, comidas de food trucks e at\u00e9 passeio de bal\u00e3o.<\/p>\n<p>O 4\u00ba Carnevale traz espumantes com selo Miolo, drinques de frutas preparados com as borbulhas da casa e op\u00e7\u00f5es gourmets, que v\u00e3o desde o hamb\u00farguer artesanal passando por empanadas e pizzas de fermenta\u00e7\u00e3o natural, at\u00e9 p\u00e3es de queijo e por\u00e7\u00f5es de mini-nhoques sem falar no sorvete artesanal \u2014 Linha Gelatto Wine Garden \u2014 que est\u00e1 sendo lan\u00e7ado este m\u00eas.<\/p>\n<h2>Visto do alto<\/h2>\n<figure id=\"attachment_3823\" aria-describedby=\"caption-attachment-3823\" style=\"width: 800px\" class=\"wp-caption aligncenter\"><a href=\"https:\/\/blogs.correiobraziliense.com.br\/lianasabo\/wp-content\/uploads\/sites\/25\/2020\/02\/Boa-op\u00e7\u00e3o-no-Sul-2-Cr\u00e9ditos-Wine-Garden-Divulga\u00e7\u00e3o.jpg\"><img loading=\"lazy\" decoding=\"async\" class=\"size-full wp-image-3823\" src=\"https:\/\/blogs.correiobraziliense.com.br\/lianasabo\/wp-content\/uploads\/sites\/25\/2020\/02\/Boa-op\u00e7\u00e3o-no-Sul-2-Cr\u00e9ditos-Wine-Garden-Divulga\u00e7\u00e3o.jpg\" alt=\"\" width=\"800\" height=\"533\" srcset=\"https:\/\/blogs.correiobraziliense.com.br\/lianasabo\/wp-content\/uploads\/sites\/25\/2020\/02\/Boa-op\u00e7\u00e3o-no-Sul-2-Cr\u00e9ditos-Wine-Garden-Divulga\u00e7\u00e3o.jpg 800w, https:\/\/blogs.correiobraziliense.com.br\/lianasabo\/wp-content\/uploads\/sites\/25\/2020\/02\/Boa-op\u00e7\u00e3o-no-Sul-2-Cr\u00e9ditos-Wine-Garden-Divulga\u00e7\u00e3o-300x200.jpg 300w, https:\/\/blogs.correiobraziliense.com.br\/lianasabo\/wp-content\/uploads\/sites\/25\/2020\/02\/Boa-op\u00e7\u00e3o-no-Sul-2-Cr\u00e9ditos-Wine-Garden-Divulga\u00e7\u00e3o-768x512.jpg 768w, https:\/\/blogs.correiobraziliense.com.br\/lianasabo\/wp-content\/uploads\/sites\/25\/2020\/02\/Boa-op\u00e7\u00e3o-no-Sul-2-Cr\u00e9ditos-Wine-Garden-Divulga\u00e7\u00e3o-550x366.jpg 550w, https:\/\/blogs.correiobraziliense.com.br\/lianasabo\/wp-content\/uploads\/sites\/25\/2020\/02\/Boa-op\u00e7\u00e3o-no-Sul-2-Cr\u00e9ditos-Wine-Garden-Divulga\u00e7\u00e3o-230x153.jpg 230w\" sizes=\"auto, (max-width: 800px) 100vw, 800px\" \/><\/a><figcaption id=\"caption-attachment-3823\" class=\"wp-caption-text\">2020. Cr\u00e9dito: Wine Garden\/Divulga\u00e7\u00e3o. Favas Contadas. Vale dos Vinhedos tem carnaval com rock, gastronomia e muito espumante. Wine Garden, nos jardins da Miolo, traz o 4\u00ba Carnavale.<\/figcaption><\/figure>\n<p>O toque de magia fica por conta de passeios de bal\u00e3o, que ocorrem neste s\u00e1bado e domingo, com sa\u00edda do pr\u00f3prio jardim. Reservas com a Giordani Turismo, no site <a href=\"http:\/\/www.giordaniturismo.com.br\">www.giordaniturismo.com.br<\/a>. J\u00e1 o cineminha na kombi ocorre a partir do p\u00f4r do sol. Durante o dia, o rock substitui as tradicionais marchinhas.<\/p>\n<p>\u00c0 noite, h\u00e1 shows ao vivo em um palco montado no jardim. Para as crian\u00e7as, um espa\u00e7o kids garante a divers\u00e3o. \u201cA proposta \u00e9 para que todos se divirtam e curtam m\u00fasica boa em um ambiente \u00fanico e especial durante o carnaval e a vindima\u201d, destaca Giordana Miolo, uma das duas s\u00f3cias. A outra \u00e9 Gabriela Jornada. A vindima na Miolo vai at\u00e9 7 de mar\u00e7o.<\/p>\n<p>Fica no Km 21 da RS 444 e a entrada \u00e9 gratuita. Pre\u00e7os dos vinhos e espumantes variam de R$ 50 a R$ 140 e as comidinhas ficam na faixa dos R$ 35. Para saber mais sobre as atra\u00e7\u00f5es entre em contato pelos telefones: (54) 98112-0333 ou (54) 99683-1948.<\/p>\n<p><strong>A colunista viajou \u00e0 convite de Conceitocom Brasil.<\/strong><\/p>\n","protected":false},"excerpt":{"rendered":"<p>Serra ga\u00facha \u2014 Para quem quer fugir da folia do carnaval e busca comodidade, boa bebida e natureza preferindo o rock ao samba, o Vale dos Vinhedos \u00e9 o destino certo. Quase sem chuva, temperatura at\u00e9 amena para os padr\u00f5es da Serra Ga\u00facha, o Sul nesta \u00e9poca do ano \u00e9 s\u00f3 tempo bom de sol, ideal para curtir um assento [&hellip;]<\/p>\n","protected":false},"author":54,"featured_media":3822,"comment_status":"open","ping_status":"open","sticky":false,"template":"","format":"standard","meta":{"footnotes":""},"categories":[1],"tags":[70,69,68],"class_list":["post-3821","post","type-post","status-publish","format-standard","has-post-thumbnail","hentry","category-sem-categoria","tag-4o-carnevale","tag-serra-gaucha","tag-wine-garden"],"_links":{"self":[{"href":"https:\/\/blogs.correiobraziliense.com.br\/lianasabo\/wp-json\/wp\/v2\/posts\/3821","targetHints":{"allow":["GET"]}}],"collection":[{"href":"https:\/\/blogs.correiobraziliense.com.br\/lianasabo\/wp-json\/wp\/v2\/posts"}],"about":[{"href":"https:\/\/blogs.correiobraziliense.com.br\/lianasabo\/wp-json\/wp\/v2\/types\/post"}],"author":[{"embeddable":true,"href":"https:\/\/blogs.correiobraziliense.com.br\/lianasabo\/wp-json\/wp\/v2\/users\/54"}],"replies":[{"embeddable":true,"href":"https:\/\/blogs.correiobraziliense.com.br\/lianasabo\/wp-json\/wp\/v2\/comments?post=3821"}],"version-history":[{"count":1,"href":"https:\/\/blogs.correiobraziliense.com.br\/lianasabo\/wp-json\/wp\/v2\/posts\/3821\/revisions"}],"predecessor-version":[{"id":3824,"href":"https:\/\/blogs.correiobraziliense.com.br\/lianasabo\/wp-json\/wp\/v2\/posts\/3821\/revisions\/3824"}],"wp:featuredmedia":[{"embeddable":true,"href":"https:\/\/blogs.correiobraziliense.com.br\/lianasabo\/wp-json\/wp\/v2\/media\/3822"}],"wp:attachment":[{"href":"https:\/\/blogs.correiobraziliense.com.br\/lianasabo\/wp-json\/wp\/v2\/media?parent=3821"}],"wp:term":[{"taxonomy":"category","embeddable":true,"href":"https:\/\/blogs.correiobraziliense.com.br\/lianasabo\/wp-json\/wp\/v2\/categories?post=3821"},{"taxonomy":"post_tag","embeddable":true,"href":"https:\/\/blogs.correiobraziliense.com.br\/lianasabo\/wp-json\/wp\/v2\/tags?post=3821"}],"curies":[{"name":"wp","href":"https:\/\/api.w.org\/{rel}","templated":true}]}}