{"id":3800,"date":"2020-01-03T08:21:30","date_gmt":"2020-01-03T11:21:30","guid":{"rendered":"https:\/\/blogs.correiobraziliense.com.br\/lianasabo\/?p=3800"},"modified":"2020-01-02T12:24:29","modified_gmt":"2020-01-02T15:24:29","slug":"o-que-vem-por-ai","status":"publish","type":"post","link":"https:\/\/blogs.correiobraziliense.com.br\/lianasabo\/o-que-vem-por-ai\/","title":{"rendered":"O que vem por a\u00ed"},"content":{"rendered":"<p>\u2022 Desde ontem teve in\u00edcio o festival de bacalhau, que vai at\u00e9 o fim do m\u00eas nas unidades Asbac e 402 da rede Dom Francisco tanto no almo\u00e7o quanto no jantar. Entre as sugest\u00f5es est\u00e3o o bacalhau \u00e0 portuguesa, espiritual, arom\u00e1tico, a Gomes de S\u00e1 e bacalhau \u00e0 Br\u00e1s \u2013 todos v\u00eam acompanhados de arroz branco ou br\u00f3colis por R$ 115. O prato serve duas pessoas.<\/p>\n<p>\u2022 Come\u00e7a dia 11 de janeiro e vai at\u00e9 15 de fevereiro o Funn Summer 2020 junto ao Clube Ases, no qual oferece m\u00fasica, shows e gastronomia com a curadoria de Lino Fructuoso, que escalou alguns chefs, como Lui Veronese (finalista do Mestre do Sabor), Andr\u00e9 Castro, do Authoral, Marcos Akaki, consultor do Roji e Fredy Bastos do Rio Bistr\u00f4.<\/p>\n<figure id=\"attachment_3802\" aria-describedby=\"caption-attachment-3802\" style=\"width: 800px\" class=\"wp-caption aligncenter\"><a href=\"https:\/\/blogs.correiobraziliense.com.br\/lianasabo\/wp-content\/uploads\/sites\/25\/2020\/01\/CBPFOT231220181275.jpg\"><img loading=\"lazy\" decoding=\"async\" class=\"size-full wp-image-3802\" src=\"https:\/\/blogs.correiobraziliense.com.br\/lianasabo\/wp-content\/uploads\/sites\/25\/2020\/01\/CBPFOT231220181275.jpg\" alt=\"\" width=\"800\" height=\"918\" srcset=\"https:\/\/blogs.correiobraziliense.com.br\/lianasabo\/wp-content\/uploads\/sites\/25\/2020\/01\/CBPFOT231220181275.jpg 800w, https:\/\/blogs.correiobraziliense.com.br\/lianasabo\/wp-content\/uploads\/sites\/25\/2020\/01\/CBPFOT231220181275-261x300.jpg 261w, https:\/\/blogs.correiobraziliense.com.br\/lianasabo\/wp-content\/uploads\/sites\/25\/2020\/01\/CBPFOT231220181275-768x881.jpg 768w, https:\/\/blogs.correiobraziliense.com.br\/lianasabo\/wp-content\/uploads\/sites\/25\/2020\/01\/CBPFOT231220181275-550x631.jpg 550w, https:\/\/blogs.correiobraziliense.com.br\/lianasabo\/wp-content\/uploads\/sites\/25\/2020\/01\/CBPFOT231220181275-230x264.jpg 230w\" sizes=\"auto, (max-width: 800px) 100vw, 800px\" \/><\/a><figcaption id=\"caption-attachment-3802\" class=\"wp-caption-text\">Cr\u00e9dito: Sibele Negromonte\/CB\/DA.Press. Brasil. Bras\u00edlia &#8211; DF. Revista. Encontro com o chef. Prato de pato com macaxeira do chef Leandro Nunes.<\/figcaption><\/figure>\n<p>\u2022 A partir da segunda quinzena de janeiro, o chef Leandro Nunes estar\u00e1 no Le Parisien Bistrot, na 103 Norte. Al\u00e9m de entrar como s\u00f3cio, o chef paraense com forma\u00e7\u00e3o no exterior assumir\u00e1 a cozinha e j\u00e1 tem mudan\u00e7as em mente, como elaborar um menu mais enxuto, com uma pegada mais moderna, seguindo a nouvelle cuisine. Leandro contou \u00e0 coluna que usar\u00e1 muitos ingredientes brasileiros mesclando as duas culin\u00e1rias. Reservas: 3033-8426.<\/p>\n<p>\u2022 Fabiana Braga abre dia 5 de fevereiro o Rapport Caf\u00e9 e Bistr\u00f4 na 412 Norte, Bloco B, depois de a marca funcionar desde 2015 na 201 Sul. Com o mesmo card\u00e1pio executado pela chef Marina de Frias, a loja recebe remodela\u00e7\u00e3o completa assinada pelo arquiteto Gustavo Goes.<\/p>\n<p>\u2022 Depois do carnaval, a Del Maipo, importadora brasiliense que est\u00e1 entre as maiores do pa\u00eds, inaugura showroom e salas para degusta\u00e7\u00e3o em sua sede na Cidade do Autom\u00f3vel, que passou por ampla reforma. Telefone: 3363-8779.<\/p>\n<figure id=\"attachment_3801\" aria-describedby=\"caption-attachment-3801\" style=\"width: 800px\" class=\"wp-caption aligncenter\"><a href=\"https:\/\/blogs.correiobraziliense.com.br\/lianasabo\/wp-content\/uploads\/sites\/25\/2020\/01\/CBNFOT251220190778.jpg\"><img loading=\"lazy\" decoding=\"async\" class=\"size-full wp-image-3801\" src=\"https:\/\/blogs.correiobraziliense.com.br\/lianasabo\/wp-content\/uploads\/sites\/25\/2020\/01\/CBNFOT251220190778.jpg\" alt=\"\" width=\"800\" height=\"600\" srcset=\"https:\/\/blogs.correiobraziliense.com.br\/lianasabo\/wp-content\/uploads\/sites\/25\/2020\/01\/CBNFOT251220190778.jpg 800w, https:\/\/blogs.correiobraziliense.com.br\/lianasabo\/wp-content\/uploads\/sites\/25\/2020\/01\/CBNFOT251220190778-300x225.jpg 300w, https:\/\/blogs.correiobraziliense.com.br\/lianasabo\/wp-content\/uploads\/sites\/25\/2020\/01\/CBNFOT251220190778-768x576.jpg 768w, https:\/\/blogs.correiobraziliense.com.br\/lianasabo\/wp-content\/uploads\/sites\/25\/2020\/01\/CBNFOT251220190778-550x413.jpg 550w, https:\/\/blogs.correiobraziliense.com.br\/lianasabo\/wp-content\/uploads\/sites\/25\/2020\/01\/CBNFOT251220190778-230x173.jpg 230w\" sizes=\"auto, (max-width: 800px) 100vw, 800px\" \/><\/a><figcaption id=\"caption-attachment-3801\" class=\"wp-caption-text\">2019. Cr\u00e9dito: Arquivo Pessoal. Economia. S\u00e9rie: Como sobrevivi \u00e0 crise. Propriet\u00e1ria do Emp\u00f3rio \u00c1rabe, L\u00eddia Nasser.<\/figcaption><\/figure>\n<p>\u2022 Ficou pequeno para se expandir na 215 Sul o Emp\u00f3rio \u00c1rabe, que tem ao lado o Dolce Far Niente. Por isso, a chef Lidia Nasser levar\u00e1 as duas marcas, mais a japonesa Ma Yuu Sushi, para o Sudoeste, na Quadra 304 (ao lado do Bradesco), num espa\u00e7o de 700 metros quadrados. O novo complexo gastron\u00f4mico ter\u00e1 a assinatura da arquiteta Tatiana Perides. Nele, atuar\u00e3o os chef Fabio Neres e a sommeli\u00e8re Jeane Nunes. Ainda na 304, vem a\u00ed a nova loja Biscoitos Mineiros.<\/p>\n<p>\u2022 Go\u00fbt de France, o festival criado para celebrar a gastronomia francesa em todo o mundo, ser\u00e1 dia 16 de abril, tendo como foco a regi\u00e3o do Vale do Loire. O evento \u00e9 realizado h\u00e1 cinco edi\u00e7\u00f5es no m\u00eas de mar\u00e7o. Este ano, excepcionalmente, ocorre em abril.<\/p>\n","protected":false},"excerpt":{"rendered":"<p>\u2022 Desde ontem teve in\u00edcio o festival de bacalhau, que vai at\u00e9 o fim do m\u00eas nas unidades Asbac e 402 da rede Dom Francisco tanto no almo\u00e7o quanto no jantar. Entre as sugest\u00f5es est\u00e3o o bacalhau \u00e0 portuguesa, espiritual, arom\u00e1tico, a Gomes de S\u00e1 e bacalhau \u00e0 Br\u00e1s \u2013 todos v\u00eam acompanhados de arroz branco ou br\u00f3colis por R$ [&hellip;]<\/p>\n","protected":false},"author":54,"featured_media":3803,"comment_status":"open","ping_status":"open","sticky":false,"template":"","format":"standard","meta":{"footnotes":""},"categories":[1],"tags":[],"class_list":["post-3800","post","type-post","status-publish","format-standard","has-post-thumbnail","hentry","category-sem-categoria"],"_links":{"self":[{"href":"https:\/\/blogs.correiobraziliense.com.br\/lianasabo\/wp-json\/wp\/v2\/posts\/3800","targetHints":{"allow":["GET"]}}],"collection":[{"href":"https:\/\/blogs.correiobraziliense.com.br\/lianasabo\/wp-json\/wp\/v2\/posts"}],"about":[{"href":"https:\/\/blogs.correiobraziliense.com.br\/lianasabo\/wp-json\/wp\/v2\/types\/post"}],"author":[{"embeddable":true,"href":"https:\/\/blogs.correiobraziliense.com.br\/lianasabo\/wp-json\/wp\/v2\/users\/54"}],"replies":[{"embeddable":true,"href":"https:\/\/blogs.correiobraziliense.com.br\/lianasabo\/wp-json\/wp\/v2\/comments?post=3800"}],"version-history":[{"count":1,"href":"https:\/\/blogs.correiobraziliense.com.br\/lianasabo\/wp-json\/wp\/v2\/posts\/3800\/revisions"}],"predecessor-version":[{"id":3804,"href":"https:\/\/blogs.correiobraziliense.com.br\/lianasabo\/wp-json\/wp\/v2\/posts\/3800\/revisions\/3804"}],"wp:featuredmedia":[{"embeddable":true,"href":"https:\/\/blogs.correiobraziliense.com.br\/lianasabo\/wp-json\/wp\/v2\/media\/3803"}],"wp:attachment":[{"href":"https:\/\/blogs.correiobraziliense.com.br\/lianasabo\/wp-json\/wp\/v2\/media?parent=3800"}],"wp:term":[{"taxonomy":"category","embeddable":true,"href":"https:\/\/blogs.correiobraziliense.com.br\/lianasabo\/wp-json\/wp\/v2\/categories?post=3800"},{"taxonomy":"post_tag","embeddable":true,"href":"https:\/\/blogs.correiobraziliense.com.br\/lianasabo\/wp-json\/wp\/v2\/tags?post=3800"}],"curies":[{"name":"wp","href":"https:\/\/api.w.org\/{rel}","templated":true}]}}